{"id":72637,"date":"2023-04-12T20:16:38","date_gmt":"2023-04-12T19:16:38","guid":{"rendered":"https:\/\/www.teka.com\/cs-cz\/?p=72637"},"modified":"2023-04-12T20:16:38","modified_gmt":"2023-04-12T19:16:38","slug":"kompaktni-trouby","status":"publish","type":"post","link":"https:\/\/www.teka.com\/cs-cz\/inspirace\/kompaktni-trouby\/","title":{"rendered":"Pe\u010dic\u00ed trouba s mikrovlnkou &#8211; kdy se bude hodit?"},"content":{"rendered":"<p><span style=\"font-weight: 400;\">Situace na realitn\u00edm trhu se dynamicky m\u011bn\u00ed, a to nut\u00ed i n\u00e1s m\u011bnit priority p\u0159i hled\u00e1n\u00ed dom\u016f a byt\u016f ke koupi \u010di pron\u00e1jmu. Neust\u00e1le rostouc\u00ed ceny stavebn\u00edch materi\u00e1l\u016f a vysok\u00e9 \u00fav\u011brov\u00e9 n\u00e1klady n\u00e1s \u010dasto vedou k volb\u011b men\u0161\u00edch byt\u016f. Zmen\u0161en\u00e1 velikost pokoj\u016f n\u00e1s ale nemus\u00ed omezovat tolik, jak by se na prvn\u00ed pohled mohlo zd\u00e1t. Sta\u010d\u00ed chyt\u0159e vyb\u00edrat vybaven\u00ed, zejm\u00e9na dom\u00e1c\u00ed spot\u0159ebi\u010de. Do mal\u00e9 kuchyn\u011b se nemus\u00ed vej\u00edt samostatn\u00e1 trouba a voln\u011b stoj\u00edc\u00ed mikrovlnka, kter\u00e1 zabere cenn\u00fd prostor na pracovn\u00ed desce nebo ve sk\u0159\u00ed\u0148k\u00e1ch. Pokud se v\u0161ak nechcete vzd\u00e1t ani jednoho z t\u011bchto dvou spot\u0159ebi\u010d\u016f, zvolit si m\u016f\u017eete troubu se zabudovanou mikrovlnkou.<\/span><\/p>\n<p><img loading=\"lazy\" decoding=\"async\" class=\"alignnone size-full wp-image-72641\" src=\"https:\/\/www.teka.com\/cs-cz\/wp-content\/uploads\/sites\/76\/2023\/04\/piekarnik-z-mikrofala-kucharz.jpg\" alt=\"\" width=\"1296\" height=\"599\" srcset=\"https:\/\/www.teka.com\/cs-cz\/wp-content\/uploads\/sites\/76\/2023\/04\/piekarnik-z-mikrofala-kucharz.jpg 1296w, https:\/\/www.teka.com\/cs-cz\/wp-content\/uploads\/sites\/76\/2023\/04\/piekarnik-z-mikrofala-kucharz-1280x592.jpg 1280w, https:\/\/www.teka.com\/cs-cz\/wp-content\/uploads\/sites\/76\/2023\/04\/piekarnik-z-mikrofala-kucharz-980x453.jpg 980w, https:\/\/www.teka.com\/cs-cz\/wp-content\/uploads\/sites\/76\/2023\/04\/piekarnik-z-mikrofala-kucharz-480x222.jpg 480w\" sizes=\"(min-width: 0px) and (max-width: 480px) 480px, (min-width: 481px) and (max-width: 980px) 980px, (min-width: 981px) and (max-width: 1280px) 1280px, (min-width: 1281px) 1296px, 100vw\" \/><\/p>\n<h2><span style=\"font-weight: 400;\">Na co si d\u00e1t pozor p\u0159i v\u00fdb\u011bru mikrovlnn\u00e9 trouby?<\/span><\/h2>\n<p><span style=\"font-weight: 400;\">P\u0159i v\u00fdb\u011bru trouby s mikrovlnnou funkc\u00ed se vyplat\u00ed v\u011bnovat pozornost jej\u00ed velikosti. V nab\u00eddce vestavn\u00fdch trub Teka najdete modely s mo\u017enost\u00ed mikrovln v kompaktn\u00ed verzi (kompaktn\u00ed trouba). Co to znamen\u00e1? Jsou vysok\u00e9 45 centimetr\u016f, a tedy o kus men\u0161\u00ed ne\u017e b\u011b\u017en\u00e9 60centimetrov\u00e9 trouby. Vyplat\u00ed se tak\u00e9 zjistit, zda funkce mikrovln funguje ve spojen\u00ed s grilem nebo jsou u vybran\u00e9ho modelu k dispozici pouze mikrovlny. Pro\u010d je to d\u016fle\u017eit\u00e9? Z \u010dist\u011b praktick\u00e9ho hlediska. Pou\u017eit\u00edm funkce mikrovln spolu se zapnut\u00fdm grilem m\u016f\u017eete p\u0159ipravit mnohem zaj\u00edmav\u011bj\u0161\u00ed j\u00eddla ne\u017e v oby\u010dejn\u00e9 mikrovlnce \u2013\u00a0 t\u0159eba dokonale k\u0159upavou k\u016f\u017ei\u010dku nebo kr\u00e1sn\u011b osmahlou cibuli v kastrolu.<\/span><\/p>\n<h2><span style=\"font-weight: 400;\">Mikrovlnn\u00e1 trouba a jej\u00ed v\u00fdhody<\/span><\/h2>\n<p><span style=\"font-weight: 400;\">Jak u\u017e jsme zm\u00ednili v \u00favodu, trouba s funkc\u00ed mikrovlnn\u00e9 trouby m\u00e1 jednu z\u00e1sadn\u00ed v\u00fdhodu: \u0161et\u0159\u00ed m\u00edsto v kuchyni. Je ide\u00e1ln\u00ed do garsonky nebo interi\u00e9ru, kde je vzhledem k pl\u00e1novan\u00e9mu prostoru nutn\u00e9 \u0161et\u0159it m\u00edstem a po\u0159\u00e1dn\u011b promyslet jeho za\u0159\u00edzen\u00ed. Druhou velkou v\u00fdhodou je snadn\u00e9 pou\u017eit\u00ed. V\u0161e m\u00e1te na jednom m\u00edst\u011b, tak\u017ee nap\u0159\u00edklad p\u0159i vytahov\u00e1n\u00ed mra\u017een\u00e9 ve\u010de\u0159e z mraz\u00e1ku nemus\u00edte dlouze \u010dekat, a\u017e se rozmraz\u00ed. Pou\u017eijete k tomu mikrovlny. Aby pak pokrm z\u00edskal k\u0159upavou hn\u011bdou k\u016fr\u010di\u010dku, pou\u017eijete re\u017eim pe\u010den\u00ed s grilem. Dal\u0161\u00ed d\u016fle\u017eitou v\u00fdhodou je, \u017ee tyhle spot\u0159ebi\u010de maj\u00ed v\u00edce funkc\u00ed ne\u017e n\u011bkter\u00e9 klasick\u00e9 trouby. Hovo\u0159\u00edme zde nejen o b\u011b\u017en\u00e9m pe\u010den\u00ed zdola a shora nebo o horkovzduchu, ale tak\u00e9 o automatick\u00e9m rozmrazov\u00e1n\u00ed podle dan\u00e9ho \u010dasu nebo hmotnosti, rychl\u00e9m rozp\u00e1len\u00ed nebo op\u00e9k\u00e1n\u00ed pomoc\u00ed grilu a mikrovln sou\u010dasn\u011b. Jak budou tyto funkce vyu\u017e\u00edv\u00e1ny z\u00e1le\u017e\u00ed pouze na kreativit\u011b u\u017eivatele takov\u00e9ho za\u0159\u00edzen\u00ed. Mo\u017enost\u00ed je opravdu mnoho.<\/span><\/p>\n<p><img loading=\"lazy\" decoding=\"async\" class=\"alignnone size-full wp-image-72640\" src=\"https:\/\/www.teka.com\/cs-cz\/wp-content\/uploads\/sites\/76\/2023\/04\/piekarniki-z-funkcja-mikrofal-seria-Urban-Colors.jpg\" alt=\"\" width=\"1296\" height=\"337\" srcset=\"https:\/\/www.teka.com\/cs-cz\/wp-content\/uploads\/sites\/76\/2023\/04\/piekarniki-z-funkcja-mikrofal-seria-Urban-Colors.jpg 1296w, https:\/\/www.teka.com\/cs-cz\/wp-content\/uploads\/sites\/76\/2023\/04\/piekarniki-z-funkcja-mikrofal-seria-Urban-Colors-1280x333.jpg 1280w, https:\/\/www.teka.com\/cs-cz\/wp-content\/uploads\/sites\/76\/2023\/04\/piekarniki-z-funkcja-mikrofal-seria-Urban-Colors-980x255.jpg 980w, https:\/\/www.teka.com\/cs-cz\/wp-content\/uploads\/sites\/76\/2023\/04\/piekarniki-z-funkcja-mikrofal-seria-Urban-Colors-480x125.jpg 480w\" sizes=\"(min-width: 0px) and (max-width: 480px) 480px, (min-width: 481px) and (max-width: 980px) 980px, (min-width: 981px) and (max-width: 1280px) 1280px, (min-width: 1281px) 1296px, 100vw\" \/><\/p>\n<h2><span style=\"font-weight: 400;\">Nev\u00fdhody trouby s mikrovlnnou funkc\u00ed<\/span><\/h2>\n<p><span style=\"font-weight: 400;\">Spojen\u00ed trouby a mikrovlnky m\u00e1 samoz\u0159ejm\u011b i nev\u00fdhody. Tou prvn\u00ed, kter\u00e1 jde vid\u011bt pouh\u00fdm okem, je sn\u00ed\u017een\u00e1 kapacita pe\u010dic\u00ed komory. Pokud v\u0161ak ka\u017edou ned\u011bli nepe\u010dete krocana nebo pravideln\u011b neva\u0159\u00edte ve\u010de\u0159i pro 20 lid\u00ed, v\u016fbec to nepoc\u00edt\u00edte.<\/span><\/p>\n<p><span style=\"font-weight: 400;\">Dal\u0161\u00ed nev\u00fdhodou je absence pyrolytick\u00e9ho \u010di\u0161t\u011bn\u00ed. Kdo pou\u017e\u00edv\u00e1 troubu, v\u00ed, \u017ee se ob\u010das u\u0161pin\u011bn\u00ed nevyhnete. Kastrol post\u0159\u00edk\u00e1 vnit\u0159ek komory, om\u00e1\u010dka, kterou jste podl\u00e9vali pe\u010d\u00ednku, odkap\u00e1v\u00e1 na dv\u00ed\u0159ka nebo na dno trouby spadne p\u00e1r hranolek. Tak to prost\u011b je. A kdy\u017e se tak stane, na tyhle p\u0159ipe\u010den\u00e9 nehody je velmi u\u017eite\u010dn\u00e1 pyrol\u00fdza, kter\u00e1 v\u0161echny ne\u010distoty sp\u00e1l\u00ed p\u0159i vysok\u00e9 teplot\u011b. Vy je pak jen rychle set\u0159ete. Jak jsme zm\u00ednili, trouby s mikrovlnnou funkc\u00ed tuto funkci nemaj\u00ed. Mohou v\u0161ak b\u00fdt vybaven\u00e9 parn\u00edm \u010distic\u00edm syst\u00e9mem. Jak\u00e9 jsou v\u00fdhody \u010di\u0161t\u011bn\u00ed p\u00e1rou? D\u00e1 se pou\u017e\u00edvat mnohem \u010dast\u011bji, tolik nezah\u0159\u00edv\u00e1 p\u0159\u00edstroj a jeho okol\u00ed a je \u0161etrn\u00fd k \u017eivotn\u00edmu prost\u0159ed\u00ed &#8211; ne\u010distoty zm\u011bknou vlivem hork\u00e9 p\u00e1ry a nen\u00ed pot\u0159eba pou\u017e\u00edvat sapon\u00e1ty na \u010di\u0161t\u011bn\u00ed.<\/span><\/p>\n<p><img loading=\"lazy\" decoding=\"async\" class=\"alignnone size-full wp-image-72639\" src=\"https:\/\/www.teka.com\/cs-cz\/wp-content\/uploads\/sites\/76\/2023\/04\/HLC_844_C_otwarty.jpg\" alt=\"\" width=\"985\" height=\"554\" srcset=\"https:\/\/www.teka.com\/cs-cz\/wp-content\/uploads\/sites\/76\/2023\/04\/HLC_844_C_otwarty.jpg 985w, https:\/\/www.teka.com\/cs-cz\/wp-content\/uploads\/sites\/76\/2023\/04\/HLC_844_C_otwarty-980x551.jpg 980w, https:\/\/www.teka.com\/cs-cz\/wp-content\/uploads\/sites\/76\/2023\/04\/HLC_844_C_otwarty-480x270.jpg 480w\" sizes=\"(min-width: 0px) and (max-width: 480px) 480px, (min-width: 481px) and (max-width: 980px) 980px, (min-width: 981px) 985px, 100vw\" \/><\/p>\n<h2><span style=\"font-weight: 400;\">Jak\u00fd model si vybrat?<\/span><\/h2>\n<p><span style=\"font-weight: 400;\">V \u010dl\u00e1nku jsme v\u00e1m shrnuli v\u00fdhody trouby 2v1, tedy trouby s mikrovlnnou funkc\u00ed. Pokud o n\u00ed uva\u017eujete, po kter\u00e9m modelu byste mohli s\u00e1hnout?<\/span><\/p>\n<p><span style=\"font-weight: 400;\">Ur\u010dit\u011b stoj\u00ed za to bl\u00ed\u017ee se pod\u00edvat na model <a href=\"https:\/\/www.teka.com\/cs-cz\/produkt\/hlc-8440-c_111160012\/\">HLC 8440 C<\/a> z kolekce <\/span><span style=\"font-weight: 400;\">Urban<\/span><span style=\"font-weight: 400;\"> Colors<\/span><span style=\"font-weight: 400;\">. Je k dost\u00e1n\u00ed v \u010dern\u00e9m proveden\u00ed, s celosklen\u011bn\u00fdm \u010delem, bez r\u00e1me\u010dku. Takov\u00e1 trouba vypad\u00e1 mimo\u0159\u00e1dn\u011b esteticky a modern\u011b. Jej\u00ed provoz se ovl\u00e1d\u00e1 pomoc\u00ed dotykov\u00e9ho panelu Touch Control a prost\u0159ednictv\u00edm pohodln\u00fdch ergonomick\u00fdch knofl\u00edk\u016f. Pe\u010den\u00ed a va\u0159en\u00ed v\u00e1m usnadn\u00ed a\u017e 11 provozn\u00edch re\u017eim\u016f (zdola-shora, maxigril, zdola-shora+ventil\u00e1tor, maxigril+ventil\u00e1tor, zdola, zdola+hork\u00fd vzduch, hork\u00fd vzduch, ECO, mikrovlny+hork\u00fd vzduch, mikrovlny+gril, mikrovlny). 5 \u00farovn\u00ed mikrovlnn\u00e9ho v\u00fdkonu (200 &#8211; 1000W) v\u00e1m trouba umo\u017en\u00ed p\u0159esn\u011b p\u0159izp\u016fsobit chod v\u016f\u010di va\u0161im aktu\u00e1ln\u00edm preferenc\u00edm. Mezi dal\u0161\u00ed v\u00fdhody pat\u0159\u00ed tak\u00e9 speci\u00e1ln\u00ed funkce trouby: Pizza, Automatick\u00e9 rozmrazov\u00e1n\u00ed podle hmotnosti nebo \u010dasu a D\u011btsk\u00e1 pojistka. <\/span><span style=\"font-weight: 400;\">Stejn\u00e9 funkce najdete t\u0159eba i u modelu s nerezov\u00fdm r\u00e1me\u010dkem <\/span><a href=\"https:\/\/www.teka.com\/cs-cz\/search\/HLC+844+C\"><span style=\"font-weight: 400;\">HLC<\/span> <span style=\"font-weight: 400;\">844<\/span> <span style=\"font-weight: 400;\">C<\/span><\/a><span style=\"font-weight: 400;\">, kter\u00fd se bude hodit i do kuchyn\u011b vybaven\u00e9 nerezov\u00fdmi prvky.\u00a0<\/span><\/p>\n","protected":false},"excerpt":{"rendered":"<p>Situace na realitn\u00edm trhu se dynamicky m\u011bn\u00ed, a to nut\u00ed i n\u00e1s m\u011bnit priority p\u0159i hled\u00e1n\u00ed dom\u016f a byt\u016f ke koupi \u010di pron\u00e1jmu. Neust\u00e1le rostouc\u00ed ceny stavebn\u00edch materi\u00e1l\u016f a vysok\u00e9 \u00fav\u011brov\u00e9 n\u00e1klady n\u00e1s \u010dasto vedou k volb\u011b men\u0161\u00edch byt\u016f. Zmen\u0161en\u00e1 velikost pokoj\u016f n\u00e1s ale nemus\u00ed omezovat tolik, jak by se na prvn\u00ed pohled mohlo zd\u00e1t. [&hellip;]<\/p>\n","protected":false},"author":167,"featured_media":72638,"comment_status":"open","ping_status":"open","sticky":false,"template":"","format":"standard","meta":{"_acf_changed":false,"_et_pb_use_builder":"","_et_pb_old_content":"","_et_gb_content_width":"","footnotes":""},"categories":[593,614,646,647],"tags":[],"class_list":["post-72637","post","type-post","status-publish","format-standard","has-post-thumbnail","hentry","category-design","category-inspirace","category-kitchen-tipy","category-zajimavosti"],"acf":[],"yoast_head":"<!-- This site is optimized with the Yoast SEO plugin v27.5 - https:\/\/yoast.com\/product\/yoast-seo-wordpress\/ -->\n<title>Pe\u010dic\u00ed trouba s mikrovlnkou - kdy se bude hodit? | Teka CZ\/SK - Kuchyn\u00edm d\u00e1v\u00e1me du\u0161i<\/title>\n<meta name=\"description\" content=\"Situace na realitn\u00edm trhu se dynamicky m\u011bn\u00ed, a to nut\u00ed i n\u00e1s m\u011bnit priority p\u0159i hled\u00e1n\u00ed dom\u016f a byt\u016f ke koupi \u010di pron\u00e1jmu. Neust\u00e1le rostouc\u00ed ceny stavebn\u00edch materi\u00e1l\u016f a vysok\u00e9 \u00fav\u011brov\u00e9 n\u00e1klady n\u00e1s \u010dasto vedou k volb\u011b men\u0161\u00edch byt\u016f. Zmen\u0161en\u00e1 velikost pokoj\u016f n\u00e1s ale nemus\u00ed omezovat tolik, jak by se na prvn\u00ed pohled mohlo zd\u00e1t. Sta\u010d\u00ed chyt\u0159e vyb\u00edrat vybaven\u00ed, zejm\u00e9na dom\u00e1c\u00ed spot\u0159ebi\u010de. Do mal\u00e9 kuchyn\u011b se nemus\u00ed vej\u00edt samostatn\u00e1 trouba a voln\u011b stoj\u00edc\u00ed mikrovlnka, kter\u00e1 zabere cenn\u00fd prostor na pracovn\u00ed desce nebo ve sk\u0159\u00ed\u0148k\u00e1ch. Pokud se v\u0161ak nechcete vzd\u00e1t ani jednoho z t\u011bchto dvou spot\u0159ebi\u010d\u016f, zvolit si m\u016f\u017eete troubu se zabudovanou mikrovlnkou.\" \/>\n<meta name=\"robots\" content=\"index, follow, max-snippet:-1, max-image-preview:large, max-video-preview:-1\" \/>\n<link rel=\"canonical\" href=\"https:\/\/www.teka.com\/cs-cz\/inspirace\/kompaktni-trouby\/\" \/>\n<meta property=\"og:locale\" content=\"cs_CZ\" \/>\n<meta property=\"og:type\" content=\"article\" \/>\n<meta property=\"og:title\" content=\"Pe\u010dic\u00ed trouba s mikrovlnkou - kdy se bude hodit? | Teka CZ\/SK - Kuchyn\u00edm d\u00e1v\u00e1me du\u0161i\" \/>\n<meta property=\"og:description\" content=\"Situace na realitn\u00edm trhu se dynamicky m\u011bn\u00ed, a to nut\u00ed i n\u00e1s m\u011bnit priority p\u0159i hled\u00e1n\u00ed dom\u016f a byt\u016f ke koupi \u010di pron\u00e1jmu. Neust\u00e1le rostouc\u00ed ceny stavebn\u00edch materi\u00e1l\u016f a vysok\u00e9 \u00fav\u011brov\u00e9 n\u00e1klady n\u00e1s \u010dasto vedou k volb\u011b men\u0161\u00edch byt\u016f. Zmen\u0161en\u00e1 velikost pokoj\u016f n\u00e1s ale nemus\u00ed omezovat tolik, jak by se na prvn\u00ed pohled mohlo zd\u00e1t. Sta\u010d\u00ed chyt\u0159e vyb\u00edrat vybaven\u00ed, zejm\u00e9na dom\u00e1c\u00ed spot\u0159ebi\u010de. Do mal\u00e9 kuchyn\u011b se nemus\u00ed vej\u00edt samostatn\u00e1 trouba a voln\u011b stoj\u00edc\u00ed mikrovlnka, kter\u00e1 zabere cenn\u00fd prostor na pracovn\u00ed desce nebo ve sk\u0159\u00ed\u0148k\u00e1ch. Pokud se v\u0161ak nechcete vzd\u00e1t ani jednoho z t\u011bchto dvou spot\u0159ebi\u010d\u016f, zvolit si m\u016f\u017eete troubu se zabudovanou mikrovlnkou.\" \/>\n<meta property=\"og:url\" content=\"https:\/\/www.teka.com\/cs-cz\/inspirace\/kompaktni-trouby\/\" \/>\n<meta property=\"og:site_name\" content=\"Teka CZ\/SK - Kuchyn\u00edm d\u00e1v\u00e1me du\u0161i\" \/>\n<meta property=\"article:published_time\" content=\"2023-04-12T19:16:38+00:00\" \/>\n<meta property=\"og:image\" content=\"https:\/\/www.teka.com\/cs-cz\/wp-content\/uploads\/sites\/76\/2023\/04\/HLC_847_C_piekarnik-z-mikrofala.jpg\" \/>\n\t<meta property=\"og:image:width\" content=\"1296\" \/>\n\t<meta property=\"og:image:height\" content=\"381\" \/>\n\t<meta property=\"og:image:type\" content=\"image\/jpeg\" \/>\n<meta name=\"author\" content=\"mindrova\" \/>\n<meta name=\"twitter:card\" content=\"summary_large_image\" \/>\n<meta name=\"twitter:label1\" content=\"Napsal(a)\" \/>\n\t<meta name=\"twitter:data1\" content=\"mindrova\" \/>\n\t<meta name=\"twitter:label2\" content=\"Odhadovan\u00e1 doba \u010dten\u00ed\" \/>\n\t<meta name=\"twitter:data2\" content=\"5 minut\" \/>\n<script type=\"application\/ld+json\" class=\"yoast-schema-graph\">{\"@context\":\"https:\\\/\\\/schema.org\",\"@graph\":[{\"@type\":\"Article\",\"@id\":\"https:\\\/\\\/www.teka.com\\\/cs-cz\\\/inspirace\\\/kompaktni-trouby\\\/#article\",\"isPartOf\":{\"@id\":\"https:\\\/\\\/www.teka.com\\\/cs-cz\\\/inspirace\\\/kompaktni-trouby\\\/\"},\"author\":{\"name\":\"mindrova\",\"@id\":\"https:\\\/\\\/www.teka.com\\\/cs-cz\\\/#\\\/schema\\\/person\\\/12a1a640160a72b2f18bd0099b292047\"},\"headline\":\"Pe\u010dic\u00ed trouba s mikrovlnkou &#8211; kdy se bude hodit?\",\"datePublished\":\"2023-04-12T19:16:38+00:00\",\"mainEntityOfPage\":{\"@id\":\"https:\\\/\\\/www.teka.com\\\/cs-cz\\\/inspirace\\\/kompaktni-trouby\\\/\"},\"wordCount\":919,\"commentCount\":0,\"image\":{\"@id\":\"https:\\\/\\\/www.teka.com\\\/cs-cz\\\/inspirace\\\/kompaktni-trouby\\\/#primaryimage\"},\"thumbnailUrl\":\"https:\\\/\\\/www.teka.com\\\/cs-cz\\\/wp-content\\\/uploads\\\/sites\\\/76\\\/2023\\\/04\\\/HLC_847_C_piekarnik-z-mikrofala.jpg\",\"articleSection\":[\"Design\",\"Inspirace\",\"Tipy\",\"Zaj\u00edmavosti\"],\"inLanguage\":\"cs\",\"potentialAction\":[{\"@type\":\"CommentAction\",\"name\":\"Comment\",\"target\":[\"https:\\\/\\\/www.teka.com\\\/cs-cz\\\/inspirace\\\/kompaktni-trouby\\\/#respond\"]}]},{\"@type\":\"WebPage\",\"@id\":\"https:\\\/\\\/www.teka.com\\\/cs-cz\\\/inspirace\\\/kompaktni-trouby\\\/\",\"url\":\"https:\\\/\\\/www.teka.com\\\/cs-cz\\\/inspirace\\\/kompaktni-trouby\\\/\",\"name\":\"Pe\u010dic\u00ed trouba s mikrovlnkou - kdy se bude hodit? | Teka CZ\\\/SK - Kuchyn\u00edm d\u00e1v\u00e1me du\u0161i\",\"isPartOf\":{\"@id\":\"https:\\\/\\\/www.teka.com\\\/cs-cz\\\/#website\"},\"primaryImageOfPage\":{\"@id\":\"https:\\\/\\\/www.teka.com\\\/cs-cz\\\/inspirace\\\/kompaktni-trouby\\\/#primaryimage\"},\"image\":{\"@id\":\"https:\\\/\\\/www.teka.com\\\/cs-cz\\\/inspirace\\\/kompaktni-trouby\\\/#primaryimage\"},\"thumbnailUrl\":\"https:\\\/\\\/www.teka.com\\\/cs-cz\\\/wp-content\\\/uploads\\\/sites\\\/76\\\/2023\\\/04\\\/HLC_847_C_piekarnik-z-mikrofala.jpg\",\"datePublished\":\"2023-04-12T19:16:38+00:00\",\"author\":{\"@id\":\"https:\\\/\\\/www.teka.com\\\/cs-cz\\\/#\\\/schema\\\/person\\\/12a1a640160a72b2f18bd0099b292047\"},\"description\":\"Situace na realitn\u00edm trhu se dynamicky m\u011bn\u00ed, a to nut\u00ed i n\u00e1s m\u011bnit priority p\u0159i hled\u00e1n\u00ed dom\u016f a byt\u016f ke koupi \u010di pron\u00e1jmu. Neust\u00e1le rostouc\u00ed ceny stavebn\u00edch materi\u00e1l\u016f a vysok\u00e9 \u00fav\u011brov\u00e9 n\u00e1klady n\u00e1s \u010dasto vedou k volb\u011b men\u0161\u00edch byt\u016f. Zmen\u0161en\u00e1 velikost pokoj\u016f n\u00e1s ale nemus\u00ed omezovat tolik, jak by se na prvn\u00ed pohled mohlo zd\u00e1t. Sta\u010d\u00ed chyt\u0159e vyb\u00edrat vybaven\u00ed, zejm\u00e9na dom\u00e1c\u00ed spot\u0159ebi\u010de. Do mal\u00e9 kuchyn\u011b se nemus\u00ed vej\u00edt samostatn\u00e1 trouba a voln\u011b stoj\u00edc\u00ed mikrovlnka, kter\u00e1 zabere cenn\u00fd prostor na pracovn\u00ed desce nebo ve sk\u0159\u00ed\u0148k\u00e1ch. Pokud se v\u0161ak nechcete vzd\u00e1t ani jednoho z t\u011bchto dvou spot\u0159ebi\u010d\u016f, zvolit si m\u016f\u017eete troubu se zabudovanou mikrovlnkou.\",\"inLanguage\":\"cs\",\"potentialAction\":[{\"@type\":\"ReadAction\",\"target\":[\"https:\\\/\\\/www.teka.com\\\/cs-cz\\\/inspirace\\\/kompaktni-trouby\\\/\"]}]},{\"@type\":\"ImageObject\",\"inLanguage\":\"cs\",\"@id\":\"https:\\\/\\\/www.teka.com\\\/cs-cz\\\/inspirace\\\/kompaktni-trouby\\\/#primaryimage\",\"url\":\"https:\\\/\\\/www.teka.com\\\/cs-cz\\\/wp-content\\\/uploads\\\/sites\\\/76\\\/2023\\\/04\\\/HLC_847_C_piekarnik-z-mikrofala.jpg\",\"contentUrl\":\"https:\\\/\\\/www.teka.com\\\/cs-cz\\\/wp-content\\\/uploads\\\/sites\\\/76\\\/2023\\\/04\\\/HLC_847_C_piekarnik-z-mikrofala.jpg\",\"width\":1296,\"height\":381},{\"@type\":\"WebSite\",\"@id\":\"https:\\\/\\\/www.teka.com\\\/cs-cz\\\/#website\",\"url\":\"https:\\\/\\\/www.teka.com\\\/cs-cz\\\/\",\"name\":\"Teka CZ\\\/SK - Kuchyn\u00edm d\u00e1v\u00e1me du\u0161i\",\"description\":\"Teka navrhuje spot\u0159ebi\u010de, kter\u00e9 va\u0161\u00ed kuchyni dodaj\u00ed du\u0161i.\",\"potentialAction\":[{\"@type\":\"SearchAction\",\"target\":{\"@type\":\"EntryPoint\",\"urlTemplate\":\"https:\\\/\\\/www.teka.com\\\/cs-cz\\\/?s={search_term_string}\"},\"query-input\":{\"@type\":\"PropertyValueSpecification\",\"valueRequired\":true,\"valueName\":\"search_term_string\"}}],\"inLanguage\":\"cs\"},{\"@type\":\"Person\",\"@id\":\"https:\\\/\\\/www.teka.com\\\/cs-cz\\\/#\\\/schema\\\/person\\\/12a1a640160a72b2f18bd0099b292047\",\"name\":\"mindrova\",\"image\":{\"@type\":\"ImageObject\",\"inLanguage\":\"cs\",\"@id\":\"https:\\\/\\\/secure.gravatar.com\\\/avatar\\\/fcb8c058e62fc09acd3ca38235786e76a9e4418a02c8843f84ff72586f41da54?s=96&d=mm&r=g\",\"url\":\"https:\\\/\\\/secure.gravatar.com\\\/avatar\\\/fcb8c058e62fc09acd3ca38235786e76a9e4418a02c8843f84ff72586f41da54?s=96&d=mm&r=g\",\"contentUrl\":\"https:\\\/\\\/secure.gravatar.com\\\/avatar\\\/fcb8c058e62fc09acd3ca38235786e76a9e4418a02c8843f84ff72586f41da54?s=96&d=mm&r=g\",\"caption\":\"mindrova\"}}]}<\/script>\n<!-- \/ Yoast SEO plugin. -->","yoast_head_json":{"title":"Pe\u010dic\u00ed trouba s mikrovlnkou - kdy se bude hodit? | Teka CZ\/SK - Kuchyn\u00edm d\u00e1v\u00e1me du\u0161i","description":"Situace na realitn\u00edm trhu se dynamicky m\u011bn\u00ed, a to nut\u00ed i n\u00e1s m\u011bnit priority p\u0159i hled\u00e1n\u00ed dom\u016f a byt\u016f ke koupi \u010di pron\u00e1jmu. Neust\u00e1le rostouc\u00ed ceny stavebn\u00edch materi\u00e1l\u016f a vysok\u00e9 \u00fav\u011brov\u00e9 n\u00e1klady n\u00e1s \u010dasto vedou k volb\u011b men\u0161\u00edch byt\u016f. Zmen\u0161en\u00e1 velikost pokoj\u016f n\u00e1s ale nemus\u00ed omezovat tolik, jak by se na prvn\u00ed pohled mohlo zd\u00e1t. Sta\u010d\u00ed chyt\u0159e vyb\u00edrat vybaven\u00ed, zejm\u00e9na dom\u00e1c\u00ed spot\u0159ebi\u010de. Do mal\u00e9 kuchyn\u011b se nemus\u00ed vej\u00edt samostatn\u00e1 trouba a voln\u011b stoj\u00edc\u00ed mikrovlnka, kter\u00e1 zabere cenn\u00fd prostor na pracovn\u00ed desce nebo ve sk\u0159\u00ed\u0148k\u00e1ch. Pokud se v\u0161ak nechcete vzd\u00e1t ani jednoho z t\u011bchto dvou spot\u0159ebi\u010d\u016f, zvolit si m\u016f\u017eete troubu se zabudovanou mikrovlnkou.","robots":{"index":"index","follow":"follow","max-snippet":"max-snippet:-1","max-image-preview":"max-image-preview:large","max-video-preview":"max-video-preview:-1"},"canonical":"https:\/\/www.teka.com\/cs-cz\/inspirace\/kompaktni-trouby\/","og_locale":"cs_CZ","og_type":"article","og_title":"Pe\u010dic\u00ed trouba s mikrovlnkou - kdy se bude hodit? | Teka CZ\/SK - Kuchyn\u00edm d\u00e1v\u00e1me du\u0161i","og_description":"Situace na realitn\u00edm trhu se dynamicky m\u011bn\u00ed, a to nut\u00ed i n\u00e1s m\u011bnit priority p\u0159i hled\u00e1n\u00ed dom\u016f a byt\u016f ke koupi \u010di pron\u00e1jmu. Neust\u00e1le rostouc\u00ed ceny stavebn\u00edch materi\u00e1l\u016f a vysok\u00e9 \u00fav\u011brov\u00e9 n\u00e1klady n\u00e1s \u010dasto vedou k volb\u011b men\u0161\u00edch byt\u016f. Zmen\u0161en\u00e1 velikost pokoj\u016f n\u00e1s ale nemus\u00ed omezovat tolik, jak by se na prvn\u00ed pohled mohlo zd\u00e1t. Sta\u010d\u00ed chyt\u0159e vyb\u00edrat vybaven\u00ed, zejm\u00e9na dom\u00e1c\u00ed spot\u0159ebi\u010de. Do mal\u00e9 kuchyn\u011b se nemus\u00ed vej\u00edt samostatn\u00e1 trouba a voln\u011b stoj\u00edc\u00ed mikrovlnka, kter\u00e1 zabere cenn\u00fd prostor na pracovn\u00ed desce nebo ve sk\u0159\u00ed\u0148k\u00e1ch. Pokud se v\u0161ak nechcete vzd\u00e1t ani jednoho z t\u011bchto dvou spot\u0159ebi\u010d\u016f, zvolit si m\u016f\u017eete troubu se zabudovanou mikrovlnkou.","og_url":"https:\/\/www.teka.com\/cs-cz\/inspirace\/kompaktni-trouby\/","og_site_name":"Teka CZ\/SK - Kuchyn\u00edm d\u00e1v\u00e1me du\u0161i","article_published_time":"2023-04-12T19:16:38+00:00","og_image":[{"width":1296,"height":381,"url":"https:\/\/www.teka.com\/cs-cz\/wp-content\/uploads\/sites\/76\/2023\/04\/HLC_847_C_piekarnik-z-mikrofala.jpg","type":"image\/jpeg"}],"author":"mindrova","twitter_card":"summary_large_image","twitter_misc":{"Napsal(a)":"mindrova","Odhadovan\u00e1 doba \u010dten\u00ed":"5 minut"},"schema":{"@context":"https:\/\/schema.org","@graph":[{"@type":"Article","@id":"https:\/\/www.teka.com\/cs-cz\/inspirace\/kompaktni-trouby\/#article","isPartOf":{"@id":"https:\/\/www.teka.com\/cs-cz\/inspirace\/kompaktni-trouby\/"},"author":{"name":"mindrova","@id":"https:\/\/www.teka.com\/cs-cz\/#\/schema\/person\/12a1a640160a72b2f18bd0099b292047"},"headline":"Pe\u010dic\u00ed trouba s mikrovlnkou &#8211; kdy se bude hodit?","datePublished":"2023-04-12T19:16:38+00:00","mainEntityOfPage":{"@id":"https:\/\/www.teka.com\/cs-cz\/inspirace\/kompaktni-trouby\/"},"wordCount":919,"commentCount":0,"image":{"@id":"https:\/\/www.teka.com\/cs-cz\/inspirace\/kompaktni-trouby\/#primaryimage"},"thumbnailUrl":"https:\/\/www.teka.com\/cs-cz\/wp-content\/uploads\/sites\/76\/2023\/04\/HLC_847_C_piekarnik-z-mikrofala.jpg","articleSection":["Design","Inspirace","Tipy","Zaj\u00edmavosti"],"inLanguage":"cs","potentialAction":[{"@type":"CommentAction","name":"Comment","target":["https:\/\/www.teka.com\/cs-cz\/inspirace\/kompaktni-trouby\/#respond"]}]},{"@type":"WebPage","@id":"https:\/\/www.teka.com\/cs-cz\/inspirace\/kompaktni-trouby\/","url":"https:\/\/www.teka.com\/cs-cz\/inspirace\/kompaktni-trouby\/","name":"Pe\u010dic\u00ed trouba s mikrovlnkou - kdy se bude hodit? | Teka CZ\/SK - Kuchyn\u00edm d\u00e1v\u00e1me du\u0161i","isPartOf":{"@id":"https:\/\/www.teka.com\/cs-cz\/#website"},"primaryImageOfPage":{"@id":"https:\/\/www.teka.com\/cs-cz\/inspirace\/kompaktni-trouby\/#primaryimage"},"image":{"@id":"https:\/\/www.teka.com\/cs-cz\/inspirace\/kompaktni-trouby\/#primaryimage"},"thumbnailUrl":"https:\/\/www.teka.com\/cs-cz\/wp-content\/uploads\/sites\/76\/2023\/04\/HLC_847_C_piekarnik-z-mikrofala.jpg","datePublished":"2023-04-12T19:16:38+00:00","author":{"@id":"https:\/\/www.teka.com\/cs-cz\/#\/schema\/person\/12a1a640160a72b2f18bd0099b292047"},"description":"Situace na realitn\u00edm trhu se dynamicky m\u011bn\u00ed, a to nut\u00ed i n\u00e1s m\u011bnit priority p\u0159i hled\u00e1n\u00ed dom\u016f a byt\u016f ke koupi \u010di pron\u00e1jmu. Neust\u00e1le rostouc\u00ed ceny stavebn\u00edch materi\u00e1l\u016f a vysok\u00e9 \u00fav\u011brov\u00e9 n\u00e1klady n\u00e1s \u010dasto vedou k volb\u011b men\u0161\u00edch byt\u016f. Zmen\u0161en\u00e1 velikost pokoj\u016f n\u00e1s ale nemus\u00ed omezovat tolik, jak by se na prvn\u00ed pohled mohlo zd\u00e1t. Sta\u010d\u00ed chyt\u0159e vyb\u00edrat vybaven\u00ed, zejm\u00e9na dom\u00e1c\u00ed spot\u0159ebi\u010de. Do mal\u00e9 kuchyn\u011b se nemus\u00ed vej\u00edt samostatn\u00e1 trouba a voln\u011b stoj\u00edc\u00ed mikrovlnka, kter\u00e1 zabere cenn\u00fd prostor na pracovn\u00ed desce nebo ve sk\u0159\u00ed\u0148k\u00e1ch. Pokud se v\u0161ak nechcete vzd\u00e1t ani jednoho z t\u011bchto dvou spot\u0159ebi\u010d\u016f, zvolit si m\u016f\u017eete troubu se zabudovanou mikrovlnkou.","inLanguage":"cs","potentialAction":[{"@type":"ReadAction","target":["https:\/\/www.teka.com\/cs-cz\/inspirace\/kompaktni-trouby\/"]}]},{"@type":"ImageObject","inLanguage":"cs","@id":"https:\/\/www.teka.com\/cs-cz\/inspirace\/kompaktni-trouby\/#primaryimage","url":"https:\/\/www.teka.com\/cs-cz\/wp-content\/uploads\/sites\/76\/2023\/04\/HLC_847_C_piekarnik-z-mikrofala.jpg","contentUrl":"https:\/\/www.teka.com\/cs-cz\/wp-content\/uploads\/sites\/76\/2023\/04\/HLC_847_C_piekarnik-z-mikrofala.jpg","width":1296,"height":381},{"@type":"WebSite","@id":"https:\/\/www.teka.com\/cs-cz\/#website","url":"https:\/\/www.teka.com\/cs-cz\/","name":"Teka CZ\/SK - Kuchyn\u00edm d\u00e1v\u00e1me du\u0161i","description":"Teka navrhuje spot\u0159ebi\u010de, kter\u00e9 va\u0161\u00ed kuchyni dodaj\u00ed du\u0161i.","potentialAction":[{"@type":"SearchAction","target":{"@type":"EntryPoint","urlTemplate":"https:\/\/www.teka.com\/cs-cz\/?s={search_term_string}"},"query-input":{"@type":"PropertyValueSpecification","valueRequired":true,"valueName":"search_term_string"}}],"inLanguage":"cs"},{"@type":"Person","@id":"https:\/\/www.teka.com\/cs-cz\/#\/schema\/person\/12a1a640160a72b2f18bd0099b292047","name":"mindrova","image":{"@type":"ImageObject","inLanguage":"cs","@id":"https:\/\/secure.gravatar.com\/avatar\/fcb8c058e62fc09acd3ca38235786e76a9e4418a02c8843f84ff72586f41da54?s=96&d=mm&r=g","url":"https:\/\/secure.gravatar.com\/avatar\/fcb8c058e62fc09acd3ca38235786e76a9e4418a02c8843f84ff72586f41da54?s=96&d=mm&r=g","contentUrl":"https:\/\/secure.gravatar.com\/avatar\/fcb8c058e62fc09acd3ca38235786e76a9e4418a02c8843f84ff72586f41da54?s=96&d=mm&r=g","caption":"mindrova"}}]}},"_links":{"self":[{"href":"https:\/\/www.teka.com\/cs-cz\/wp-json\/wp\/v2\/posts\/72637","targetHints":{"allow":["GET"]}}],"collection":[{"href":"https:\/\/www.teka.com\/cs-cz\/wp-json\/wp\/v2\/posts"}],"about":[{"href":"https:\/\/www.teka.com\/cs-cz\/wp-json\/wp\/v2\/types\/post"}],"author":[{"embeddable":true,"href":"https:\/\/www.teka.com\/cs-cz\/wp-json\/wp\/v2\/users\/167"}],"replies":[{"embeddable":true,"href":"https:\/\/www.teka.com\/cs-cz\/wp-json\/wp\/v2\/comments?post=72637"}],"version-history":[{"count":1,"href":"https:\/\/www.teka.com\/cs-cz\/wp-json\/wp\/v2\/posts\/72637\/revisions"}],"predecessor-version":[{"id":72643,"href":"https:\/\/www.teka.com\/cs-cz\/wp-json\/wp\/v2\/posts\/72637\/revisions\/72643"}],"wp:featuredmedia":[{"embeddable":true,"href":"https:\/\/www.teka.com\/cs-cz\/wp-json\/wp\/v2\/media\/72638"}],"wp:attachment":[{"href":"https:\/\/www.teka.com\/cs-cz\/wp-json\/wp\/v2\/media?parent=72637"}],"wp:term":[{"taxonomy":"category","embeddable":true,"href":"https:\/\/www.teka.com\/cs-cz\/wp-json\/wp\/v2\/categories?post=72637"},{"taxonomy":"post_tag","embeddable":true,"href":"https:\/\/www.teka.com\/cs-cz\/wp-json\/wp\/v2\/tags?post=72637"}],"curies":[{"name":"wp","href":"https:\/\/api.w.org\/{rel}","templated":true}]}}