{"id":3413,"count":0,"description":"<h2>Typy pra\u010dek se su\u0161i\u010dkou dostupn\u00e9 na webu Teka<\/h2>\r\n<br \/>U pra\u010dek se su\u0161i\u010dkou Teka u\u017e nen\u00ed prostor probl\u00e9mem. Tyto spot\u0159ebi\u010de nab\u00edzej\u00ed v\u0161echny funkce pra\u010dky i su\u0161i\u010dky pr\u00e1dla \u2013 v\u0161e v jednom spot\u0159ebi\u010di. Oble\u010den\u00ed m\u016f\u017eete m\u00edt vypran\u00e9 a vysu\u0161en\u00e9 b\u011bhem chvilky, ani\u017e byste museli m\u011bnit m\u00edsto nebo je museli v\u011b\u0161et. To v\u0161e zajist\u00ed skv\u011blou p\u00e9\u010di o va\u0161e od\u011bvy a dos\u00e1hnete nejlep\u0161\u00edch v\u00fdsledk\u016f p\u0159i ochran\u011b va\u0161ich od\u011bv\u016f.<br \/>\r\n<h3>Vestav\u011bn\u00e9 pra\u010dky se su\u0161i\u010dkou<\/h3>\r\n<br \/>Vestav\u011bn\u00e9 pra\u010dky se su\u0161i\u010dkou Teka maj\u00ed kapacitu 8 kg pro pran\u00ed pr\u00e1dla a kapacitu 5 kg pro su\u0161en\u00ed. Maj\u00ed a\u017e 13 r\u016fzn\u00fdch program\u016f pro pran\u00ed r\u016fzn\u00fdch typ\u016f od\u011bv\u016f a 2 programy pro su\u0161en\u00ed.<br \/>\r\n<h3>Velkokapacitn\u00ed pra\u010dky se su\u0161i\u010dkou<\/h3>\r\n<br \/>Voln\u011b stoj\u00edc\u00ed velkokapacitn\u00ed pra\u010dky se su\u0161i\u010dkou jsou ide\u00e1ln\u00ed pro pran\u00ed velk\u00e9ho mno\u017estv\u00ed pr\u00e1dla s kapacitou pran\u00ed 10 kg a kapacitou 7 kg na su\u0161en\u00ed pr\u00e1dla. Maj\u00ed tak\u00e9 buben SoftCare se silikonov\u00fdmi \u010depelemi. Stejn\u011b tak jsou opat\u0159eny certifika\u010dn\u00ed zna\u010dkou WoolMark, kter\u00e1 zaji\u0161\u0165uje maxim\u00e1ln\u00ed p\u00e9\u010di o nejjemn\u011bj\u0161\u00ed od\u011bvy.<br \/>\r\n<h3>Jak\u00e9 jsou v\u00fdhody pra\u010dky se su\u0161i\u010dkou?<\/h3>\r\n<br \/>Pra\u010dky se su\u0161i\u010dkou v\u00e1m nab\u00edzej\u00ed dva spot\u0159ebi\u010de v prostoru jednoho. Oble\u010den\u00ed m\u016f\u017eete vyprat a pot\u00e9 su\u0161it, ani\u017e byste je vyndali ze spot\u0159ebi\u010de. To znamen\u00e1 \u00fasporu \u010dasu a prostoru a tak\u00e9 v\u0161estrannost vzhledem k tomu, \u017ee jejich r\u016fzn\u00e9 funkce m\u016f\u017eete pou\u017e\u00edvat i samostatn\u011b.<br \/>\r\n<h3>Jak\u00e1 je maxim\u00e1ln\u00ed kapacita pra\u010dky se su\u0161i\u010dkou?<\/h3>\r\n<br \/>Pra\u010dka se su\u0161i\u010dkou Teka SPA TKD 1610 WD m\u00e1 kapacitu 10 kg pro pran\u00ed a 7 kg pro su\u0161en\u00ed.","link":"https:\/\/www.teka.com\/cs-cz\/prani\/pracky-se-susickou\/","name":"TEKA-Washer Dryers","slug":"pracky-se-susickou","taxonomy":"product_cat","parent":33289,"meta":[],"acf":[],"yoast_head":"<!-- This site is optimized with the Yoast SEO plugin v27.5 - https:\/\/yoast.com\/product\/yoast-seo-wordpress\/ -->\n<title>Pra\u010dka se su\u0161i\u010dkou | Teka<\/title>\n<meta name=\"description\" content=\"Va\u0161e n\u00edzkoenergetick\u00e1 pra\u010dka se su\u0161i\u010dkou Teka s kapacitou 8-10 kg. U\u0161et\u0159ete m\u00edsto a u\u017eijte si nejlep\u0161\u00ed l\u00e1ze\u0148skou technologii Teka!\" \/>\n<meta name=\"robots\" content=\"index, follow, max-snippet:-1, max-image-preview:large, max-video-preview:-1\" \/>\n<link rel=\"canonical\" href=\"https:\/\/www.teka.com\/cs-cz\/prani\/pracky-se-susickou\/\" \/>\n<meta property=\"og:locale\" content=\"cs_CZ\" \/>\n<meta property=\"og:type\" content=\"article\" \/>\n<meta property=\"og:title\" content=\"Pra\u010dka se su\u0161i\u010dkou | Teka\" \/>\n<meta property=\"og:description\" content=\"Va\u0161e n\u00edzkoenergetick\u00e1 pra\u010dka se su\u0161i\u010dkou Teka s kapacitou 8-10 kg. U\u0161et\u0159ete m\u00edsto a u\u017eijte si nejlep\u0161\u00ed l\u00e1ze\u0148skou technologii Teka!\" \/>\n<meta property=\"og:url\" content=\"https:\/\/www.teka.com\/cs-cz\/prani\/pracky-se-susickou\/\" \/>\n<meta property=\"og:site_name\" content=\"Teka CZ\/SK - Kuchyn\u00edm d\u00e1v\u00e1me du\u0161i\" \/>\n<meta name=\"twitter:card\" content=\"summary_large_image\" \/>\n<script type=\"application\/ld+json\" class=\"yoast-schema-graph\">{\"@context\":\"https:\\\/\\\/schema.org\",\"@graph\":[{\"@type\":\"CollectionPage\",\"@id\":\"https:\\\/\\\/www.teka.com\\\/cs-cz\\\/prani\\\/pracky-se-susickou\\\/\",\"url\":\"https:\\\/\\\/www.teka.com\\\/cs-cz\\\/prani\\\/pracky-se-susickou\\\/\",\"name\":\"Pra\u010dka se su\u0161i\u010dkou | Teka\",\"isPartOf\":{\"@id\":\"https:\\\/\\\/www.teka.com\\\/cs-cz\\\/#website\"},\"description\":\"Va\u0161e n\u00edzkoenergetick\u00e1 pra\u010dka se su\u0161i\u010dkou Teka s kapacitou 8-10 kg. U\u0161et\u0159ete m\u00edsto a u\u017eijte si nejlep\u0161\u00ed l\u00e1ze\u0148skou technologii Teka!\",\"breadcrumb\":{\"@id\":\"https:\\\/\\\/www.teka.com\\\/cs-cz\\\/prani\\\/pracky-se-susickou\\\/#breadcrumb\"},\"inLanguage\":\"cs\"},{\"@type\":\"BreadcrumbList\",\"@id\":\"https:\\\/\\\/www.teka.com\\\/cs-cz\\\/prani\\\/pracky-se-susickou\\\/#breadcrumb\",\"itemListElement\":[{\"@type\":\"ListItem\",\"position\":1,\"name\":\"TEKA-Laundry\",\"item\":\"https:\\\/\\\/www.teka.com\\\/cs-cz\\\/prani\\\/\"},{\"@type\":\"ListItem\",\"position\":2,\"name\":\"TEKA-Washer Dryers\"}]},{\"@type\":\"WebSite\",\"@id\":\"https:\\\/\\\/www.teka.com\\\/cs-cz\\\/#website\",\"url\":\"https:\\\/\\\/www.teka.com\\\/cs-cz\\\/\",\"name\":\"Teka CZ\\\/SK - Kuchyn\u00edm d\u00e1v\u00e1me du\u0161i\",\"description\":\"Teka navrhuje spot\u0159ebi\u010de, kter\u00e9 va\u0161\u00ed kuchyni dodaj\u00ed du\u0161i.\",\"potentialAction\":[{\"@type\":\"SearchAction\",\"target\":{\"@type\":\"EntryPoint\",\"urlTemplate\":\"https:\\\/\\\/www.teka.com\\\/cs-cz\\\/?s={search_term_string}\"},\"query-input\":{\"@type\":\"PropertyValueSpecification\",\"valueRequired\":true,\"valueName\":\"search_term_string\"}}],\"inLanguage\":\"cs\"}]}<\/script>\n<!-- \/ Yoast SEO plugin. -->","yoast_head_json":{"title":"Pra\u010dka se su\u0161i\u010dkou | Teka","description":"Va\u0161e n\u00edzkoenergetick\u00e1 pra\u010dka se su\u0161i\u010dkou Teka s kapacitou 8-10 kg. U\u0161et\u0159ete m\u00edsto a u\u017eijte si nejlep\u0161\u00ed l\u00e1ze\u0148skou technologii Teka!","robots":{"index":"index","follow":"follow","max-snippet":"max-snippet:-1","max-image-preview":"max-image-preview:large","max-video-preview":"max-video-preview:-1"},"canonical":"https:\/\/www.teka.com\/cs-cz\/prani\/pracky-se-susickou\/","og_locale":"cs_CZ","og_type":"article","og_title":"Pra\u010dka se su\u0161i\u010dkou | Teka","og_description":"Va\u0161e n\u00edzkoenergetick\u00e1 pra\u010dka se su\u0161i\u010dkou Teka s kapacitou 8-10 kg. U\u0161et\u0159ete m\u00edsto a u\u017eijte si nejlep\u0161\u00ed l\u00e1ze\u0148skou technologii Teka!","og_url":"https:\/\/www.teka.com\/cs-cz\/prani\/pracky-se-susickou\/","og_site_name":"Teka CZ\/SK - Kuchyn\u00edm d\u00e1v\u00e1me du\u0161i","twitter_card":"summary_large_image","schema":{"@context":"https:\/\/schema.org","@graph":[{"@type":"CollectionPage","@id":"https:\/\/www.teka.com\/cs-cz\/prani\/pracky-se-susickou\/","url":"https:\/\/www.teka.com\/cs-cz\/prani\/pracky-se-susickou\/","name":"Pra\u010dka se su\u0161i\u010dkou | Teka","isPartOf":{"@id":"https:\/\/www.teka.com\/cs-cz\/#website"},"description":"Va\u0161e n\u00edzkoenergetick\u00e1 pra\u010dka se su\u0161i\u010dkou Teka s kapacitou 8-10 kg. U\u0161et\u0159ete m\u00edsto a u\u017eijte si nejlep\u0161\u00ed l\u00e1ze\u0148skou technologii Teka!","breadcrumb":{"@id":"https:\/\/www.teka.com\/cs-cz\/prani\/pracky-se-susickou\/#breadcrumb"},"inLanguage":"cs"},{"@type":"BreadcrumbList","@id":"https:\/\/www.teka.com\/cs-cz\/prani\/pracky-se-susickou\/#breadcrumb","itemListElement":[{"@type":"ListItem","position":1,"name":"TEKA-Laundry","item":"https:\/\/www.teka.com\/cs-cz\/prani\/"},{"@type":"ListItem","position":2,"name":"TEKA-Washer Dryers"}]},{"@type":"WebSite","@id":"https:\/\/www.teka.com\/cs-cz\/#website","url":"https:\/\/www.teka.com\/cs-cz\/","name":"Teka CZ\/SK - Kuchyn\u00edm d\u00e1v\u00e1me du\u0161i","description":"Teka navrhuje spot\u0159ebi\u010de, kter\u00e9 va\u0161\u00ed kuchyni dodaj\u00ed du\u0161i.","potentialAction":[{"@type":"SearchAction","target":{"@type":"EntryPoint","urlTemplate":"https:\/\/www.teka.com\/cs-cz\/?s={search_term_string}"},"query-input":{"@type":"PropertyValueSpecification","valueRequired":true,"valueName":"search_term_string"}}],"inLanguage":"cs"}]}},"_links":{"self":[{"href":"https:\/\/www.teka.com\/cs-cz\/wp-json\/wp\/v2\/product_cat\/3413","targetHints":{"allow":["GET"]}}],"collection":[{"href":"https:\/\/www.teka.com\/cs-cz\/wp-json\/wp\/v2\/product_cat"}],"about":[{"href":"https:\/\/www.teka.com\/cs-cz\/wp-json\/wp\/v2\/taxonomies\/product_cat"}],"up":[{"embeddable":true,"href":"https:\/\/www.teka.com\/cs-cz\/wp-json\/wp\/v2\/product_cat\/33289"}],"wp:post_type":[{"href":"https:\/\/www.teka.com\/cs-cz\/wp-json\/wp\/v2\/product?product_cat=3413"}],"curies":[{"name":"wp","href":"https:\/\/api.w.org\/{rel}","templated":true}]}}