{"id":62890,"date":"2018-12-05T13:40:29","date_gmt":"2018-12-05T12:40:29","guid":{"rendered":"https:\/\/teka.com\/es-co\/?p=62890"},"modified":"2020-01-09T10:51:05","modified_gmt":"2020-01-09T09:51:05","slug":"alcachofas-asadas-al-horno-con-avellana-y-allioli-de-miel","status":"publish","type":"post","link":"https:\/\/www.teka.com\/es-co\/inspiracion\/cocina\/alcachofas-asadas-al-horno-con-avellana-y-allioli-de-miel\/","title":{"rendered":"Alcachofas asadas al horno con avellana y allioli de miel"},"content":{"rendered":"<p><iframe loading=\"lazy\" width=\"1080\" height=\"608\" src=\"https:\/\/www.youtube.com\/embed\/GmajAweIEVg?feature=oembed\" frameborder=\"0\" allow=\"accelerometer; autoplay; encrypted-media; gyroscope; picture-in-picture\" allowfullscreen><\/iframe><\/p>\n<p><strong>En Navidad<\/strong>, los <strong>aperitivos<\/strong> inauguran las comidas y cenas adornando las mesas con sus colores y combinaciones de sabores. Estos <strong>peque\u00f1os bocados<\/strong> son la excusa perfecta para lucirte con tu <strong>men\u00fa navide\u00f1o<\/strong> y seguro que lo har\u00e1s siguiendo esta receta para preparar <strong>alcachofas gratinadas al horno.<\/strong><\/p>\n<h2>Ingredientes:<\/h2>\n<ul>\n<li>Alcachofas frescas.<\/li>\n<\/ul>\n<p>Para el relleno:<\/p>\n<ul>\n<li>50gr de avellanas.<\/li>\n<li>50gr de cebolla caramelizada.<\/li>\n<\/ul>\n<p>Para la salsa:<\/p>\n<ul>\n<li>75gr de mayonesa.<\/li>\n<li>Miel.<\/li>\n<\/ul>\n<h2>C\u00f3mo se prepara:<\/h2>\n<p><strong>Primero<\/strong> pon a hervir durante 10min las alcachofas frescas en una olla con agua a fuego medio.<\/p>\n<p><strong>Cuando est\u00e9n hervidas, d\u00e9jalas enfriar<\/strong>. Una vez est\u00e9n fr\u00edas, p\u00e1rtelas por la mitad y corta las puntas para aprovechar solo el coraz\u00f3n de las alcachofas. Prepara una bandeja para horno con papel antiadherente y col\u00f3calas ligeramente separadas mirando hacia arriba, ya que es el centro de la alcachofa lo que vamos a rellenar.<\/p>\n<p><strong>Para el relleno<\/strong> de nuestras alcachofas, machaca en un mortero 50gr de avellanas y 50gr de cebolla caramelizada. Por otro lado, mezcla 75gr de mayonesa con un chorrito de miel <strong>para preparar la salsa<\/strong>. Rellena cada alcachofa con una cucharada de avellanas y cebolla y extiende por encima un chorrito de mayonesa con miel.<\/p>\n<p><strong>Calienta el horno a 230\u00ba y gratina las alcachofas<\/strong> durante 10 minutos hasta que queden doraditas por fuera.<\/p>\n<p><strong>Coloca las alcachofas gratinadas en una fuente navide\u00f1a<\/strong> y decora tu mesa con este delicioso aperitivo. Recuerda servirlo caliente.<\/p>\n<p>&nbsp;<\/p>\n<p><strong>Modelo<\/strong> Horno HLB 860 P DualClean de Teka<\/p>\n","protected":false},"excerpt":{"rendered":"<p>En Navidad, los aperitivos inauguran las comidas y cenas adornando las mesas con sus colores y combinaciones de sabores. Estos peque\u00f1os bocados son la excusa perfecta para lucirte con tu men\u00fa navide\u00f1o y seguro que lo har\u00e1s siguiendo esta receta para preparar alcachofas gratinadas al horno. Ingredientes: Alcachofas frescas. Para el relleno: 50gr de avellanas. [&hellip;]<\/p>\n","protected":false},"author":9,"featured_media":62894,"comment_status":"open","ping_status":"open","sticky":false,"template":"","format":"standard","meta":{"_acf_changed":false,"_et_pb_use_builder":"","_et_pb_old_content":"","_et_gb_content_width":"","footnotes":""},"categories":[2807,3129],"tags":[],"class_list":["post-62890","post","type-post","status-publish","format-standard","has-post-thumbnail","hentry","category-cocina","category-videorecetas"],"acf":[],"yoast_head":"<!-- This site is optimized with the Yoast SEO plugin v27.5 - https:\/\/yoast.com\/product\/yoast-seo-wordpress\/ -->\n<title>Alcachofas asadas al horno con avellana y allioli de miel | Teka Colombia<\/title>\n<meta name=\"robots\" content=\"index, follow, max-snippet:-1, max-image-preview:large, max-video-preview:-1\" \/>\n<link rel=\"canonical\" href=\"https:\/\/www.teka.com\/es-co\/inspiracion\/cocina\/alcachofas-asadas-al-horno-con-avellana-y-allioli-de-miel\/\" \/>\n<meta property=\"og:locale\" content=\"es_ES\" \/>\n<meta property=\"og:type\" content=\"article\" \/>\n<meta property=\"og:title\" content=\"Alcachofas asadas al horno con avellana y allioli de miel | Teka Colombia\" \/>\n<meta property=\"og:description\" content=\"En Navidad, los aperitivos inauguran las comidas y cenas adornando las mesas con sus colores y combinaciones de sabores. Estos peque\u00f1os bocados son la excusa perfecta para lucirte con tu men\u00fa navide\u00f1o y seguro que lo har\u00e1s siguiendo esta receta para preparar alcachofas gratinadas al horno. Ingredientes: Alcachofas frescas. Para el relleno: 50gr de avellanas. [&hellip;]\" \/>\n<meta property=\"og:url\" content=\"https:\/\/www.teka.com\/es-co\/inspiracion\/cocina\/alcachofas-asadas-al-horno-con-avellana-y-allioli-de-miel\/\" \/>\n<meta property=\"og:site_name\" content=\"Teka Colombia\" \/>\n<meta property=\"article:published_time\" content=\"2018-12-05T12:40:29+00:00\" \/>\n<meta property=\"article:modified_time\" content=\"2020-01-09T09:51:05+00:00\" \/>\n<meta property=\"og:image\" content=\"https:\/\/www.teka.com\/es-co\/wp-content\/uploads\/sites\/54\/2018\/12\/Alcachofas-asadas-al-horno-con-avellana-y-allioli-.jpg\" \/>\n\t<meta property=\"og:image:width\" content=\"700\" \/>\n\t<meta property=\"og:image:height\" content=\"436\" \/>\n\t<meta property=\"og:image:type\" content=\"image\/jpeg\" \/>\n<meta name=\"author\" content=\"Teka\" \/>\n<meta name=\"twitter:card\" content=\"summary_large_image\" \/>\n<meta name=\"twitter:label1\" content=\"Escrito por\" \/>\n\t<meta name=\"twitter:data1\" content=\"Teka\" \/>\n\t<meta name=\"twitter:label2\" content=\"Tiempo de lectura\" \/>\n\t<meta name=\"twitter:data2\" content=\"1 minuto\" \/>\n<script type=\"application\/ld+json\" class=\"yoast-schema-graph\">{\"@context\":\"https:\\\/\\\/schema.org\",\"@graph\":[{\"@type\":\"Article\",\"@id\":\"https:\\\/\\\/www.teka.com\\\/es-co\\\/inspiracion\\\/cocina\\\/alcachofas-asadas-al-horno-con-avellana-y-allioli-de-miel\\\/#article\",\"isPartOf\":{\"@id\":\"https:\\\/\\\/www.teka.com\\\/es-co\\\/inspiracion\\\/cocina\\\/alcachofas-asadas-al-horno-con-avellana-y-allioli-de-miel\\\/\"},\"author\":{\"name\":\"Teka\",\"@id\":\"https:\\\/\\\/www.teka.com\\\/es-co\\\/#\\\/schema\\\/person\\\/389c2a8cea37a99bbd0e94669540e27f\"},\"headline\":\"Alcachofas asadas al horno con avellana y allioli de miel\",\"datePublished\":\"2018-12-05T12:40:29+00:00\",\"dateModified\":\"2020-01-09T09:51:05+00:00\",\"mainEntityOfPage\":{\"@id\":\"https:\\\/\\\/www.teka.com\\\/es-co\\\/inspiracion\\\/cocina\\\/alcachofas-asadas-al-horno-con-avellana-y-allioli-de-miel\\\/\"},\"wordCount\":264,\"commentCount\":0,\"publisher\":{\"@id\":\"https:\\\/\\\/www.teka.com\\\/es-co\\\/#organization\"},\"image\":{\"@id\":\"https:\\\/\\\/www.teka.com\\\/es-co\\\/inspiracion\\\/cocina\\\/alcachofas-asadas-al-horno-con-avellana-y-allioli-de-miel\\\/#primaryimage\"},\"thumbnailUrl\":\"https:\\\/\\\/www.teka.com\\\/es-co\\\/wp-content\\\/uploads\\\/sites\\\/54\\\/2018\\\/12\\\/Alcachofas-asadas-al-horno-con-avellana-y-allioli-.jpg\",\"articleSection\":[\"Cocina\",\"Videorecetas\"],\"inLanguage\":\"es\",\"potentialAction\":[{\"@type\":\"CommentAction\",\"name\":\"Comment\",\"target\":[\"https:\\\/\\\/www.teka.com\\\/es-co\\\/inspiracion\\\/cocina\\\/alcachofas-asadas-al-horno-con-avellana-y-allioli-de-miel\\\/#respond\"]}]},{\"@type\":\"WebPage\",\"@id\":\"https:\\\/\\\/www.teka.com\\\/es-co\\\/inspiracion\\\/cocina\\\/alcachofas-asadas-al-horno-con-avellana-y-allioli-de-miel\\\/\",\"url\":\"https:\\\/\\\/www.teka.com\\\/es-co\\\/inspiracion\\\/cocina\\\/alcachofas-asadas-al-horno-con-avellana-y-allioli-de-miel\\\/\",\"name\":\"Alcachofas asadas al horno con avellana y allioli de miel | Teka Colombia\",\"isPartOf\":{\"@id\":\"https:\\\/\\\/www.teka.com\\\/es-co\\\/#website\"},\"primaryImageOfPage\":{\"@id\":\"https:\\\/\\\/www.teka.com\\\/es-co\\\/inspiracion\\\/cocina\\\/alcachofas-asadas-al-horno-con-avellana-y-allioli-de-miel\\\/#primaryimage\"},\"image\":{\"@id\":\"https:\\\/\\\/www.teka.com\\\/es-co\\\/inspiracion\\\/cocina\\\/alcachofas-asadas-al-horno-con-avellana-y-allioli-de-miel\\\/#primaryimage\"},\"thumbnailUrl\":\"https:\\\/\\\/www.teka.com\\\/es-co\\\/wp-content\\\/uploads\\\/sites\\\/54\\\/2018\\\/12\\\/Alcachofas-asadas-al-horno-con-avellana-y-allioli-.jpg\",\"datePublished\":\"2018-12-05T12:40:29+00:00\",\"dateModified\":\"2020-01-09T09:51:05+00:00\",\"inLanguage\":\"es\",\"potentialAction\":[{\"@type\":\"ReadAction\",\"target\":[\"https:\\\/\\\/www.teka.com\\\/es-co\\\/inspiracion\\\/cocina\\\/alcachofas-asadas-al-horno-con-avellana-y-allioli-de-miel\\\/\"]}]},{\"@type\":\"ImageObject\",\"inLanguage\":\"es\",\"@id\":\"https:\\\/\\\/www.teka.com\\\/es-co\\\/inspiracion\\\/cocina\\\/alcachofas-asadas-al-horno-con-avellana-y-allioli-de-miel\\\/#primaryimage\",\"url\":\"https:\\\/\\\/www.teka.com\\\/es-co\\\/wp-content\\\/uploads\\\/sites\\\/54\\\/2018\\\/12\\\/Alcachofas-asadas-al-horno-con-avellana-y-allioli-.jpg\",\"contentUrl\":\"https:\\\/\\\/www.teka.com\\\/es-co\\\/wp-content\\\/uploads\\\/sites\\\/54\\\/2018\\\/12\\\/Alcachofas-asadas-al-horno-con-avellana-y-allioli-.jpg\",\"width\":700,\"height\":436},{\"@type\":\"WebSite\",\"@id\":\"https:\\\/\\\/www.teka.com\\\/es-co\\\/#website\",\"url\":\"https:\\\/\\\/www.teka.com\\\/es-co\\\/\",\"name\":\"Teka Colombia\",\"description\":\"\",\"publisher\":{\"@id\":\"https:\\\/\\\/www.teka.com\\\/es-co\\\/#organization\"},\"potentialAction\":[{\"@type\":\"SearchAction\",\"target\":{\"@type\":\"EntryPoint\",\"urlTemplate\":\"https:\\\/\\\/www.teka.com\\\/es-co\\\/?s={search_term_string}\"},\"query-input\":{\"@type\":\"PropertyValueSpecification\",\"valueRequired\":true,\"valueName\":\"search_term_string\"}}],\"inLanguage\":\"es\"},{\"@type\":\"Organization\",\"@id\":\"https:\\\/\\\/www.teka.com\\\/es-co\\\/#organization\",\"name\":\"Teka Colombia\",\"url\":\"https:\\\/\\\/www.teka.com\\\/es-co\\\/\",\"logo\":{\"@type\":\"ImageObject\",\"inLanguage\":\"es\",\"@id\":\"https:\\\/\\\/www.teka.com\\\/es-co\\\/#\\\/schema\\\/logo\\\/image\\\/\",\"url\":\"https:\\\/\\\/www.teka.com\\\/es-co\\\/wp-content\\\/uploads\\\/sites\\\/54\\\/2018\\\/10\\\/404-teka.png\",\"contentUrl\":\"https:\\\/\\\/www.teka.com\\\/es-co\\\/wp-content\\\/uploads\\\/sites\\\/54\\\/2018\\\/10\\\/404-teka.png\",\"width\":200,\"height\":200,\"caption\":\"Teka Colombia\"},\"image\":{\"@id\":\"https:\\\/\\\/www.teka.com\\\/es-co\\\/#\\\/schema\\\/logo\\\/image\\\/\"}},{\"@type\":\"Person\",\"@id\":\"https:\\\/\\\/www.teka.com\\\/es-co\\\/#\\\/schema\\\/person\\\/389c2a8cea37a99bbd0e94669540e27f\",\"name\":\"Teka\",\"image\":{\"@type\":\"ImageObject\",\"inLanguage\":\"es\",\"@id\":\"https:\\\/\\\/secure.gravatar.com\\\/avatar\\\/41b72a8245ca333f60e6170a3ee04507661b5bf1812cc8043faea03d116b3ab1?s=96&d=mm&r=g\",\"url\":\"https:\\\/\\\/secure.gravatar.com\\\/avatar\\\/41b72a8245ca333f60e6170a3ee04507661b5bf1812cc8043faea03d116b3ab1?s=96&d=mm&r=g\",\"contentUrl\":\"https:\\\/\\\/secure.gravatar.com\\\/avatar\\\/41b72a8245ca333f60e6170a3ee04507661b5bf1812cc8043faea03d116b3ab1?s=96&d=mm&r=g\",\"caption\":\"Teka\"}}]}<\/script>\n<!-- \/ Yoast SEO plugin. -->","yoast_head_json":{"title":"Alcachofas asadas al horno con avellana y allioli de miel | Teka Colombia","robots":{"index":"index","follow":"follow","max-snippet":"max-snippet:-1","max-image-preview":"max-image-preview:large","max-video-preview":"max-video-preview:-1"},"canonical":"https:\/\/www.teka.com\/es-co\/inspiracion\/cocina\/alcachofas-asadas-al-horno-con-avellana-y-allioli-de-miel\/","og_locale":"es_ES","og_type":"article","og_title":"Alcachofas asadas al horno con avellana y allioli de miel | Teka Colombia","og_description":"En Navidad, los aperitivos inauguran las comidas y cenas adornando las mesas con sus colores y combinaciones de sabores. Estos peque\u00f1os bocados son la excusa perfecta para lucirte con tu men\u00fa navide\u00f1o y seguro que lo har\u00e1s siguiendo esta receta para preparar alcachofas gratinadas al horno. Ingredientes: Alcachofas frescas. Para el relleno: 50gr de avellanas. [&hellip;]","og_url":"https:\/\/www.teka.com\/es-co\/inspiracion\/cocina\/alcachofas-asadas-al-horno-con-avellana-y-allioli-de-miel\/","og_site_name":"Teka Colombia","article_published_time":"2018-12-05T12:40:29+00:00","article_modified_time":"2020-01-09T09:51:05+00:00","og_image":[{"width":700,"height":436,"url":"https:\/\/www.teka.com\/es-co\/wp-content\/uploads\/sites\/54\/2018\/12\/Alcachofas-asadas-al-horno-con-avellana-y-allioli-.jpg","type":"image\/jpeg"}],"author":"Teka","twitter_card":"summary_large_image","twitter_misc":{"Escrito por":"Teka","Tiempo de lectura":"1 minuto"},"schema":{"@context":"https:\/\/schema.org","@graph":[{"@type":"Article","@id":"https:\/\/www.teka.com\/es-co\/inspiracion\/cocina\/alcachofas-asadas-al-horno-con-avellana-y-allioli-de-miel\/#article","isPartOf":{"@id":"https:\/\/www.teka.com\/es-co\/inspiracion\/cocina\/alcachofas-asadas-al-horno-con-avellana-y-allioli-de-miel\/"},"author":{"name":"Teka","@id":"https:\/\/www.teka.com\/es-co\/#\/schema\/person\/389c2a8cea37a99bbd0e94669540e27f"},"headline":"Alcachofas asadas al horno con avellana y allioli de miel","datePublished":"2018-12-05T12:40:29+00:00","dateModified":"2020-01-09T09:51:05+00:00","mainEntityOfPage":{"@id":"https:\/\/www.teka.com\/es-co\/inspiracion\/cocina\/alcachofas-asadas-al-horno-con-avellana-y-allioli-de-miel\/"},"wordCount":264,"commentCount":0,"publisher":{"@id":"https:\/\/www.teka.com\/es-co\/#organization"},"image":{"@id":"https:\/\/www.teka.com\/es-co\/inspiracion\/cocina\/alcachofas-asadas-al-horno-con-avellana-y-allioli-de-miel\/#primaryimage"},"thumbnailUrl":"https:\/\/www.teka.com\/es-co\/wp-content\/uploads\/sites\/54\/2018\/12\/Alcachofas-asadas-al-horno-con-avellana-y-allioli-.jpg","articleSection":["Cocina","Videorecetas"],"inLanguage":"es","potentialAction":[{"@type":"CommentAction","name":"Comment","target":["https:\/\/www.teka.com\/es-co\/inspiracion\/cocina\/alcachofas-asadas-al-horno-con-avellana-y-allioli-de-miel\/#respond"]}]},{"@type":"WebPage","@id":"https:\/\/www.teka.com\/es-co\/inspiracion\/cocina\/alcachofas-asadas-al-horno-con-avellana-y-allioli-de-miel\/","url":"https:\/\/www.teka.com\/es-co\/inspiracion\/cocina\/alcachofas-asadas-al-horno-con-avellana-y-allioli-de-miel\/","name":"Alcachofas asadas al horno con avellana y allioli de miel | Teka Colombia","isPartOf":{"@id":"https:\/\/www.teka.com\/es-co\/#website"},"primaryImageOfPage":{"@id":"https:\/\/www.teka.com\/es-co\/inspiracion\/cocina\/alcachofas-asadas-al-horno-con-avellana-y-allioli-de-miel\/#primaryimage"},"image":{"@id":"https:\/\/www.teka.com\/es-co\/inspiracion\/cocina\/alcachofas-asadas-al-horno-con-avellana-y-allioli-de-miel\/#primaryimage"},"thumbnailUrl":"https:\/\/www.teka.com\/es-co\/wp-content\/uploads\/sites\/54\/2018\/12\/Alcachofas-asadas-al-horno-con-avellana-y-allioli-.jpg","datePublished":"2018-12-05T12:40:29+00:00","dateModified":"2020-01-09T09:51:05+00:00","inLanguage":"es","potentialAction":[{"@type":"ReadAction","target":["https:\/\/www.teka.com\/es-co\/inspiracion\/cocina\/alcachofas-asadas-al-horno-con-avellana-y-allioli-de-miel\/"]}]},{"@type":"ImageObject","inLanguage":"es","@id":"https:\/\/www.teka.com\/es-co\/inspiracion\/cocina\/alcachofas-asadas-al-horno-con-avellana-y-allioli-de-miel\/#primaryimage","url":"https:\/\/www.teka.com\/es-co\/wp-content\/uploads\/sites\/54\/2018\/12\/Alcachofas-asadas-al-horno-con-avellana-y-allioli-.jpg","contentUrl":"https:\/\/www.teka.com\/es-co\/wp-content\/uploads\/sites\/54\/2018\/12\/Alcachofas-asadas-al-horno-con-avellana-y-allioli-.jpg","width":700,"height":436},{"@type":"WebSite","@id":"https:\/\/www.teka.com\/es-co\/#website","url":"https:\/\/www.teka.com\/es-co\/","name":"Teka Colombia","description":"","publisher":{"@id":"https:\/\/www.teka.com\/es-co\/#organization"},"potentialAction":[{"@type":"SearchAction","target":{"@type":"EntryPoint","urlTemplate":"https:\/\/www.teka.com\/es-co\/?s={search_term_string}"},"query-input":{"@type":"PropertyValueSpecification","valueRequired":true,"valueName":"search_term_string"}}],"inLanguage":"es"},{"@type":"Organization","@id":"https:\/\/www.teka.com\/es-co\/#organization","name":"Teka Colombia","url":"https:\/\/www.teka.com\/es-co\/","logo":{"@type":"ImageObject","inLanguage":"es","@id":"https:\/\/www.teka.com\/es-co\/#\/schema\/logo\/image\/","url":"https:\/\/www.teka.com\/es-co\/wp-content\/uploads\/sites\/54\/2018\/10\/404-teka.png","contentUrl":"https:\/\/www.teka.com\/es-co\/wp-content\/uploads\/sites\/54\/2018\/10\/404-teka.png","width":200,"height":200,"caption":"Teka Colombia"},"image":{"@id":"https:\/\/www.teka.com\/es-co\/#\/schema\/logo\/image\/"}},{"@type":"Person","@id":"https:\/\/www.teka.com\/es-co\/#\/schema\/person\/389c2a8cea37a99bbd0e94669540e27f","name":"Teka","image":{"@type":"ImageObject","inLanguage":"es","@id":"https:\/\/secure.gravatar.com\/avatar\/41b72a8245ca333f60e6170a3ee04507661b5bf1812cc8043faea03d116b3ab1?s=96&d=mm&r=g","url":"https:\/\/secure.gravatar.com\/avatar\/41b72a8245ca333f60e6170a3ee04507661b5bf1812cc8043faea03d116b3ab1?s=96&d=mm&r=g","contentUrl":"https:\/\/secure.gravatar.com\/avatar\/41b72a8245ca333f60e6170a3ee04507661b5bf1812cc8043faea03d116b3ab1?s=96&d=mm&r=g","caption":"Teka"}}]}},"_links":{"self":[{"href":"https:\/\/www.teka.com\/es-co\/wp-json\/wp\/v2\/posts\/62890","targetHints":{"allow":["GET"]}}],"collection":[{"href":"https:\/\/www.teka.com\/es-co\/wp-json\/wp\/v2\/posts"}],"about":[{"href":"https:\/\/www.teka.com\/es-co\/wp-json\/wp\/v2\/types\/post"}],"author":[{"embeddable":true,"href":"https:\/\/www.teka.com\/es-co\/wp-json\/wp\/v2\/users\/9"}],"replies":[{"embeddable":true,"href":"https:\/\/www.teka.com\/es-co\/wp-json\/wp\/v2\/comments?post=62890"}],"version-history":[{"count":5,"href":"https:\/\/www.teka.com\/es-co\/wp-json\/wp\/v2\/posts\/62890\/revisions"}],"predecessor-version":[{"id":66024,"href":"https:\/\/www.teka.com\/es-co\/wp-json\/wp\/v2\/posts\/62890\/revisions\/66024"}],"wp:featuredmedia":[{"embeddable":true,"href":"https:\/\/www.teka.com\/es-co\/wp-json\/wp\/v2\/media\/62894"}],"wp:attachment":[{"href":"https:\/\/www.teka.com\/es-co\/wp-json\/wp\/v2\/media?parent=62890"}],"wp:term":[{"taxonomy":"category","embeddable":true,"href":"https:\/\/www.teka.com\/es-co\/wp-json\/wp\/v2\/categories?post=62890"},{"taxonomy":"post_tag","embeddable":true,"href":"https:\/\/www.teka.com\/es-co\/wp-json\/wp\/v2\/tags?post=62890"}],"curies":[{"name":"wp","href":"https:\/\/api.w.org\/{rel}","templated":true}]}}