{"id":122934,"date":"2022-02-24T11:52:49","date_gmt":"2022-02-24T16:52:49","guid":{"rendered":"https:\/\/www.teka.com\/es-ec\/?p=122934"},"modified":"2022-02-24T12:42:12","modified_gmt":"2022-02-24T17:42:12","slug":"mojo-picon-de-3-colores-con-papas","status":"publish","type":"post","link":"https:\/\/www.teka.com\/es-ec\/inspiracion\/receta-y-gastronomia\/videorecetas\/mojo-picon-de-3-colores-con-papas\/","title":{"rendered":"Mojo Pic\u00f3n de 3 colores con Papas"},"content":{"rendered":"<p><iframe loading=\"lazy\" title=\"Mojo Pic\u00f3n de 3 colores con Papas\" width=\"1080\" height=\"608\" src=\"https:\/\/www.youtube.com\/embed\/Cyh-MCUqkuo?feature=oembed\"  allow=\"accelerometer; autoplay; clipboard-write; encrypted-media; gyroscope; picture-in-picture\" allowfullscreen><\/iframe><\/p>\n<p><strong><u>Ingredientes<\/u><\/strong><\/p>\n<p>1.Mojo rojo<\/p>\n<ul>\n<li>1 pimientos rojo<\/li>\n<li>1 cucharada de piment\u00f3n<\/li>\n<li>1\/2 taza de aceite<\/li>\n<li>2 cucharadas de vinagre<\/li>\n<li>1 diente de ajo<\/li>\n<li>1\/2 cucharadita de comino molido<\/li>\n<li>Sal<\/li>\n<\/ul>\n<p>&nbsp;<\/p>\n<p>2.Mojo verde<\/p>\n<ul>\n<li>1 diente de ajo<\/li>\n<li>1 manojo de cilantro<\/li>\n<li>1\/2 cucharadita de comino en grano<\/li>\n<li>2 cucharadas de vinagre blanco<\/li>\n<li>Aceite de oliva virgen extra<\/li>\n<li>Sal<\/li>\n<\/ul>\n<p>&nbsp;<\/p>\n<p>3.Mojo amarillo<\/p>\n<ul>\n<li>Un pu\u00f1adito de almendras<\/li>\n<li>1\/2 taza de aceite<\/li>\n<li>4 cucharadas de vinagre<\/li>\n<li>2 dientes de ajo<\/li>\n<li>Una cucharadita de cominos<\/li>\n<li>Un pimiento amarillo<\/li>\n<li>sal<\/li>\n<\/ul>\n<p>&nbsp;<\/p>\n<p><strong><u>Elaboraci\u00f3n<\/u><\/strong><\/p>\n<p>Verter todos los ingredientes de cada uno de los mojos en un procesador de alimentos y triturar hasta conseguir una textura de salsa untable.<\/p>\n<p>Servir con \u00a8papas arrug\u00e1s\u00a8 y disfrutar.<\/p>\n","protected":false},"excerpt":{"rendered":"<p>Ingredientes 1.Mojo rojo 1 pimientos rojo 1 cucharada de piment\u00f3n 1\/2 taza de aceite 2 cucharadas de vinagre 1 diente de ajo 1\/2 cucharadita de comino molido Sal &nbsp; 2.Mojo verde 1 diente de ajo 1 manojo de cilantro 1\/2 cucharadita de comino en grano 2 cucharadas de vinagre blanco Aceite de oliva virgen extra [&hellip;]<\/p>\n","protected":false},"author":37,"featured_media":122935,"comment_status":"open","ping_status":"open","sticky":false,"template":"","format":"standard","meta":{"_acf_changed":false,"_et_pb_use_builder":"","_et_pb_old_content":"","_et_gb_content_width":"","footnotes":""},"categories":[2807,3129],"tags":[],"class_list":["post-122934","post","type-post","status-publish","format-standard","has-post-thumbnail","hentry","category-receta-y-gastronomia","category-videorecetas"],"acf":[],"yoast_head":"<!-- This site is optimized with the Yoast SEO plugin v27.5 - https:\/\/yoast.com\/product\/yoast-seo-wordpress\/ -->\n<title>Mojo Pic\u00f3n de 3 colores con Papas | Teka Ecuador<\/title>\n<meta name=\"description\" content=\"El desfile de Carnaval que se celebra en nuestra cocina no tiene nada que envidiar al de Brasil. Extravagantes trampantojos inundan la encimera, un mojo pic\u00f3n reci\u00e9n llegado del Carnaval de Tenerife, y la Reina del Carnaval de este a\u00f1o: la esfera de chocolate enmascarada. Descubre las mejores recetas para celebrar tu fiesta de carnaval.\" \/>\n<meta name=\"robots\" content=\"index, follow, max-snippet:-1, max-image-preview:large, max-video-preview:-1\" \/>\n<link rel=\"canonical\" href=\"https:\/\/www.teka.com\/es-ec\/inspiracion\/receta-y-gastronomia\/videorecetas\/mojo-picon-de-3-colores-con-papas\/\" \/>\n<meta property=\"og:locale\" content=\"es_ES\" \/>\n<meta property=\"og:type\" content=\"article\" \/>\n<meta property=\"og:title\" content=\"Mojo Pic\u00f3n de 3 colores con Papas | Teka Ecuador\" \/>\n<meta property=\"og:description\" content=\"El desfile de Carnaval que se celebra en nuestra cocina no tiene nada que envidiar al de Brasil. Extravagantes trampantojos inundan la encimera, un mojo pic\u00f3n reci\u00e9n llegado del Carnaval de Tenerife, y la Reina del Carnaval de este a\u00f1o: la esfera de chocolate enmascarada. Descubre las mejores recetas para celebrar tu fiesta de carnaval.\" \/>\n<meta property=\"og:url\" content=\"https:\/\/www.teka.com\/es-ec\/inspiracion\/receta-y-gastronomia\/videorecetas\/mojo-picon-de-3-colores-con-papas\/\" \/>\n<meta property=\"og:site_name\" content=\"Teka Ecuador\" \/>\n<meta property=\"article:publisher\" content=\"https:\/\/www.facebook.com\/TekaEcuador\" \/>\n<meta property=\"article:published_time\" content=\"2022-02-24T16:52:49+00:00\" \/>\n<meta property=\"article:modified_time\" content=\"2022-02-24T17:42:12+00:00\" \/>\n<meta property=\"og:image\" content=\"https:\/\/www.teka.com\/es-ec\/wp-content\/uploads\/sites\/20\/2022\/02\/mojo_3colores-1024x502.png\" \/>\n\t<meta property=\"og:image:width\" content=\"1024\" \/>\n\t<meta property=\"og:image:height\" content=\"502\" \/>\n\t<meta property=\"og:image:type\" content=\"image\/png\" \/>\n<meta name=\"author\" content=\"ecuador\" \/>\n<meta name=\"twitter:card\" content=\"summary_large_image\" \/>\n<meta name=\"twitter:creator\" content=\"@TekaEcuador\" \/>\n<meta name=\"twitter:site\" content=\"@TekaEcuador\" \/>\n<meta name=\"twitter:label1\" content=\"Escrito por\" \/>\n\t<meta name=\"twitter:data1\" content=\"ecuador\" \/>\n\t<meta name=\"twitter:label2\" content=\"Tiempo de lectura\" \/>\n\t<meta name=\"twitter:data2\" content=\"1 minuto\" \/>\n<script type=\"application\/ld+json\" class=\"yoast-schema-graph\">{\"@context\":\"https:\\\/\\\/schema.org\",\"@graph\":[{\"@type\":\"Article\",\"@id\":\"https:\\\/\\\/www.teka.com\\\/es-ec\\\/inspiracion\\\/receta-y-gastronomia\\\/videorecetas\\\/mojo-picon-de-3-colores-con-papas\\\/#article\",\"isPartOf\":{\"@id\":\"https:\\\/\\\/www.teka.com\\\/es-ec\\\/inspiracion\\\/receta-y-gastronomia\\\/videorecetas\\\/mojo-picon-de-3-colores-con-papas\\\/\"},\"author\":{\"name\":\"ecuador\",\"@id\":\"https:\\\/\\\/www.teka.com\\\/es-ec\\\/#\\\/schema\\\/person\\\/aa2fbb318fdbb4251fb21999855ae96d\"},\"headline\":\"Mojo Pic\u00f3n de 3 colores con Papas\",\"datePublished\":\"2022-02-24T16:52:49+00:00\",\"dateModified\":\"2022-02-24T17:42:12+00:00\",\"mainEntityOfPage\":{\"@id\":\"https:\\\/\\\/www.teka.com\\\/es-ec\\\/inspiracion\\\/receta-y-gastronomia\\\/videorecetas\\\/mojo-picon-de-3-colores-con-papas\\\/\"},\"wordCount\":119,\"commentCount\":0,\"publisher\":{\"@id\":\"https:\\\/\\\/www.teka.com\\\/es-ec\\\/#organization\"},\"image\":{\"@id\":\"https:\\\/\\\/www.teka.com\\\/es-ec\\\/inspiracion\\\/receta-y-gastronomia\\\/videorecetas\\\/mojo-picon-de-3-colores-con-papas\\\/#primaryimage\"},\"thumbnailUrl\":\"https:\\\/\\\/www.teka.com\\\/es-ec\\\/wp-content\\\/uploads\\\/sites\\\/20\\\/2022\\\/02\\\/mojo_3colores.png\",\"articleSection\":[\"Receta y Gastronom\u00eda\",\"Videorecetas\"],\"inLanguage\":\"es\",\"potentialAction\":[{\"@type\":\"CommentAction\",\"name\":\"Comment\",\"target\":[\"https:\\\/\\\/www.teka.com\\\/es-ec\\\/inspiracion\\\/receta-y-gastronomia\\\/videorecetas\\\/mojo-picon-de-3-colores-con-papas\\\/#respond\"]}]},{\"@type\":\"WebPage\",\"@id\":\"https:\\\/\\\/www.teka.com\\\/es-ec\\\/inspiracion\\\/receta-y-gastronomia\\\/videorecetas\\\/mojo-picon-de-3-colores-con-papas\\\/\",\"url\":\"https:\\\/\\\/www.teka.com\\\/es-ec\\\/inspiracion\\\/receta-y-gastronomia\\\/videorecetas\\\/mojo-picon-de-3-colores-con-papas\\\/\",\"name\":\"Mojo Pic\u00f3n de 3 colores con Papas | Teka Ecuador\",\"isPartOf\":{\"@id\":\"https:\\\/\\\/www.teka.com\\\/es-ec\\\/#website\"},\"primaryImageOfPage\":{\"@id\":\"https:\\\/\\\/www.teka.com\\\/es-ec\\\/inspiracion\\\/receta-y-gastronomia\\\/videorecetas\\\/mojo-picon-de-3-colores-con-papas\\\/#primaryimage\"},\"image\":{\"@id\":\"https:\\\/\\\/www.teka.com\\\/es-ec\\\/inspiracion\\\/receta-y-gastronomia\\\/videorecetas\\\/mojo-picon-de-3-colores-con-papas\\\/#primaryimage\"},\"thumbnailUrl\":\"https:\\\/\\\/www.teka.com\\\/es-ec\\\/wp-content\\\/uploads\\\/sites\\\/20\\\/2022\\\/02\\\/mojo_3colores.png\",\"datePublished\":\"2022-02-24T16:52:49+00:00\",\"dateModified\":\"2022-02-24T17:42:12+00:00\",\"description\":\"El desfile de Carnaval que se celebra en nuestra cocina no tiene nada que envidiar al de Brasil. Extravagantes trampantojos inundan la encimera, un mojo pic\u00f3n reci\u00e9n llegado del Carnaval de Tenerife, y la Reina del Carnaval de este a\u00f1o: la esfera de chocolate enmascarada. Descubre las mejores recetas para celebrar tu fiesta de carnaval.\",\"inLanguage\":\"es\",\"potentialAction\":[{\"@type\":\"ReadAction\",\"target\":[\"https:\\\/\\\/www.teka.com\\\/es-ec\\\/inspiracion\\\/receta-y-gastronomia\\\/videorecetas\\\/mojo-picon-de-3-colores-con-papas\\\/\"]}]},{\"@type\":\"ImageObject\",\"inLanguage\":\"es\",\"@id\":\"https:\\\/\\\/www.teka.com\\\/es-ec\\\/inspiracion\\\/receta-y-gastronomia\\\/videorecetas\\\/mojo-picon-de-3-colores-con-papas\\\/#primaryimage\",\"url\":\"https:\\\/\\\/www.teka.com\\\/es-ec\\\/wp-content\\\/uploads\\\/sites\\\/20\\\/2022\\\/02\\\/mojo_3colores.png\",\"contentUrl\":\"https:\\\/\\\/www.teka.com\\\/es-ec\\\/wp-content\\\/uploads\\\/sites\\\/20\\\/2022\\\/02\\\/mojo_3colores.png\",\"width\":1384,\"height\":678},{\"@type\":\"WebSite\",\"@id\":\"https:\\\/\\\/www.teka.com\\\/es-ec\\\/#website\",\"url\":\"https:\\\/\\\/www.teka.com\\\/es-ec\\\/\",\"name\":\"Teka Ecuador\",\"description\":\"\",\"publisher\":{\"@id\":\"https:\\\/\\\/www.teka.com\\\/es-ec\\\/#organization\"},\"potentialAction\":[{\"@type\":\"SearchAction\",\"target\":{\"@type\":\"EntryPoint\",\"urlTemplate\":\"https:\\\/\\\/www.teka.com\\\/es-ec\\\/?s={search_term_string}\"},\"query-input\":{\"@type\":\"PropertyValueSpecification\",\"valueRequired\":true,\"valueName\":\"search_term_string\"}}],\"inLanguage\":\"es\"},{\"@type\":\"Organization\",\"@id\":\"https:\\\/\\\/www.teka.com\\\/es-ec\\\/#organization\",\"name\":\"Teka Ecuador\",\"url\":\"https:\\\/\\\/www.teka.com\\\/es-ec\\\/\",\"logo\":{\"@type\":\"ImageObject\",\"inLanguage\":\"es\",\"@id\":\"https:\\\/\\\/www.teka.com\\\/es-ec\\\/#\\\/schema\\\/logo\\\/image\\\/\",\"url\":\"https:\\\/\\\/www.teka.com\\\/es-ec\\\/wp-content\\\/uploads\\\/sites\\\/20\\\/2019\\\/03\\\/Lg_TEKA_Red_Box_RGB-1.svg\",\"contentUrl\":\"https:\\\/\\\/www.teka.com\\\/es-ec\\\/wp-content\\\/uploads\\\/sites\\\/20\\\/2019\\\/03\\\/Lg_TEKA_Red_Box_RGB-1.svg\",\"width\":1,\"height\":1,\"caption\":\"Teka Ecuador\"},\"image\":{\"@id\":\"https:\\\/\\\/www.teka.com\\\/es-ec\\\/#\\\/schema\\\/logo\\\/image\\\/\"},\"sameAs\":[\"https:\\\/\\\/www.facebook.com\\\/TekaEcuador\",\"https:\\\/\\\/x.com\\\/TekaEcuador\",\"https:\\\/\\\/www.instagram.com\\\/tekaecuador\\\/\",\"https:\\\/\\\/www.linkedin.com\\\/company\\\/79951050\\\/\",\"https:\\\/\\\/www.youtube.com\\\/channel\\\/UCxMGBvrLxnh2N7SmSygTooA\"]},{\"@type\":\"Person\",\"@id\":\"https:\\\/\\\/www.teka.com\\\/es-ec\\\/#\\\/schema\\\/person\\\/aa2fbb318fdbb4251fb21999855ae96d\",\"name\":\"ecuador\",\"image\":{\"@type\":\"ImageObject\",\"inLanguage\":\"es\",\"@id\":\"https:\\\/\\\/secure.gravatar.com\\\/avatar\\\/1e2c4ff93524d5edf8db6c70578a94d71edf58c2977de8ac8fffe78ff2d446d3?s=96&d=mm&r=g\",\"url\":\"https:\\\/\\\/secure.gravatar.com\\\/avatar\\\/1e2c4ff93524d5edf8db6c70578a94d71edf58c2977de8ac8fffe78ff2d446d3?s=96&d=mm&r=g\",\"contentUrl\":\"https:\\\/\\\/secure.gravatar.com\\\/avatar\\\/1e2c4ff93524d5edf8db6c70578a94d71edf58c2977de8ac8fffe78ff2d446d3?s=96&d=mm&r=g\",\"caption\":\"ecuador\"}}]}<\/script>\n<!-- \/ Yoast SEO plugin. -->","yoast_head_json":{"title":"Mojo Pic\u00f3n de 3 colores con Papas | Teka Ecuador","description":"El desfile de Carnaval que se celebra en nuestra cocina no tiene nada que envidiar al de Brasil. Extravagantes trampantojos inundan la encimera, un mojo pic\u00f3n reci\u00e9n llegado del Carnaval de Tenerife, y la Reina del Carnaval de este a\u00f1o: la esfera de chocolate enmascarada. Descubre las mejores recetas para celebrar tu fiesta de carnaval.","robots":{"index":"index","follow":"follow","max-snippet":"max-snippet:-1","max-image-preview":"max-image-preview:large","max-video-preview":"max-video-preview:-1"},"canonical":"https:\/\/www.teka.com\/es-ec\/inspiracion\/receta-y-gastronomia\/videorecetas\/mojo-picon-de-3-colores-con-papas\/","og_locale":"es_ES","og_type":"article","og_title":"Mojo Pic\u00f3n de 3 colores con Papas | Teka Ecuador","og_description":"El desfile de Carnaval que se celebra en nuestra cocina no tiene nada que envidiar al de Brasil. Extravagantes trampantojos inundan la encimera, un mojo pic\u00f3n reci\u00e9n llegado del Carnaval de Tenerife, y la Reina del Carnaval de este a\u00f1o: la esfera de chocolate enmascarada. Descubre las mejores recetas para celebrar tu fiesta de carnaval.","og_url":"https:\/\/www.teka.com\/es-ec\/inspiracion\/receta-y-gastronomia\/videorecetas\/mojo-picon-de-3-colores-con-papas\/","og_site_name":"Teka Ecuador","article_publisher":"https:\/\/www.facebook.com\/TekaEcuador","article_published_time":"2022-02-24T16:52:49+00:00","article_modified_time":"2022-02-24T17:42:12+00:00","og_image":[{"width":1024,"height":502,"url":"https:\/\/www.teka.com\/es-ec\/wp-content\/uploads\/sites\/20\/2022\/02\/mojo_3colores-1024x502.png","type":"image\/png"}],"author":"ecuador","twitter_card":"summary_large_image","twitter_creator":"@TekaEcuador","twitter_site":"@TekaEcuador","twitter_misc":{"Escrito por":"ecuador","Tiempo de lectura":"1 minuto"},"schema":{"@context":"https:\/\/schema.org","@graph":[{"@type":"Article","@id":"https:\/\/www.teka.com\/es-ec\/inspiracion\/receta-y-gastronomia\/videorecetas\/mojo-picon-de-3-colores-con-papas\/#article","isPartOf":{"@id":"https:\/\/www.teka.com\/es-ec\/inspiracion\/receta-y-gastronomia\/videorecetas\/mojo-picon-de-3-colores-con-papas\/"},"author":{"name":"ecuador","@id":"https:\/\/www.teka.com\/es-ec\/#\/schema\/person\/aa2fbb318fdbb4251fb21999855ae96d"},"headline":"Mojo Pic\u00f3n de 3 colores con Papas","datePublished":"2022-02-24T16:52:49+00:00","dateModified":"2022-02-24T17:42:12+00:00","mainEntityOfPage":{"@id":"https:\/\/www.teka.com\/es-ec\/inspiracion\/receta-y-gastronomia\/videorecetas\/mojo-picon-de-3-colores-con-papas\/"},"wordCount":119,"commentCount":0,"publisher":{"@id":"https:\/\/www.teka.com\/es-ec\/#organization"},"image":{"@id":"https:\/\/www.teka.com\/es-ec\/inspiracion\/receta-y-gastronomia\/videorecetas\/mojo-picon-de-3-colores-con-papas\/#primaryimage"},"thumbnailUrl":"https:\/\/www.teka.com\/es-ec\/wp-content\/uploads\/sites\/20\/2022\/02\/mojo_3colores.png","articleSection":["Receta y Gastronom\u00eda","Videorecetas"],"inLanguage":"es","potentialAction":[{"@type":"CommentAction","name":"Comment","target":["https:\/\/www.teka.com\/es-ec\/inspiracion\/receta-y-gastronomia\/videorecetas\/mojo-picon-de-3-colores-con-papas\/#respond"]}]},{"@type":"WebPage","@id":"https:\/\/www.teka.com\/es-ec\/inspiracion\/receta-y-gastronomia\/videorecetas\/mojo-picon-de-3-colores-con-papas\/","url":"https:\/\/www.teka.com\/es-ec\/inspiracion\/receta-y-gastronomia\/videorecetas\/mojo-picon-de-3-colores-con-papas\/","name":"Mojo Pic\u00f3n de 3 colores con Papas | Teka Ecuador","isPartOf":{"@id":"https:\/\/www.teka.com\/es-ec\/#website"},"primaryImageOfPage":{"@id":"https:\/\/www.teka.com\/es-ec\/inspiracion\/receta-y-gastronomia\/videorecetas\/mojo-picon-de-3-colores-con-papas\/#primaryimage"},"image":{"@id":"https:\/\/www.teka.com\/es-ec\/inspiracion\/receta-y-gastronomia\/videorecetas\/mojo-picon-de-3-colores-con-papas\/#primaryimage"},"thumbnailUrl":"https:\/\/www.teka.com\/es-ec\/wp-content\/uploads\/sites\/20\/2022\/02\/mojo_3colores.png","datePublished":"2022-02-24T16:52:49+00:00","dateModified":"2022-02-24T17:42:12+00:00","description":"El desfile de Carnaval que se celebra en nuestra cocina no tiene nada que envidiar al de Brasil. Extravagantes trampantojos inundan la encimera, un mojo pic\u00f3n reci\u00e9n llegado del Carnaval de Tenerife, y la Reina del Carnaval de este a\u00f1o: la esfera de chocolate enmascarada. Descubre las mejores recetas para celebrar tu fiesta de carnaval.","inLanguage":"es","potentialAction":[{"@type":"ReadAction","target":["https:\/\/www.teka.com\/es-ec\/inspiracion\/receta-y-gastronomia\/videorecetas\/mojo-picon-de-3-colores-con-papas\/"]}]},{"@type":"ImageObject","inLanguage":"es","@id":"https:\/\/www.teka.com\/es-ec\/inspiracion\/receta-y-gastronomia\/videorecetas\/mojo-picon-de-3-colores-con-papas\/#primaryimage","url":"https:\/\/www.teka.com\/es-ec\/wp-content\/uploads\/sites\/20\/2022\/02\/mojo_3colores.png","contentUrl":"https:\/\/www.teka.com\/es-ec\/wp-content\/uploads\/sites\/20\/2022\/02\/mojo_3colores.png","width":1384,"height":678},{"@type":"WebSite","@id":"https:\/\/www.teka.com\/es-ec\/#website","url":"https:\/\/www.teka.com\/es-ec\/","name":"Teka Ecuador","description":"","publisher":{"@id":"https:\/\/www.teka.com\/es-ec\/#organization"},"potentialAction":[{"@type":"SearchAction","target":{"@type":"EntryPoint","urlTemplate":"https:\/\/www.teka.com\/es-ec\/?s={search_term_string}"},"query-input":{"@type":"PropertyValueSpecification","valueRequired":true,"valueName":"search_term_string"}}],"inLanguage":"es"},{"@type":"Organization","@id":"https:\/\/www.teka.com\/es-ec\/#organization","name":"Teka Ecuador","url":"https:\/\/www.teka.com\/es-ec\/","logo":{"@type":"ImageObject","inLanguage":"es","@id":"https:\/\/www.teka.com\/es-ec\/#\/schema\/logo\/image\/","url":"https:\/\/www.teka.com\/es-ec\/wp-content\/uploads\/sites\/20\/2019\/03\/Lg_TEKA_Red_Box_RGB-1.svg","contentUrl":"https:\/\/www.teka.com\/es-ec\/wp-content\/uploads\/sites\/20\/2019\/03\/Lg_TEKA_Red_Box_RGB-1.svg","width":1,"height":1,"caption":"Teka Ecuador"},"image":{"@id":"https:\/\/www.teka.com\/es-ec\/#\/schema\/logo\/image\/"},"sameAs":["https:\/\/www.facebook.com\/TekaEcuador","https:\/\/x.com\/TekaEcuador","https:\/\/www.instagram.com\/tekaecuador\/","https:\/\/www.linkedin.com\/company\/79951050\/","https:\/\/www.youtube.com\/channel\/UCxMGBvrLxnh2N7SmSygTooA"]},{"@type":"Person","@id":"https:\/\/www.teka.com\/es-ec\/#\/schema\/person\/aa2fbb318fdbb4251fb21999855ae96d","name":"ecuador","image":{"@type":"ImageObject","inLanguage":"es","@id":"https:\/\/secure.gravatar.com\/avatar\/1e2c4ff93524d5edf8db6c70578a94d71edf58c2977de8ac8fffe78ff2d446d3?s=96&d=mm&r=g","url":"https:\/\/secure.gravatar.com\/avatar\/1e2c4ff93524d5edf8db6c70578a94d71edf58c2977de8ac8fffe78ff2d446d3?s=96&d=mm&r=g","contentUrl":"https:\/\/secure.gravatar.com\/avatar\/1e2c4ff93524d5edf8db6c70578a94d71edf58c2977de8ac8fffe78ff2d446d3?s=96&d=mm&r=g","caption":"ecuador"}}]}},"_links":{"self":[{"href":"https:\/\/www.teka.com\/es-ec\/wp-json\/wp\/v2\/posts\/122934","targetHints":{"allow":["GET"]}}],"collection":[{"href":"https:\/\/www.teka.com\/es-ec\/wp-json\/wp\/v2\/posts"}],"about":[{"href":"https:\/\/www.teka.com\/es-ec\/wp-json\/wp\/v2\/types\/post"}],"author":[{"embeddable":true,"href":"https:\/\/www.teka.com\/es-ec\/wp-json\/wp\/v2\/users\/37"}],"replies":[{"embeddable":true,"href":"https:\/\/www.teka.com\/es-ec\/wp-json\/wp\/v2\/comments?post=122934"}],"version-history":[{"count":2,"href":"https:\/\/www.teka.com\/es-ec\/wp-json\/wp\/v2\/posts\/122934\/revisions"}],"predecessor-version":[{"id":122937,"href":"https:\/\/www.teka.com\/es-ec\/wp-json\/wp\/v2\/posts\/122934\/revisions\/122937"}],"wp:featuredmedia":[{"embeddable":true,"href":"https:\/\/www.teka.com\/es-ec\/wp-json\/wp\/v2\/media\/122935"}],"wp:attachment":[{"href":"https:\/\/www.teka.com\/es-ec\/wp-json\/wp\/v2\/media?parent=122934"}],"wp:term":[{"taxonomy":"category","embeddable":true,"href":"https:\/\/www.teka.com\/es-ec\/wp-json\/wp\/v2\/categories?post=122934"},{"taxonomy":"post_tag","embeddable":true,"href":"https:\/\/www.teka.com\/es-ec\/wp-json\/wp\/v2\/tags?post=122934"}],"curies":[{"name":"wp","href":"https:\/\/api.w.org\/{rel}","templated":true}]}}