{"id":67211,"date":"2020-12-04T15:23:55","date_gmt":"2020-12-04T14:23:55","guid":{"rendered":"https:\/\/www.teka.com\/es-ec\/?p=67211"},"modified":"2020-12-04T15:23:55","modified_gmt":"2020-12-04T14:23:55","slug":"corona-de-queso-y-espinacas-receta-navidena","status":"publish","type":"post","link":"https:\/\/www.teka.com\/es-ec\/sin-categoria\/corona-de-queso-y-espinacas-receta-navidena\/","title":{"rendered":"Corona de queso y espinacas &#8211; receta navide\u00f1a"},"content":{"rendered":"<p>Esta espectacular receta, te convertir\u00e1 en el mejor anfitri\u00f3n, con su crujiente y cremosito sabor todos tus invitados se deleitar\u00e1n, la combinaci\u00f3n de sabores es deliciosa y es ideal para servirlo en estas fechas.<\/p>\n<div style=\"width: 854px;\" class=\"wp-video\"><video class=\"wp-video-shortcode\" id=\"video-67211-1\" width=\"854\" height=\"480\" preload=\"metadata\" controls=\"controls\"><source type=\"video\/mp4\" src=\"https:\/\/www.teka.com\/es-ec\/wp-content\/uploads\/sites\/20\/2020\/12\/001-Corona-de-queso-y-espinacs-receta-navide\u00f1a.mp4?_=1\" \/><a href=\"https:\/\/www.teka.com\/es-ec\/wp-content\/uploads\/sites\/20\/2020\/12\/001-Corona-de-queso-y-espinacs-receta-navide\u00f1a.mp4\">https:\/\/www.teka.com\/es-ec\/wp-content\/uploads\/sites\/20\/2020\/12\/001-Corona-de-queso-y-espinacs-receta-navide\u00f1a.mp4<\/a><\/video><\/div>\n<p>&nbsp;<\/p>\n<p><u>Ingredientes<\/u><\/p>\n<ul>\n<li>2 u. masa brisa<\/li>\n<li>500 g. hojas de espinaca<\/li>\n<li>250 g. queso crema<\/li>\n<li>1 u. huevo<\/li>\n<li>50 g. uvas pasas<\/li>\n<li>50 g. pi\u00f1ones<\/li>\n<li>100 g. queso rallado<\/li>\n<li>Pipas de calabaza<\/li>\n<li>Sal y pimienta<\/li>\n<\/ul>\n<p><u>Elaboraci\u00f3n<\/u><\/p>\n<ol>\n<li>Sofre\u00edr en una sart\u00e9n con aceite de oliva las pasa y los pi\u00f1ones hasta que est\u00e9n dorados<\/li>\n<li>En la misma sart\u00e9n, agregar las hojas de espinacas, salpimentar y rehogar 5 minutos. Disponer en un bol y dejar enfriar.<\/li>\n<li>A\u00f1adir el queso crema, el huevo y el queso rallado y mezclar hasta integrar todos los ingredientes.<\/li>\n<li>Extender una l\u00e1mina de masa brisa sobre una bandeja de horno y disponer la mezcla anterior formando una corona alrededor y en el centro de la masa.<\/li>\n<li>Colocar encima la otra l\u00e1mina de masa y cerrar los bordes presionando con un tenedor. Con la ayuda de un cuenco peque\u00f1o presionar el centro de la masa y adornar con las pipas de calabaza.<\/li>\n<li>Realizar unos cortes a lo largo de la corona y girar cada porci\u00f3n dejando el relleno en la parte superior.<\/li>\n<li>Pintar con huevo batido y hornear a 180\u00baC durante 30 minutos.<\/li>\n<\/ol>\n","protected":false},"excerpt":{"rendered":"<p>Esta espectacular receta, te convertir\u00e1 en el mejor anfitri\u00f3n, con su crujiente y cremosito sabor todos tus invitados se deleitar\u00e1n, la combinaci\u00f3n de sabores es deliciosa y es ideal para servirlo en estas fechas. &nbsp; Ingredientes 2 u. masa brisa 500 g. hojas de espinaca 250 g. queso crema 1 u. huevo 50 g. uvas [&hellip;]<\/p>\n","protected":false},"author":37,"featured_media":67214,"comment_status":"open","ping_status":"open","sticky":false,"template":"","format":"standard","meta":{"_acf_changed":false,"_et_pb_use_builder":"","_et_pb_old_content":"","_et_gb_content_width":"","footnotes":""},"categories":[2807,2812,2815,3129],"tags":[60648],"class_list":["post-67211","post","type-post","status-publish","format-standard","has-post-thumbnail","hentry","category-receta-y-gastronomia","category-sin-categoria","category-recetas","category-videorecetas","tag-receta-navidena"],"acf":[],"yoast_head":"<!-- This site is optimized with the Yoast SEO plugin v27.5 - https:\/\/yoast.com\/product\/yoast-seo-wordpress\/ -->\n<title>Corona de queso y espinacas - receta navide\u00f1a | Teka Ecuador<\/title>\n<meta name=\"robots\" content=\"index, follow, max-snippet:-1, max-image-preview:large, max-video-preview:-1\" \/>\n<link rel=\"canonical\" href=\"https:\/\/www.teka.com\/es-ec\/sin-categoria\/corona-de-queso-y-espinacas-receta-navidena\/\" \/>\n<meta property=\"og:locale\" content=\"es_ES\" \/>\n<meta property=\"og:type\" content=\"article\" \/>\n<meta property=\"og:title\" content=\"Corona de queso y espinacas - receta navide\u00f1a | Teka Ecuador\" \/>\n<meta property=\"og:description\" content=\"Esta espectacular receta, te convertir\u00e1 en el mejor anfitri\u00f3n, con su crujiente y cremosito sabor todos tus invitados se deleitar\u00e1n, la combinaci\u00f3n de sabores es deliciosa y es ideal para servirlo en estas fechas. &nbsp; Ingredientes 2 u. masa brisa 500 g. hojas de espinaca 250 g. queso crema 1 u. huevo 50 g. uvas [&hellip;]\" \/>\n<meta property=\"og:url\" content=\"https:\/\/www.teka.com\/es-ec\/sin-categoria\/corona-de-queso-y-espinacas-receta-navidena\/\" \/>\n<meta property=\"og:site_name\" content=\"Teka Ecuador\" \/>\n<meta property=\"article:publisher\" content=\"https:\/\/www.facebook.com\/TekaEcuador\" \/>\n<meta property=\"article:published_time\" content=\"2020-12-04T14:23:55+00:00\" \/>\n<meta property=\"og:image\" content=\"https:\/\/www.teka.com\/es-ec\/wp-content\/uploads\/sites\/20\/2020\/12\/corona-queso.png\" \/>\n\t<meta property=\"og:image:width\" content=\"640\" \/>\n\t<meta property=\"og:image:height\" content=\"316\" \/>\n\t<meta property=\"og:image:type\" content=\"image\/png\" \/>\n<meta name=\"author\" content=\"ecuador\" \/>\n<meta name=\"twitter:card\" content=\"summary_large_image\" \/>\n<meta name=\"twitter:creator\" content=\"@TekaEcuador\" \/>\n<meta name=\"twitter:site\" content=\"@TekaEcuador\" \/>\n<meta name=\"twitter:label1\" content=\"Escrito por\" \/>\n\t<meta name=\"twitter:data1\" content=\"ecuador\" \/>\n\t<meta name=\"twitter:label2\" content=\"Tiempo de lectura\" \/>\n\t<meta name=\"twitter:data2\" content=\"1 minuto\" \/>\n<script type=\"application\/ld+json\" class=\"yoast-schema-graph\">{\"@context\":\"https:\\\/\\\/schema.org\",\"@graph\":[{\"@type\":\"Article\",\"@id\":\"https:\\\/\\\/www.teka.com\\\/es-ec\\\/sin-categoria\\\/corona-de-queso-y-espinacas-receta-navidena\\\/#article\",\"isPartOf\":{\"@id\":\"https:\\\/\\\/www.teka.com\\\/es-ec\\\/sin-categoria\\\/corona-de-queso-y-espinacas-receta-navidena\\\/\"},\"author\":{\"name\":\"ecuador\",\"@id\":\"https:\\\/\\\/www.teka.com\\\/es-ec\\\/#\\\/schema\\\/person\\\/aa2fbb318fdbb4251fb21999855ae96d\"},\"headline\":\"Corona de queso y espinacas &#8211; receta navide\u00f1a\",\"datePublished\":\"2020-12-04T14:23:55+00:00\",\"mainEntityOfPage\":{\"@id\":\"https:\\\/\\\/www.teka.com\\\/es-ec\\\/sin-categoria\\\/corona-de-queso-y-espinacas-receta-navidena\\\/\"},\"wordCount\":249,\"commentCount\":0,\"publisher\":{\"@id\":\"https:\\\/\\\/www.teka.com\\\/es-ec\\\/#organization\"},\"image\":{\"@id\":\"https:\\\/\\\/www.teka.com\\\/es-ec\\\/sin-categoria\\\/corona-de-queso-y-espinacas-receta-navidena\\\/#primaryimage\"},\"thumbnailUrl\":\"https:\\\/\\\/www.teka.com\\\/es-ec\\\/wp-content\\\/uploads\\\/sites\\\/20\\\/2020\\\/12\\\/corona-queso.png\",\"keywords\":[\"Receta Navide\u00f1a\"],\"articleSection\":{\"0\":\"Receta y Gastronom\u00eda\",\"2\":\"Recetas\",\"3\":\"Videorecetas\"},\"inLanguage\":\"es\",\"potentialAction\":[{\"@type\":\"CommentAction\",\"name\":\"Comment\",\"target\":[\"https:\\\/\\\/www.teka.com\\\/es-ec\\\/sin-categoria\\\/corona-de-queso-y-espinacas-receta-navidena\\\/#respond\"]}]},{\"@type\":\"WebPage\",\"@id\":\"https:\\\/\\\/www.teka.com\\\/es-ec\\\/sin-categoria\\\/corona-de-queso-y-espinacas-receta-navidena\\\/\",\"url\":\"https:\\\/\\\/www.teka.com\\\/es-ec\\\/sin-categoria\\\/corona-de-queso-y-espinacas-receta-navidena\\\/\",\"name\":\"Corona de queso y espinacas - receta navide\u00f1a | Teka Ecuador\",\"isPartOf\":{\"@id\":\"https:\\\/\\\/www.teka.com\\\/es-ec\\\/#website\"},\"primaryImageOfPage\":{\"@id\":\"https:\\\/\\\/www.teka.com\\\/es-ec\\\/sin-categoria\\\/corona-de-queso-y-espinacas-receta-navidena\\\/#primaryimage\"},\"image\":{\"@id\":\"https:\\\/\\\/www.teka.com\\\/es-ec\\\/sin-categoria\\\/corona-de-queso-y-espinacas-receta-navidena\\\/#primaryimage\"},\"thumbnailUrl\":\"https:\\\/\\\/www.teka.com\\\/es-ec\\\/wp-content\\\/uploads\\\/sites\\\/20\\\/2020\\\/12\\\/corona-queso.png\",\"datePublished\":\"2020-12-04T14:23:55+00:00\",\"inLanguage\":\"es\",\"potentialAction\":[{\"@type\":\"ReadAction\",\"target\":[\"https:\\\/\\\/www.teka.com\\\/es-ec\\\/sin-categoria\\\/corona-de-queso-y-espinacas-receta-navidena\\\/\"]}]},{\"@type\":\"ImageObject\",\"inLanguage\":\"es\",\"@id\":\"https:\\\/\\\/www.teka.com\\\/es-ec\\\/sin-categoria\\\/corona-de-queso-y-espinacas-receta-navidena\\\/#primaryimage\",\"url\":\"https:\\\/\\\/www.teka.com\\\/es-ec\\\/wp-content\\\/uploads\\\/sites\\\/20\\\/2020\\\/12\\\/corona-queso.png\",\"contentUrl\":\"https:\\\/\\\/www.teka.com\\\/es-ec\\\/wp-content\\\/uploads\\\/sites\\\/20\\\/2020\\\/12\\\/corona-queso.png\",\"width\":640,\"height\":316},{\"@type\":\"WebSite\",\"@id\":\"https:\\\/\\\/www.teka.com\\\/es-ec\\\/#website\",\"url\":\"https:\\\/\\\/www.teka.com\\\/es-ec\\\/\",\"name\":\"Teka Ecuador\",\"description\":\"\",\"publisher\":{\"@id\":\"https:\\\/\\\/www.teka.com\\\/es-ec\\\/#organization\"},\"potentialAction\":[{\"@type\":\"SearchAction\",\"target\":{\"@type\":\"EntryPoint\",\"urlTemplate\":\"https:\\\/\\\/www.teka.com\\\/es-ec\\\/?s={search_term_string}\"},\"query-input\":{\"@type\":\"PropertyValueSpecification\",\"valueRequired\":true,\"valueName\":\"search_term_string\"}}],\"inLanguage\":\"es\"},{\"@type\":\"Organization\",\"@id\":\"https:\\\/\\\/www.teka.com\\\/es-ec\\\/#organization\",\"name\":\"Teka Ecuador\",\"url\":\"https:\\\/\\\/www.teka.com\\\/es-ec\\\/\",\"logo\":{\"@type\":\"ImageObject\",\"inLanguage\":\"es\",\"@id\":\"https:\\\/\\\/www.teka.com\\\/es-ec\\\/#\\\/schema\\\/logo\\\/image\\\/\",\"url\":\"https:\\\/\\\/www.teka.com\\\/es-ec\\\/wp-content\\\/uploads\\\/sites\\\/20\\\/2019\\\/03\\\/Lg_TEKA_Red_Box_RGB-1.svg\",\"contentUrl\":\"https:\\\/\\\/www.teka.com\\\/es-ec\\\/wp-content\\\/uploads\\\/sites\\\/20\\\/2019\\\/03\\\/Lg_TEKA_Red_Box_RGB-1.svg\",\"width\":1,\"height\":1,\"caption\":\"Teka Ecuador\"},\"image\":{\"@id\":\"https:\\\/\\\/www.teka.com\\\/es-ec\\\/#\\\/schema\\\/logo\\\/image\\\/\"},\"sameAs\":[\"https:\\\/\\\/www.facebook.com\\\/TekaEcuador\",\"https:\\\/\\\/x.com\\\/TekaEcuador\",\"https:\\\/\\\/www.instagram.com\\\/tekaecuador\\\/\",\"https:\\\/\\\/www.linkedin.com\\\/company\\\/79951050\\\/\",\"https:\\\/\\\/www.youtube.com\\\/channel\\\/UCxMGBvrLxnh2N7SmSygTooA\"]},{\"@type\":\"Person\",\"@id\":\"https:\\\/\\\/www.teka.com\\\/es-ec\\\/#\\\/schema\\\/person\\\/aa2fbb318fdbb4251fb21999855ae96d\",\"name\":\"ecuador\",\"image\":{\"@type\":\"ImageObject\",\"inLanguage\":\"es\",\"@id\":\"https:\\\/\\\/secure.gravatar.com\\\/avatar\\\/1e2c4ff93524d5edf8db6c70578a94d71edf58c2977de8ac8fffe78ff2d446d3?s=96&d=mm&r=g\",\"url\":\"https:\\\/\\\/secure.gravatar.com\\\/avatar\\\/1e2c4ff93524d5edf8db6c70578a94d71edf58c2977de8ac8fffe78ff2d446d3?s=96&d=mm&r=g\",\"contentUrl\":\"https:\\\/\\\/secure.gravatar.com\\\/avatar\\\/1e2c4ff93524d5edf8db6c70578a94d71edf58c2977de8ac8fffe78ff2d446d3?s=96&d=mm&r=g\",\"caption\":\"ecuador\"}}]}<\/script>\n<!-- \/ Yoast SEO plugin. -->","yoast_head_json":{"title":"Corona de queso y espinacas - receta navide\u00f1a | Teka Ecuador","robots":{"index":"index","follow":"follow","max-snippet":"max-snippet:-1","max-image-preview":"max-image-preview:large","max-video-preview":"max-video-preview:-1"},"canonical":"https:\/\/www.teka.com\/es-ec\/sin-categoria\/corona-de-queso-y-espinacas-receta-navidena\/","og_locale":"es_ES","og_type":"article","og_title":"Corona de queso y espinacas - receta navide\u00f1a | Teka Ecuador","og_description":"Esta espectacular receta, te convertir\u00e1 en el mejor anfitri\u00f3n, con su crujiente y cremosito sabor todos tus invitados se deleitar\u00e1n, la combinaci\u00f3n de sabores es deliciosa y es ideal para servirlo en estas fechas. &nbsp; Ingredientes 2 u. masa brisa 500 g. hojas de espinaca 250 g. queso crema 1 u. huevo 50 g. uvas [&hellip;]","og_url":"https:\/\/www.teka.com\/es-ec\/sin-categoria\/corona-de-queso-y-espinacas-receta-navidena\/","og_site_name":"Teka Ecuador","article_publisher":"https:\/\/www.facebook.com\/TekaEcuador","article_published_time":"2020-12-04T14:23:55+00:00","og_image":[{"width":640,"height":316,"url":"https:\/\/www.teka.com\/es-ec\/wp-content\/uploads\/sites\/20\/2020\/12\/corona-queso.png","type":"image\/png"}],"author":"ecuador","twitter_card":"summary_large_image","twitter_creator":"@TekaEcuador","twitter_site":"@TekaEcuador","twitter_misc":{"Escrito por":"ecuador","Tiempo de lectura":"1 minuto"},"schema":{"@context":"https:\/\/schema.org","@graph":[{"@type":"Article","@id":"https:\/\/www.teka.com\/es-ec\/sin-categoria\/corona-de-queso-y-espinacas-receta-navidena\/#article","isPartOf":{"@id":"https:\/\/www.teka.com\/es-ec\/sin-categoria\/corona-de-queso-y-espinacas-receta-navidena\/"},"author":{"name":"ecuador","@id":"https:\/\/www.teka.com\/es-ec\/#\/schema\/person\/aa2fbb318fdbb4251fb21999855ae96d"},"headline":"Corona de queso y espinacas &#8211; receta navide\u00f1a","datePublished":"2020-12-04T14:23:55+00:00","mainEntityOfPage":{"@id":"https:\/\/www.teka.com\/es-ec\/sin-categoria\/corona-de-queso-y-espinacas-receta-navidena\/"},"wordCount":249,"commentCount":0,"publisher":{"@id":"https:\/\/www.teka.com\/es-ec\/#organization"},"image":{"@id":"https:\/\/www.teka.com\/es-ec\/sin-categoria\/corona-de-queso-y-espinacas-receta-navidena\/#primaryimage"},"thumbnailUrl":"https:\/\/www.teka.com\/es-ec\/wp-content\/uploads\/sites\/20\/2020\/12\/corona-queso.png","keywords":["Receta Navide\u00f1a"],"articleSection":{"0":"Receta y Gastronom\u00eda","2":"Recetas","3":"Videorecetas"},"inLanguage":"es","potentialAction":[{"@type":"CommentAction","name":"Comment","target":["https:\/\/www.teka.com\/es-ec\/sin-categoria\/corona-de-queso-y-espinacas-receta-navidena\/#respond"]}]},{"@type":"WebPage","@id":"https:\/\/www.teka.com\/es-ec\/sin-categoria\/corona-de-queso-y-espinacas-receta-navidena\/","url":"https:\/\/www.teka.com\/es-ec\/sin-categoria\/corona-de-queso-y-espinacas-receta-navidena\/","name":"Corona de queso y espinacas - receta navide\u00f1a | Teka Ecuador","isPartOf":{"@id":"https:\/\/www.teka.com\/es-ec\/#website"},"primaryImageOfPage":{"@id":"https:\/\/www.teka.com\/es-ec\/sin-categoria\/corona-de-queso-y-espinacas-receta-navidena\/#primaryimage"},"image":{"@id":"https:\/\/www.teka.com\/es-ec\/sin-categoria\/corona-de-queso-y-espinacas-receta-navidena\/#primaryimage"},"thumbnailUrl":"https:\/\/www.teka.com\/es-ec\/wp-content\/uploads\/sites\/20\/2020\/12\/corona-queso.png","datePublished":"2020-12-04T14:23:55+00:00","inLanguage":"es","potentialAction":[{"@type":"ReadAction","target":["https:\/\/www.teka.com\/es-ec\/sin-categoria\/corona-de-queso-y-espinacas-receta-navidena\/"]}]},{"@type":"ImageObject","inLanguage":"es","@id":"https:\/\/www.teka.com\/es-ec\/sin-categoria\/corona-de-queso-y-espinacas-receta-navidena\/#primaryimage","url":"https:\/\/www.teka.com\/es-ec\/wp-content\/uploads\/sites\/20\/2020\/12\/corona-queso.png","contentUrl":"https:\/\/www.teka.com\/es-ec\/wp-content\/uploads\/sites\/20\/2020\/12\/corona-queso.png","width":640,"height":316},{"@type":"WebSite","@id":"https:\/\/www.teka.com\/es-ec\/#website","url":"https:\/\/www.teka.com\/es-ec\/","name":"Teka Ecuador","description":"","publisher":{"@id":"https:\/\/www.teka.com\/es-ec\/#organization"},"potentialAction":[{"@type":"SearchAction","target":{"@type":"EntryPoint","urlTemplate":"https:\/\/www.teka.com\/es-ec\/?s={search_term_string}"},"query-input":{"@type":"PropertyValueSpecification","valueRequired":true,"valueName":"search_term_string"}}],"inLanguage":"es"},{"@type":"Organization","@id":"https:\/\/www.teka.com\/es-ec\/#organization","name":"Teka Ecuador","url":"https:\/\/www.teka.com\/es-ec\/","logo":{"@type":"ImageObject","inLanguage":"es","@id":"https:\/\/www.teka.com\/es-ec\/#\/schema\/logo\/image\/","url":"https:\/\/www.teka.com\/es-ec\/wp-content\/uploads\/sites\/20\/2019\/03\/Lg_TEKA_Red_Box_RGB-1.svg","contentUrl":"https:\/\/www.teka.com\/es-ec\/wp-content\/uploads\/sites\/20\/2019\/03\/Lg_TEKA_Red_Box_RGB-1.svg","width":1,"height":1,"caption":"Teka Ecuador"},"image":{"@id":"https:\/\/www.teka.com\/es-ec\/#\/schema\/logo\/image\/"},"sameAs":["https:\/\/www.facebook.com\/TekaEcuador","https:\/\/x.com\/TekaEcuador","https:\/\/www.instagram.com\/tekaecuador\/","https:\/\/www.linkedin.com\/company\/79951050\/","https:\/\/www.youtube.com\/channel\/UCxMGBvrLxnh2N7SmSygTooA"]},{"@type":"Person","@id":"https:\/\/www.teka.com\/es-ec\/#\/schema\/person\/aa2fbb318fdbb4251fb21999855ae96d","name":"ecuador","image":{"@type":"ImageObject","inLanguage":"es","@id":"https:\/\/secure.gravatar.com\/avatar\/1e2c4ff93524d5edf8db6c70578a94d71edf58c2977de8ac8fffe78ff2d446d3?s=96&d=mm&r=g","url":"https:\/\/secure.gravatar.com\/avatar\/1e2c4ff93524d5edf8db6c70578a94d71edf58c2977de8ac8fffe78ff2d446d3?s=96&d=mm&r=g","contentUrl":"https:\/\/secure.gravatar.com\/avatar\/1e2c4ff93524d5edf8db6c70578a94d71edf58c2977de8ac8fffe78ff2d446d3?s=96&d=mm&r=g","caption":"ecuador"}}]}},"_links":{"self":[{"href":"https:\/\/www.teka.com\/es-ec\/wp-json\/wp\/v2\/posts\/67211","targetHints":{"allow":["GET"]}}],"collection":[{"href":"https:\/\/www.teka.com\/es-ec\/wp-json\/wp\/v2\/posts"}],"about":[{"href":"https:\/\/www.teka.com\/es-ec\/wp-json\/wp\/v2\/types\/post"}],"author":[{"embeddable":true,"href":"https:\/\/www.teka.com\/es-ec\/wp-json\/wp\/v2\/users\/37"}],"replies":[{"embeddable":true,"href":"https:\/\/www.teka.com\/es-ec\/wp-json\/wp\/v2\/comments?post=67211"}],"version-history":[{"count":3,"href":"https:\/\/www.teka.com\/es-ec\/wp-json\/wp\/v2\/posts\/67211\/revisions"}],"predecessor-version":[{"id":67216,"href":"https:\/\/www.teka.com\/es-ec\/wp-json\/wp\/v2\/posts\/67211\/revisions\/67216"}],"wp:featuredmedia":[{"embeddable":true,"href":"https:\/\/www.teka.com\/es-ec\/wp-json\/wp\/v2\/media\/67214"}],"wp:attachment":[{"href":"https:\/\/www.teka.com\/es-ec\/wp-json\/wp\/v2\/media?parent=67211"}],"wp:term":[{"taxonomy":"category","embeddable":true,"href":"https:\/\/www.teka.com\/es-ec\/wp-json\/wp\/v2\/categories?post=67211"},{"taxonomy":"post_tag","embeddable":true,"href":"https:\/\/www.teka.com\/es-ec\/wp-json\/wp\/v2\/tags?post=67211"}],"curies":[{"name":"wp","href":"https:\/\/api.w.org\/{rel}","templated":true}]}}