{"id":120352,"date":"2021-08-05T11:24:22","date_gmt":"2021-08-05T09:24:22","guid":{"rendered":"https:\/\/www.teka.com\/es-es\/?p=120352"},"modified":"2021-11-28T11:24:14","modified_gmt":"2021-11-28T10:24:14","slug":"por-que-consumir-frutas-y-verduras-de-temporada-y-como-conservarlas-en-verano","status":"publish","type":"post","link":"https:\/\/www.teka.com\/es-es\/inspiracion\/recetas-y-gastronomia\/por-que-consumir-frutas-y-verduras-de-temporada-y-como-conservarlas-en-verano\/","title":{"rendered":"Por qu\u00e9 consumir frutas y verduras de temporada y c\u00f3mo conservarlas en verano"},"content":{"rendered":"<p class=\"p1\">Es habitual que escuchemos a profesionales de la salud y la nutrici\u00f3n, entre otros, hablar de los<b> beneficios de las frutas y verduras de temporada<\/b> y lo que suponen para nuestro organismo. Aconsejan consumir aquellos alimentos cuyas cosechas han terminado en el mismo per\u00edodo en el que las vamos a comer. Pero \u00bfsabemos por qu\u00e9?<span class=\"s1\"><br \/>\n<\/span><\/p>\n<h2 class=\"p1\"><span class=\"s1\"><br \/>\n\u00bfPor qu\u00e9 elegir frutas y verduras de temporada?\u00a0<\/span><\/h2>\n<p class=\"p1\">El consumo de <b>frutas y verduras de esta temporada<\/b>, adem\u00e1s de sus beneficios a nivel nutricional, tambi\u00e9n es bueno para el ecosistema. Esto es as\u00ed porque nos aseguramos de consumir alimentos que han nacido respetando los ciclos propios de la naturaleza. Su recogida a nivel local se lleva a cabo en el tiempo adecuado de maduraci\u00f3n, por lo que sus propiedades nutricionales se conservan mejor, as\u00ed como su aroma y sabor.<\/p>\n<p><img loading=\"lazy\" decoding=\"async\" class=\"alignnone size-full wp-image-84304\" src=\"https:\/\/www.teka.com\/es-es\/wp-content\/uploads\/sites\/2\/2020\/08\/trucos-para-beber-agua.jpg\" alt=\"Frutas y verduras\" width=\"700\" height=\"436\" srcset=\"https:\/\/www.teka.com\/es-es\/wp-content\/uploads\/sites\/2\/2020\/08\/trucos-para-beber-agua.jpg 700w, https:\/\/www.teka.com\/es-es\/wp-content\/uploads\/sites\/2\/2020\/08\/trucos-para-beber-agua-480x299.jpg 480w\" sizes=\"(min-width: 0px) and (max-width: 480px) 480px, (min-width: 481px) 700px, 100vw\" \/><\/p>\n<p>Al no haberse cultivado en un invernadero, cuentan con los <b>antioxidantes<\/b>, componentes naturales y fitoqu\u00edmicos tan positivos para el cuerpo, si los comparamos con las frutas y verduras que no son de temporada. Tampoco llevan tiempo siendo conservadas en c\u00e1maras de alimentaci\u00f3n que les puede restar nutrientes, sabor y jugosidad. Incorporarlas a tu dieta, te permitir\u00e1 disfrutarlas mucho m\u00e1s y mejorar tu alimentaci\u00f3n.<\/p>\n<h3>Localizaci\u00f3n y transporte<\/h3>\n<p>Por otra parte, las frutas y verdura de temporada son m\u00e1s <b>econ\u00f3micas<\/b>. El motivo es que para consumir los productos que est\u00e1n fuera de su habitual temporada, deben ser importados desde otras zonas o pa\u00edses&#8230; y ese transporte hay que pagarlo. En cambio, un <strong>agricultor<\/strong> de la zona puede ofrecernos productos de temporada frescos a consumir en comercio de cercan\u00eda por otros costes.<\/p>\n<p><img loading=\"lazy\" decoding=\"async\" class=\"alignnone size-full wp-image-120370\" src=\"https:\/\/www.teka.com\/es-es\/wp-content\/uploads\/sites\/2\/2021\/08\/manzanas-agricultor.jpg\" alt=\"caja de manzanas sujeta por agricultura con delantal\" width=\"700\" height=\"436\" srcset=\"https:\/\/www.teka.com\/es-es\/wp-content\/uploads\/sites\/2\/2021\/08\/manzanas-agricultor.jpg 700w, https:\/\/www.teka.com\/es-es\/wp-content\/uploads\/sites\/2\/2021\/08\/manzanas-agricultor-480x299.jpg 480w\" sizes=\"(min-width: 0px) and (max-width: 480px) 480px, (min-width: 481px) 700px, 100vw\" \/><\/p>\n<p>Si las frutas y verduras no est\u00e1n cultivadas de manera <b>ecol\u00f3gica<\/b>, lo m\u00e1s seguro es que contengan residuos qu\u00edmicos de fertilizantes o plaguicidas. El uso de los mismos es m\u00e1s necesario cuando se cultiva contra su naturaleza, forzando a la verdura o fruta a crecer cuando el clima no le resulta favorable.<\/p>\n<h3>Frutas y verduras de temporada sostenibles<\/h3>\n<p>Si compramos directamente a comercios o agricultores ecol\u00f3gicos, seguramente nos van a ofrecer siempre productos propios de esa estaci\u00f3n. Resultan m\u00e1s <a href=\"https:\/\/www.teka.com\/es-es\/inspiracion\/consejos-y-mantenimiento\/ahorro-y-eficiencia\/crear-una-cocina-sostenible-con-las-seis-rs\/\" target=\"_blank\" rel=\"noopener\">sostenibles<\/a>,<b>\u00a0<\/b>ya que es m\u00e1s sencillo apostar por <strong>productos locales<\/strong> que usan menos energ\u00eda para su comercializaci\u00f3n.<\/p>\n<p><img loading=\"lazy\" decoding=\"async\" class=\"alignnone size-full wp-image-79952\" src=\"https:\/\/www.teka.com\/es-es\/wp-content\/uploads\/sites\/2\/2020\/02\/cerezas.jpg\" alt=\"alimentos morados mujer\" width=\"700\" height=\"436\" srcset=\"https:\/\/www.teka.com\/es-es\/wp-content\/uploads\/sites\/2\/2020\/02\/cerezas.jpg 700w, https:\/\/www.teka.com\/es-es\/wp-content\/uploads\/sites\/2\/2020\/02\/cerezas-300x187.jpg 300w, https:\/\/www.teka.com\/es-es\/wp-content\/uploads\/sites\/2\/2020\/02\/cerezas-400x250.jpg 400w\" sizes=\"(max-width: 700px) 100vw, 700px\" \/><\/p>\n<p>No en vano, <strong>la distribuci\u00f3n, el almacenamiento y el transporte<\/strong> dejan huella ecol\u00f3gica en nuestro planeta. Por lo que, al respetarse el ciclo natural de las plantas para su siembra, crecimiento y recolecci\u00f3n, se fomenta tambi\u00e9n la rotaci\u00f3n de los cultivos y el suelo se empobrece menos.<\/p>\n<p>De igual forma, podr\u00e1s elaborar mejores conservas, totalmente caseras y deshidratadas. As\u00ed, ser\u00e1 f\u00e1cil seguir disfrutando de tus verduras y frutas favoritas durante todo el a\u00f1o, aunque la <span class=\"s2\"><a href=\"https:\/\/www.teka.com\/es-es\/inspiracion\/recetas-y-gastronomia\/alimentos-de-temporada-en-primavera\/%22\" target=\"_blank\" rel=\"noopener\">temporada<\/a><\/span> <span class=\"s3\">ya se haya terminado.\u00a0<\/span><\/p>\n<h2 class=\"p1\">Fruta y verdura de temporada en verano<\/h2>\n<p><img loading=\"lazy\" decoding=\"async\" class=\"alignnone size-full wp-image-120371\" src=\"https:\/\/www.teka.com\/es-es\/wp-content\/uploads\/sites\/2\/2021\/08\/sandi\u0301a-en-sangri\u0301a.jpg\" alt=\"jarra y vaso de sangr\u00eda de sand\u00eda con naranja\" width=\"700\" height=\"436\" srcset=\"https:\/\/www.teka.com\/es-es\/wp-content\/uploads\/sites\/2\/2021\/08\/sandi\u0301a-en-sangri\u0301a.jpg 700w, https:\/\/www.teka.com\/es-es\/wp-content\/uploads\/sites\/2\/2021\/08\/sandi\u0301a-en-sangri\u0301a-300x187.jpg 300w, https:\/\/www.teka.com\/es-es\/wp-content\/uploads\/sites\/2\/2021\/08\/sandi\u0301a-en-sangri\u0301a-400x250.jpg 400w, https:\/\/www.teka.com\/es-es\/wp-content\/uploads\/sites\/2\/2021\/08\/sandi\u0301a-en-sangri\u0301a-480x299.jpg 480w\" sizes=\"(max-width: 700px) 100vw, 700px\" \/><\/p>\n<p class=\"p1\">La fruta en la estaci\u00f3n m\u00e1s calurosa del a\u00f1o cobra un papel esencial para estar <strong>hidratados<\/strong> y adem\u00e1s contamos con frutas particularmente dulces: <a href=\"https:\/\/www.cookinglovers.com\/es\/recetas\/limonada-de-sandia\" target=\"_blank\" rel=\"noopener\">sand\u00eda<\/a>, mel\u00f3n, melocot\u00f3n, albaricoques, <a href=\"https:\/\/www.cookinglovers.com\/es\/recetas\/crema-ligera-de-pera-puerros-y-patatas\" target=\"_blank\" rel=\"noopener\">peras<\/a>, paraguayas, ciruelas o <a href=\"https:\/\/www.cookinglovers.com\/es\/recetas\/tosta-de-garbanzos-asados-higos-y-tomillo\" target=\"_blank\" rel=\"noopener\">higos<\/a> han alcanzado su punto de <strong>maduraci\u00f3n<\/strong> y pueden consumirse tanto como <a href=\"https:\/\/www.cookinglovers.com\/es\/coleccion\/Ice-Ice-baby:-los-mejores-helados-caseros\/\" target=\"_blank\" rel=\"noopener\">postre<\/a> como tambi\u00e9n siendo parte de platos <a href=\"https:\/\/www.cookinglovers.com\/es\/recetas\/gazpacho-de-cerezas\" target=\"_blank\" rel=\"noopener\">principales<\/a>. En el caso de las verduras, los <a href=\"https:\/\/www.cookinglovers.com\/es\/recetas\/cheesecake-salada-con-tomates-cherry\" target=\"_blank\" rel=\"noopener\">tomates<\/a> son los protagonistas, pero tambi\u00e9n el pepino, la <a href=\"https:\/\/www.cookinglovers.com\/es\/recetas\/hummus-de-calabaza-casero\" target=\"_blank\" rel=\"noopener\">calabaza<\/a>, el calabac\u00edn las jud\u00edas verdes, la berenjena, las acelgas o los berros.<\/p>\n<h2 class=\"p1\">\u00bfC\u00f3mo conservar las frutas y verduras en verano?<\/h2>\n<p class=\"p1\">Los <a href=\"https:\/\/www.teka.com\/es-es\/cocina\/frigorificos-y-congeladores\/\" target=\"_blank\" rel=\"noopener\">frigor\u00edficos<\/a> viven su temporada m\u00e1s estresante con la subida de las temperaturas. Los alimentos se <strong>deterioran<\/strong> con mayor facilidad as\u00ed que el electrodom\u00e9stico es nuestra mejor arma para <a href=\"https:\/\/www.teka.com\/es-es\/inspiracion\/consejos-y-mantenimiento\/uso\/la-mejor-forma-de-conservar-verduras-y-otros-alimentos\/\" target=\"_blank\" rel=\"noopener\">conservar<\/a> la comida m\u00e1s tiempo, aunque hay que saber aprovecharlo.<\/p>\n<p><img loading=\"lazy\" decoding=\"async\" class=\"alignnone size-full wp-image-118078\" src=\"https:\/\/www.teka.com\/es-es\/wp-content\/uploads\/sites\/2\/2021\/05\/conservar-verdura-frigori\u0301fico.jpg\" alt=\"conservar-verdura-frigori\u0301fico\" width=\"700\" height=\"436\" srcset=\"https:\/\/www.teka.com\/es-es\/wp-content\/uploads\/sites\/2\/2021\/05\/conservar-verdura-frigori\u0301fico.jpg 700w, https:\/\/www.teka.com\/es-es\/wp-content\/uploads\/sites\/2\/2021\/05\/conservar-verdura-frigori\u0301fico-300x187.jpg 300w, https:\/\/www.teka.com\/es-es\/wp-content\/uploads\/sites\/2\/2021\/05\/conservar-verdura-frigori\u0301fico-400x250.jpg 400w, https:\/\/www.teka.com\/es-es\/wp-content\/uploads\/sites\/2\/2021\/05\/conservar-verdura-frigori\u0301fico-480x299.jpg 480w\" sizes=\"(max-width: 700px) 100vw, 700px\" \/><\/p>\n<p class=\"p1\">El espacio interior del frigor\u00edfico cada vez est\u00e1 mejor preparado para conservar los alimentos en las mejores <a href=\"https:\/\/www.youtube.com\/watch?v=Xa-e4uQOrao&amp;list=PLV8xPjOjXhbgU-COYw6ZXBKiaT5pE_L_h&amp;index=1\" target=\"_blank\" rel=\"noopener\">condiciones<\/a> durante m\u00e1s tiempo. Y eso significa que tambi\u00e9n conservan sus nutrientes. En el caso de las frutas y las verduras, la oxidaci\u00f3n es m\u00e1s pronunciada, as\u00ed que los compartimentos y <strong>cajones espec\u00edficos<\/strong> cobran m\u00e1s importancia. Los circuitos de<strong> recirculaci\u00f3n de aire<\/strong> independientes mantienen la <strong>humedad<\/strong> a trav\u00e9s de un control personalizado y eso se nota en el sabor, adem\u00e1s de en el <strong>aporte vitam\u00ednico<\/strong> natural del alimento.<\/p>\n<p class=\"p1\">Vamos, que con poco esfuerzo m\u00e1s all\u00e1 de colocar cada pieza de fruta y verdura en el lugar correcto, el frigor\u00edfico se encarga del resto y <strong>trabaja por ti<\/strong> para que tus alimentos est\u00e9n frescos aunque haya 40 \u00b0C a la sombra. Y no por ello suponen un gasto extra en la factura de la luz: el alto rendimiento <a href=\"https:\/\/www.teka.com\/es-es\/inspiracion\/consejos-y-mantenimiento\/ahorro-y-eficiencia\/nuevas-etiquetas-de-clasificacion-energetica\/\" target=\"_blank\" rel=\"noopener\">energ\u00e9tico<\/a> ha llegado para quedarse en muchos modelos.<\/p>\n<h3>Puesta a punto<\/h3>\n<p><img loading=\"lazy\" decoding=\"async\" class=\"alignnone size-full wp-image-77568\" src=\"https:\/\/www.teka.com\/es-es\/wp-content\/uploads\/sites\/2\/2019\/12\/frigori\u0301ficos-combi-no-frost.png\" alt=\"mejores frigor\u00edficos combi\" width=\"700\" height=\"436\" srcset=\"https:\/\/www.teka.com\/es-es\/wp-content\/uploads\/sites\/2\/2019\/12\/frigori\u0301ficos-combi-no-frost.png 700w, https:\/\/www.teka.com\/es-es\/wp-content\/uploads\/sites\/2\/2019\/12\/frigori\u0301ficos-combi-no-frost-300x187.png 300w, https:\/\/www.teka.com\/es-es\/wp-content\/uploads\/sites\/2\/2019\/12\/frigori\u0301ficos-combi-no-frost-400x250.png 400w\" sizes=\"(max-width: 700px) 100vw, 700px\" \/><\/p>\n<p class=\"p1\">Aparte de algunos puntos espec\u00edficos a tener en cuenta para conservar alimentos en <a href=\"https:\/\/www.teka.com\/es-es\/inspiracion\/recetas-y-gastronomia\/consejos-para-conservar-alimentos-en-verano\/\" target=\"_blank\" rel=\"noopener\">verano<\/a>, tambi\u00e9n conviene que hagas una puesta a punto de tu frigor\u00edfico, que a veces, entre modelos que hacen menos <a href=\"https:\/\/www.teka.com\/es-es\/inspiracion\/consejos-y-mantenimiento\/uso\/que-ruidos-en-el-frigorifico-indican-que-algo-no-anda-bien\/\" target=\"_blank\" rel=\"noopener\">ruido<\/a> que un coche el\u00e9ctrico y cada vez mejores <a href=\"https:\/\/www.teka.com\/es-es\/noticias\/teka-presenta-sus-nuevos-frigorificos-crystal-door\/\" target=\"_blank\" rel=\"noopener\">dise\u00f1os<\/a>, no lo valoramos como lo que tambi\u00e9n es: un <strong>imprescindible<\/strong> en la cocina y el hogar. Limpia de manera recurrente su interior pero tambi\u00e9n su exterior; repasa las <a href=\"https:\/\/www.teka.com\/es-es\/inspiracion\/consejos-y-mantenimiento\/uso\/aprende-a-cambiar-la-goma-del-frigorifico\/\" target=\"_blank\" rel=\"noopener\">gomas<\/a> y las superficies y mant\u00e9n la <a href=\"https:\/\/www.teka.com\/es-es\/inspiracion\/consejos-y-mantenimiento\/uso\/cual-es-la-temperatura-del-frigorifico-correcta\/\" target=\"_blank\" rel=\"noopener\">temperatura<\/a> aconsejada por el fabricante. Medidas que te ayudar\u00e1n a sacarle el m\u00e1ximo partido y tambi\u00e9n a aumentar su vida \u00fatil.<\/p>\n<p class=\"p1\">Ten a mano <strong>frutas y verduras<\/strong> de temporada todo el a\u00f1o y aprende a conservarlos correctamente, sobre todo en las \u00e9pocas con condiciones ambientales m\u00e1s extremas. Tener el cuerpo a punto para lo que est\u00e9 por venir empieza, en buena medida, por lo que <a href=\"https:\/\/www.teka.com\/es-es\/inspiracion\/recetas-y-gastronomia\/food-for-inmunity-la-dieta-para-el-sistema-inmune\/\" target=\"_blank\" rel=\"noopener\">comemos<\/a>, as\u00ed que cualquier momento es bueno para empezar a cuidarnos.<\/p>\n","protected":false},"excerpt":{"rendered":"<p>Es habitual que escuchemos a profesionales de la salud y la nutrici\u00f3n, entre otros, hablar de los beneficios de las frutas y verduras de temporada y lo que suponen para nuestro organismo. Aconsejan consumir aquellos alimentos cuyas cosechas han terminado en el mismo per\u00edodo en el que las vamos a comer. Pero \u00bfsabemos por qu\u00e9? [&hellip;]<\/p>\n","protected":false},"author":50,"featured_media":120373,"comment_status":"open","ping_status":"closed","sticky":false,"template":"","format":"standard","meta":{"_acf_changed":false,"_et_pb_use_builder":"","_et_pb_old_content":"","_et_gb_content_width":"","footnotes":""},"categories":[2807],"tags":[],"class_list":["post-120352","post","type-post","status-publish","format-standard","has-post-thumbnail","hentry","category-recetas-y-gastronomia"],"acf":[],"yoast_head":"<!-- This site is optimized with the Yoast SEO plugin v27.2 - https:\/\/yoast.com\/product\/yoast-seo-wordpress\/ -->\n<title>Por qu\u00e9 consumir frutas y verduras de temporada y c\u00f3mo conservarlas en verano | Teka Espa\u00f1a<\/title>\n<meta name=\"description\" content=\"Te contamos por qu\u00e9 es mejor eso de consumir frutas y verduras de temporada y tambi\u00e9n la mejor forma de conservarlas en el frigor\u00edfico.\" \/>\n<meta name=\"robots\" content=\"index, follow, max-snippet:-1, max-image-preview:large, max-video-preview:-1\" \/>\n<link rel=\"canonical\" href=\"https:\/\/www.teka.com\/es-es\/inspiracion\/recetas-y-gastronomia\/por-que-consumir-frutas-y-verduras-de-temporada-y-como-conservarlas-en-verano\/\" \/>\n<meta property=\"og:locale\" content=\"es_ES\" \/>\n<meta property=\"og:type\" content=\"article\" \/>\n<meta property=\"og:title\" content=\"Por qu\u00e9 consumir frutas y verduras de temporada y c\u00f3mo conservarlas en verano\" \/>\n<meta property=\"og:description\" content=\"Te contamos por qu\u00e9 es mejor eso de consumir frutas y verduras de temporada y tambi\u00e9n la mejor forma de conservarlas en el frigor\u00edfico.\" \/>\n<meta property=\"og:url\" content=\"https:\/\/www.teka.com\/es-es\/inspiracion\/recetas-y-gastronomia\/por-que-consumir-frutas-y-verduras-de-temporada-y-como-conservarlas-en-verano\/\" \/>\n<meta property=\"og:site_name\" content=\"Teka Espa\u00f1a\" \/>\n<meta property=\"article:published_time\" content=\"2021-08-05T09:24:22+00:00\" \/>\n<meta property=\"article:modified_time\" content=\"2021-11-28T10:24:14+00:00\" \/>\n<meta property=\"og:image\" content=\"https:\/\/www.teka.com\/es-es\/wp-content\/uploads\/sites\/2\/2021\/08\/fruta-de-temporada-verano.jpg\" \/>\n\t<meta property=\"og:image:width\" content=\"700\" \/>\n\t<meta property=\"og:image:height\" content=\"436\" \/>\n\t<meta property=\"og:image:type\" content=\"image\/jpeg\" \/>\n<meta name=\"author\" content=\"lorgana\" \/>\n<meta name=\"twitter:card\" content=\"summary_large_image\" \/>\n<meta name=\"twitter:title\" content=\"Por qu\u00e9 consumir frutas y verduras de temporada y c\u00f3mo conservarlas en verano\" \/>\n<meta name=\"twitter:image\" content=\"https:\/\/www.teka.com\/es-es\/wp-content\/uploads\/sites\/2\/2021\/08\/fruta-de-temporada-verano.jpg\" \/>\n<meta name=\"twitter:label1\" content=\"Escrito por\" \/>\n\t<meta name=\"twitter:data1\" content=\"lorgana\" \/>\n\t<meta name=\"twitter:label2\" content=\"Tiempo de lectura\" \/>\n\t<meta name=\"twitter:data2\" content=\"6 minutos\" \/>\n<script type=\"application\/ld+json\" class=\"yoast-schema-graph\">{\"@context\":\"https:\/\/schema.org\",\"@graph\":[{\"@type\":\"Article\",\"@id\":\"https:\/\/www.teka.com\/es-es\/inspiracion\/recetas-y-gastronomia\/por-que-consumir-frutas-y-verduras-de-temporada-y-como-conservarlas-en-verano\/#article\",\"isPartOf\":{\"@id\":\"https:\/\/www.teka.com\/es-es\/inspiracion\/recetas-y-gastronomia\/por-que-consumir-frutas-y-verduras-de-temporada-y-como-conservarlas-en-verano\/\"},\"author\":{\"name\":\"lorgana\",\"@id\":\"https:\/\/www.teka.com\/es-es\/#\/schema\/person\/3c8d01225d6ee8c453254958581e098d\"},\"headline\":\"Por qu\u00e9 consumir frutas y verduras de temporada y c\u00f3mo conservarlas en verano\",\"datePublished\":\"2021-08-05T09:24:22+00:00\",\"dateModified\":\"2021-11-28T10:24:14+00:00\",\"mainEntityOfPage\":{\"@id\":\"https:\/\/www.teka.com\/es-es\/inspiracion\/recetas-y-gastronomia\/por-que-consumir-frutas-y-verduras-de-temporada-y-como-conservarlas-en-verano\/\"},\"wordCount\":975,\"commentCount\":0,\"publisher\":{\"@id\":\"https:\/\/www.teka.com\/es-es\/#organization\"},\"image\":{\"@id\":\"https:\/\/www.teka.com\/es-es\/inspiracion\/recetas-y-gastronomia\/por-que-consumir-frutas-y-verduras-de-temporada-y-como-conservarlas-en-verano\/#primaryimage\"},\"thumbnailUrl\":\"https:\/\/www.teka.com\/es-es\/wp-content\/uploads\/sites\/2\/2021\/08\/fruta-de-temporada-verano.jpg\",\"articleSection\":[\"Recetas y gastronom\u00eda\"],\"inLanguage\":\"es\",\"potentialAction\":[{\"@type\":\"CommentAction\",\"name\":\"Comment\",\"target\":[\"https:\/\/www.teka.com\/es-es\/inspiracion\/recetas-y-gastronomia\/por-que-consumir-frutas-y-verduras-de-temporada-y-como-conservarlas-en-verano\/#respond\"]}]},{\"@type\":\"WebPage\",\"@id\":\"https:\/\/www.teka.com\/es-es\/inspiracion\/recetas-y-gastronomia\/por-que-consumir-frutas-y-verduras-de-temporada-y-como-conservarlas-en-verano\/\",\"url\":\"https:\/\/www.teka.com\/es-es\/inspiracion\/recetas-y-gastronomia\/por-que-consumir-frutas-y-verduras-de-temporada-y-como-conservarlas-en-verano\/\",\"name\":\"Por qu\u00e9 consumir frutas y verduras de temporada y c\u00f3mo conservarlas en verano | Teka Espa\u00f1a\",\"isPartOf\":{\"@id\":\"https:\/\/www.teka.com\/es-es\/#website\"},\"primaryImageOfPage\":{\"@id\":\"https:\/\/www.teka.com\/es-es\/inspiracion\/recetas-y-gastronomia\/por-que-consumir-frutas-y-verduras-de-temporada-y-como-conservarlas-en-verano\/#primaryimage\"},\"image\":{\"@id\":\"https:\/\/www.teka.com\/es-es\/inspiracion\/recetas-y-gastronomia\/por-que-consumir-frutas-y-verduras-de-temporada-y-como-conservarlas-en-verano\/#primaryimage\"},\"thumbnailUrl\":\"https:\/\/www.teka.com\/es-es\/wp-content\/uploads\/sites\/2\/2021\/08\/fruta-de-temporada-verano.jpg\",\"datePublished\":\"2021-08-05T09:24:22+00:00\",\"dateModified\":\"2021-11-28T10:24:14+00:00\",\"description\":\"Te contamos por qu\u00e9 es mejor eso de consumir frutas y verduras de temporada y tambi\u00e9n la mejor forma de conservarlas en el frigor\u00edfico.\",\"inLanguage\":\"es\",\"potentialAction\":[{\"@type\":\"ReadAction\",\"target\":[\"https:\/\/www.teka.com\/es-es\/inspiracion\/recetas-y-gastronomia\/por-que-consumir-frutas-y-verduras-de-temporada-y-como-conservarlas-en-verano\/\"]}]},{\"@type\":\"ImageObject\",\"inLanguage\":\"es\",\"@id\":\"https:\/\/www.teka.com\/es-es\/inspiracion\/recetas-y-gastronomia\/por-que-consumir-frutas-y-verduras-de-temporada-y-como-conservarlas-en-verano\/#primaryimage\",\"url\":\"https:\/\/www.teka.com\/es-es\/wp-content\/uploads\/sites\/2\/2021\/08\/fruta-de-temporada-verano.jpg\",\"contentUrl\":\"https:\/\/www.teka.com\/es-es\/wp-content\/uploads\/sites\/2\/2021\/08\/fruta-de-temporada-verano.jpg\",\"width\":700,\"height\":436,\"caption\":\"cerezas y albaricoques en una cesta\"},{\"@type\":\"WebSite\",\"@id\":\"https:\/\/www.teka.com\/es-es\/#website\",\"url\":\"https:\/\/www.teka.com\/es-es\/\",\"name\":\"Teka Espa\u00f1a\",\"description\":\"\",\"publisher\":{\"@id\":\"https:\/\/www.teka.com\/es-es\/#organization\"},\"potentialAction\":[{\"@type\":\"SearchAction\",\"target\":{\"@type\":\"EntryPoint\",\"urlTemplate\":\"https:\/\/www.teka.com\/es-es\/?s={search_term_string}\"},\"query-input\":{\"@type\":\"PropertyValueSpecification\",\"valueRequired\":true,\"valueName\":\"search_term_string\"}}],\"inLanguage\":\"es\"},{\"@type\":\"Organization\",\"@id\":\"https:\/\/www.teka.com\/es-es\/#organization\",\"name\":\"Teka Espa\u00f1a\",\"url\":\"https:\/\/www.teka.com\/es-es\/\",\"logo\":{\"@type\":\"ImageObject\",\"inLanguage\":\"es\",\"@id\":\"https:\/\/www.teka.com\/es-es\/#\/schema\/logo\/image\/\",\"url\":\"https:\/\/www.teka.com\/es-es\/wp-content\/uploads\/sites\/2\/2020\/08\/teka-new-logo.png\",\"contentUrl\":\"https:\/\/www.teka.com\/es-es\/wp-content\/uploads\/sites\/2\/2020\/08\/teka-new-logo.png\",\"width\":1024,\"height\":1024,\"caption\":\"Teka Espa\u00f1a\"},\"image\":{\"@id\":\"https:\/\/www.teka.com\/es-es\/#\/schema\/logo\/image\/\"}},{\"@type\":\"Person\",\"@id\":\"https:\/\/www.teka.com\/es-es\/#\/schema\/person\/3c8d01225d6ee8c453254958581e098d\",\"name\":\"lorgana\",\"image\":{\"@type\":\"ImageObject\",\"inLanguage\":\"es\",\"@id\":\"https:\/\/secure.gravatar.com\/avatar\/85a1208c099e6872d44fb66cd1e58fd64310486e35e5a44526b47a239681dfc7?s=96&d=mm&r=g\",\"url\":\"https:\/\/secure.gravatar.com\/avatar\/85a1208c099e6872d44fb66cd1e58fd64310486e35e5a44526b47a239681dfc7?s=96&d=mm&r=g\",\"contentUrl\":\"https:\/\/secure.gravatar.com\/avatar\/85a1208c099e6872d44fb66cd1e58fd64310486e35e5a44526b47a239681dfc7?s=96&d=mm&r=g\",\"caption\":\"lorgana\"}}]}<\/script>\n<!-- \/ Yoast SEO plugin. -->","yoast_head_json":{"title":"Por qu\u00e9 consumir frutas y verduras de temporada y c\u00f3mo conservarlas en verano | Teka Espa\u00f1a","description":"Te contamos por qu\u00e9 es mejor eso de consumir frutas y verduras de temporada y tambi\u00e9n la mejor forma de conservarlas en el frigor\u00edfico.","robots":{"index":"index","follow":"follow","max-snippet":"max-snippet:-1","max-image-preview":"max-image-preview:large","max-video-preview":"max-video-preview:-1"},"canonical":"https:\/\/www.teka.com\/es-es\/inspiracion\/recetas-y-gastronomia\/por-que-consumir-frutas-y-verduras-de-temporada-y-como-conservarlas-en-verano\/","og_locale":"es_ES","og_type":"article","og_title":"Por qu\u00e9 consumir frutas y verduras de temporada y c\u00f3mo conservarlas en verano","og_description":"Te contamos por qu\u00e9 es mejor eso de consumir frutas y verduras de temporada y tambi\u00e9n la mejor forma de conservarlas en el frigor\u00edfico.","og_url":"https:\/\/www.teka.com\/es-es\/inspiracion\/recetas-y-gastronomia\/por-que-consumir-frutas-y-verduras-de-temporada-y-como-conservarlas-en-verano\/","og_site_name":"Teka Espa\u00f1a","article_published_time":"2021-08-05T09:24:22+00:00","article_modified_time":"2021-11-28T10:24:14+00:00","og_image":[{"width":700,"height":436,"url":"https:\/\/www.teka.com\/es-es\/wp-content\/uploads\/sites\/2\/2021\/08\/fruta-de-temporada-verano.jpg","type":"image\/jpeg"}],"author":"lorgana","twitter_card":"summary_large_image","twitter_title":"Por qu\u00e9 consumir frutas y verduras de temporada y c\u00f3mo conservarlas en verano","twitter_image":"https:\/\/www.teka.com\/es-es\/wp-content\/uploads\/sites\/2\/2021\/08\/fruta-de-temporada-verano.jpg","twitter_misc":{"Escrito por":"lorgana","Tiempo de lectura":"6 minutos"},"schema":{"@context":"https:\/\/schema.org","@graph":[{"@type":"Article","@id":"https:\/\/www.teka.com\/es-es\/inspiracion\/recetas-y-gastronomia\/por-que-consumir-frutas-y-verduras-de-temporada-y-como-conservarlas-en-verano\/#article","isPartOf":{"@id":"https:\/\/www.teka.com\/es-es\/inspiracion\/recetas-y-gastronomia\/por-que-consumir-frutas-y-verduras-de-temporada-y-como-conservarlas-en-verano\/"},"author":{"name":"lorgana","@id":"https:\/\/www.teka.com\/es-es\/#\/schema\/person\/3c8d01225d6ee8c453254958581e098d"},"headline":"Por qu\u00e9 consumir frutas y verduras de temporada y c\u00f3mo conservarlas en verano","datePublished":"2021-08-05T09:24:22+00:00","dateModified":"2021-11-28T10:24:14+00:00","mainEntityOfPage":{"@id":"https:\/\/www.teka.com\/es-es\/inspiracion\/recetas-y-gastronomia\/por-que-consumir-frutas-y-verduras-de-temporada-y-como-conservarlas-en-verano\/"},"wordCount":975,"commentCount":0,"publisher":{"@id":"https:\/\/www.teka.com\/es-es\/#organization"},"image":{"@id":"https:\/\/www.teka.com\/es-es\/inspiracion\/recetas-y-gastronomia\/por-que-consumir-frutas-y-verduras-de-temporada-y-como-conservarlas-en-verano\/#primaryimage"},"thumbnailUrl":"https:\/\/www.teka.com\/es-es\/wp-content\/uploads\/sites\/2\/2021\/08\/fruta-de-temporada-verano.jpg","articleSection":["Recetas y gastronom\u00eda"],"inLanguage":"es","potentialAction":[{"@type":"CommentAction","name":"Comment","target":["https:\/\/www.teka.com\/es-es\/inspiracion\/recetas-y-gastronomia\/por-que-consumir-frutas-y-verduras-de-temporada-y-como-conservarlas-en-verano\/#respond"]}]},{"@type":"WebPage","@id":"https:\/\/www.teka.com\/es-es\/inspiracion\/recetas-y-gastronomia\/por-que-consumir-frutas-y-verduras-de-temporada-y-como-conservarlas-en-verano\/","url":"https:\/\/www.teka.com\/es-es\/inspiracion\/recetas-y-gastronomia\/por-que-consumir-frutas-y-verduras-de-temporada-y-como-conservarlas-en-verano\/","name":"Por qu\u00e9 consumir frutas y verduras de temporada y c\u00f3mo conservarlas en verano | Teka Espa\u00f1a","isPartOf":{"@id":"https:\/\/www.teka.com\/es-es\/#website"},"primaryImageOfPage":{"@id":"https:\/\/www.teka.com\/es-es\/inspiracion\/recetas-y-gastronomia\/por-que-consumir-frutas-y-verduras-de-temporada-y-como-conservarlas-en-verano\/#primaryimage"},"image":{"@id":"https:\/\/www.teka.com\/es-es\/inspiracion\/recetas-y-gastronomia\/por-que-consumir-frutas-y-verduras-de-temporada-y-como-conservarlas-en-verano\/#primaryimage"},"thumbnailUrl":"https:\/\/www.teka.com\/es-es\/wp-content\/uploads\/sites\/2\/2021\/08\/fruta-de-temporada-verano.jpg","datePublished":"2021-08-05T09:24:22+00:00","dateModified":"2021-11-28T10:24:14+00:00","description":"Te contamos por qu\u00e9 es mejor eso de consumir frutas y verduras de temporada y tambi\u00e9n la mejor forma de conservarlas en el frigor\u00edfico.","inLanguage":"es","potentialAction":[{"@type":"ReadAction","target":["https:\/\/www.teka.com\/es-es\/inspiracion\/recetas-y-gastronomia\/por-que-consumir-frutas-y-verduras-de-temporada-y-como-conservarlas-en-verano\/"]}]},{"@type":"ImageObject","inLanguage":"es","@id":"https:\/\/www.teka.com\/es-es\/inspiracion\/recetas-y-gastronomia\/por-que-consumir-frutas-y-verduras-de-temporada-y-como-conservarlas-en-verano\/#primaryimage","url":"https:\/\/www.teka.com\/es-es\/wp-content\/uploads\/sites\/2\/2021\/08\/fruta-de-temporada-verano.jpg","contentUrl":"https:\/\/www.teka.com\/es-es\/wp-content\/uploads\/sites\/2\/2021\/08\/fruta-de-temporada-verano.jpg","width":700,"height":436,"caption":"cerezas y albaricoques en una cesta"},{"@type":"WebSite","@id":"https:\/\/www.teka.com\/es-es\/#website","url":"https:\/\/www.teka.com\/es-es\/","name":"Teka Espa\u00f1a","description":"","publisher":{"@id":"https:\/\/www.teka.com\/es-es\/#organization"},"potentialAction":[{"@type":"SearchAction","target":{"@type":"EntryPoint","urlTemplate":"https:\/\/www.teka.com\/es-es\/?s={search_term_string}"},"query-input":{"@type":"PropertyValueSpecification","valueRequired":true,"valueName":"search_term_string"}}],"inLanguage":"es"},{"@type":"Organization","@id":"https:\/\/www.teka.com\/es-es\/#organization","name":"Teka Espa\u00f1a","url":"https:\/\/www.teka.com\/es-es\/","logo":{"@type":"ImageObject","inLanguage":"es","@id":"https:\/\/www.teka.com\/es-es\/#\/schema\/logo\/image\/","url":"https:\/\/www.teka.com\/es-es\/wp-content\/uploads\/sites\/2\/2020\/08\/teka-new-logo.png","contentUrl":"https:\/\/www.teka.com\/es-es\/wp-content\/uploads\/sites\/2\/2020\/08\/teka-new-logo.png","width":1024,"height":1024,"caption":"Teka Espa\u00f1a"},"image":{"@id":"https:\/\/www.teka.com\/es-es\/#\/schema\/logo\/image\/"}},{"@type":"Person","@id":"https:\/\/www.teka.com\/es-es\/#\/schema\/person\/3c8d01225d6ee8c453254958581e098d","name":"lorgana","image":{"@type":"ImageObject","inLanguage":"es","@id":"https:\/\/secure.gravatar.com\/avatar\/85a1208c099e6872d44fb66cd1e58fd64310486e35e5a44526b47a239681dfc7?s=96&d=mm&r=g","url":"https:\/\/secure.gravatar.com\/avatar\/85a1208c099e6872d44fb66cd1e58fd64310486e35e5a44526b47a239681dfc7?s=96&d=mm&r=g","contentUrl":"https:\/\/secure.gravatar.com\/avatar\/85a1208c099e6872d44fb66cd1e58fd64310486e35e5a44526b47a239681dfc7?s=96&d=mm&r=g","caption":"lorgana"}}]}},"_links":{"self":[{"href":"https:\/\/www.teka.com\/es-es\/wp-json\/wp\/v2\/posts\/120352","targetHints":{"allow":["GET"]}}],"collection":[{"href":"https:\/\/www.teka.com\/es-es\/wp-json\/wp\/v2\/posts"}],"about":[{"href":"https:\/\/www.teka.com\/es-es\/wp-json\/wp\/v2\/types\/post"}],"author":[{"embeddable":true,"href":"https:\/\/www.teka.com\/es-es\/wp-json\/wp\/v2\/users\/50"}],"replies":[{"embeddable":true,"href":"https:\/\/www.teka.com\/es-es\/wp-json\/wp\/v2\/comments?post=120352"}],"version-history":[{"count":5,"href":"https:\/\/www.teka.com\/es-es\/wp-json\/wp\/v2\/posts\/120352\/revisions"}],"predecessor-version":[{"id":122112,"href":"https:\/\/www.teka.com\/es-es\/wp-json\/wp\/v2\/posts\/120352\/revisions\/122112"}],"wp:featuredmedia":[{"embeddable":true,"href":"https:\/\/www.teka.com\/es-es\/wp-json\/wp\/v2\/media\/120373"}],"wp:attachment":[{"href":"https:\/\/www.teka.com\/es-es\/wp-json\/wp\/v2\/media?parent=120352"}],"wp:term":[{"taxonomy":"category","embeddable":true,"href":"https:\/\/www.teka.com\/es-es\/wp-json\/wp\/v2\/categories?post=120352"},{"taxonomy":"post_tag","embeddable":true,"href":"https:\/\/www.teka.com\/es-es\/wp-json\/wp\/v2\/tags?post=120352"}],"curies":[{"name":"wp","href":"https:\/\/api.w.org\/{rel}","templated":true}]}}