{"id":122547,"date":"2021-12-21T11:34:39","date_gmt":"2021-12-21T10:34:39","guid":{"rendered":"https:\/\/www.teka.com\/es-es\/?p=122547"},"modified":"2021-12-21T11:34:39","modified_gmt":"2021-12-21T10:34:39","slug":"por-que-no-debemos-guardar-estas-frutas-en-el-frigorifico","status":"publish","type":"post","link":"https:\/\/www.teka.com\/es-es\/inspiracion\/consejos-y-mantenimiento\/limpieza\/por-que-no-debemos-guardar-estas-frutas-en-el-frigorifico\/","title":{"rendered":"\u00bfPor qu\u00e9 no debemos guardar estas frutas en el frigor\u00edfico?"},"content":{"rendered":"<p><span style=\"font-weight: 400\">Un buen <\/span><a href=\"https:\/\/www.teka.com\/es-es\/cocina\/frigorificos-y-congeladores\/\" target=\"_blank\" rel=\"noopener\"><span style=\"font-weight: 400\">frigor\u00edfico<\/span><\/a><span style=\"font-weight: 400\"> es de vital importancia en una cocina. Nos permite almacenar los alimentos en el mejor estado y planificar mejor nuestras semanas y meses. Cada vez m\u00e1s a menudo puedes encontrar <a href=\"https:\/\/www.youtube.com\/watch?v=Xa-e4uQOrao\" target=\"_blank\" rel=\"noopener\">innovaciones<\/a> en los <strong>electrodom\u00e9sticos<\/strong> y partes espec\u00edficas para la conservacion de determinados alimentos, prolongando su vida y preservando sus nutrientes. Pero, dependiendo de tus necesidades, algunos alimentos est\u00e1n mejor a temperatura ambiente, como sucede con algunas<strong> frutas<\/strong>. Te contamos por qu\u00e9<\/span><span style=\"font-weight: 400\"> guardar frutas en el frigor\u00edfico, cu\u00e1les y por qu\u00e9 otras conservan mejor sus <strong>nutrientes<\/strong> de otra forma.<\/span><\/p>\n<h2>Melones y sand\u00edas<\/h2>\n<p><span style=\"font-weight: 400\">Es muy tentador meter los melones y las <a href=\"https:\/\/cookinglovers.teka.com\/es\/receta\/sorbete-helado-de-sandia\/\" target=\"_blank\" rel=\"noopener\">sand\u00edas<\/a> en el frigor\u00edfico, son las frutas estrella del verano y nos encanta que est\u00e9n <\/span><b>bien fresquitos.<\/b><span style=\"font-weight: 400\"> Pero no es recomendable conservarlos en el frigor\u00edfico.<\/span><\/p>\n<p><img loading=\"lazy\" decoding=\"async\" class=\"alignnone size-full wp-image-122557\" src=\"https:\/\/www.teka.com\/es-es\/wp-content\/uploads\/sites\/2\/2021\/12\/sandia.jpg\" alt=\"sand\u00eda abierta por la mitad con bolas de sand\u00eda en el interior\" width=\"700\" height=\"436\" srcset=\"https:\/\/www.teka.com\/es-es\/wp-content\/uploads\/sites\/2\/2021\/12\/sandia.jpg 700w, https:\/\/www.teka.com\/es-es\/wp-content\/uploads\/sites\/2\/2021\/12\/sandia-480x299.jpg 480w\" sizes=\"(min-width: 0px) and (max-width: 480px) 480px, (min-width: 481px) 700px, 100vw\" \/><\/p>\n<p><span style=\"font-weight: 400\">Si lo hacemos mientras est\u00e1n cerrados, pueden perder <a href=\"https:\/\/www.teka.com\/es-es\/inspiracion\/decoracion-y-tendencias\/alimentos-que-te-ayudan-a-mantener-el-bronceado\/\" target=\"_blank\" rel=\"noopener\">betacarotenos<\/a> y eso afecta a su sabor y propiedades. Lo mejor es dejarlas fuera <\/span><b>cuando est\u00e1n cerradas<\/b><span style=\"font-weight: 400\"> y meterlas en la nevera al abrirlas. Pero las temperaturas \u00f3ptimas son distintas: aproximadamente, 7 \u00b0C para el mel\u00f3n y 10 \u00b0C para la sand\u00eda.<\/span><\/p>\n<h2>Frutas tropicales<\/h2>\n<p><span style=\"font-weight: 400\">Son frutas que han crecido y se han desarrollado a <\/span><b>altas temperaturas<\/b><span style=\"font-weight: 400\"> y con un buen nivel de humedad as\u00ed que son muy susceptibles a las bajas temperaturas.<\/span><\/p>\n<p><img loading=\"lazy\" decoding=\"async\" class=\"alignnone size-full wp-image-66281\" src=\"https:\/\/www.teka.com\/es-es\/wp-content\/uploads\/sites\/2\/2019\/09\/co\u0301mo-cortar-mango.jpg\" alt=\"trucos con frutas\" width=\"700\" height=\"436\" srcset=\"https:\/\/www.teka.com\/es-es\/wp-content\/uploads\/sites\/2\/2019\/09\/co\u0301mo-cortar-mango.jpg 700w, https:\/\/www.teka.com\/es-es\/wp-content\/uploads\/sites\/2\/2019\/09\/co\u0301mo-cortar-mango-300x187.jpg 300w, https:\/\/www.teka.com\/es-es\/wp-content\/uploads\/sites\/2\/2019\/09\/co\u0301mo-cortar-mango-400x250.jpg 400w\" sizes=\"(max-width: 700px) 100vw, 700px\" \/><\/p>\n<p><span style=\"font-weight: 400\"><a href=\"https:\/\/cookinglovers.teka.com\/es\/receta\/smoothie-bicolor-de-fresa-y-mango\/\" target=\"_blank\" rel=\"noopener\">Mangos<\/a>, papayas, <a href=\"https:\/\/cookinglovers.teka.com\/es\/receta\/melocotones-con-mascarpone\/\" target=\"_blank\" rel=\"noopener\">melocotones,<\/a> <a href=\"https:\/\/cookinglovers.teka.com\/es\/receta\/pastel-de-oreo-con-queso-y-albaricoques-ideal-para-ninos\/\" target=\"_blank\" rel=\"noopener\">albaricoques,<\/a> <a href=\"https:\/\/cookinglovers.teka.com\/es\/receta\/piruletas-de-kiwi\/\" target=\"_blank\" rel=\"noopener\">kiwis<\/a>\u2026 son un buen ejemplo por qu\u00e9 no guardar ciertas frutas en el frigor\u00edfico. Necesitan calor para estar en su mejor condici\u00f3n y, en el frigor\u00edfico, perder\u00e1n <\/span><b>parte de sus nutrientes<\/b><span style=\"font-weight: 400\"> y de su calor propio. Lo mejor en este caso es conservarlos fuera y comerlos <strong>maduros.<\/strong> En el caso del <a href=\"https:\/\/cookinglovers.teka.com\/es\/receta\/crema-de-aguacate-con-lima-y-maiz\/\" target=\"_blank\" rel=\"noopener\">aguacate,<\/a> ese alimento que puede estar verde una semana y luego madurar en cinco minutos, no sabr\u00edamos qu\u00e9 decirte. En principio, sigue las mismas directrices que sus hermanos tropicales. En la pr\u00e1ctica, su maduraci\u00f3n es una emoci\u00f3n constante.<\/span><\/p>\n<h2>Pl\u00e1tanos<\/h2>\n<p><span style=\"font-weight: 400\">Los <a href=\"https:\/\/cookinglovers.teka.com\/es\/receta\/platano-frito-en-el-horno-airfry-con-yogur-y-pistachos\/\" target=\"_blank\" rel=\"noopener\">pl\u00e1tanos<\/a> son muy parecidos a las frutas tropicales. De hecho, los separamos del resto de frutas tropicales porque es una <\/span><b>variante de la banana tropical<\/b><span style=\"font-weight: 400\">.\u00a0<\/span><\/p>\n<p><img loading=\"lazy\" decoding=\"async\" class=\"alignnone size-full wp-image-122558\" src=\"https:\/\/www.teka.com\/es-es\/wp-content\/uploads\/sites\/2\/2021\/12\/desayuno-platano.jpg\" alt=\"bol y cuchara de madera con pl\u00e1tano, nueces, miel y yogur\" width=\"700\" height=\"436\" srcset=\"https:\/\/www.teka.com\/es-es\/wp-content\/uploads\/sites\/2\/2021\/12\/desayuno-platano.jpg 700w, https:\/\/www.teka.com\/es-es\/wp-content\/uploads\/sites\/2\/2021\/12\/desayuno-platano-480x299.jpg 480w\" sizes=\"(min-width: 0px) and (max-width: 480px) 480px, (min-width: 481px) 700px, 100vw\" \/><\/p>\n<p><span style=\"font-weight: 400\">La temperatura \u00f3ptima de almacenaje es de 13 \u00b0C. En el frigor\u00edfico empiezan a coger el color marr\u00f3n y se deterioran r\u00e1pidamente. Existen trucos para <\/span><a href=\"https:\/\/www.teka.com\/es-es\/inspiracion\/recetas-y-gastronomia\/trucos-basicos-de-la-cocina-de-aprovechamiento\/\"><span style=\"font-weight: 400\">alargar su vida<\/span><\/a><span style=\"font-weight: 400\">, pero todos pasan por dejarlos fuera del frigor\u00edfico. Los fruteros tambi\u00e9n recomiendan envolverlos en papel para que aguanten un poco m\u00e1s, algo que seguimos a pies juntillas.\u00a0<\/span><\/p>\n<h2>Los c\u00edtricos<\/h2>\n<p><span style=\"font-weight: 400\">Es cierto que los <a href=\"https:\/\/cookinglovers.teka.com\/es\/receta\/granola-casera-con-yogur-y-citricos\/\" target=\"_blank\" rel=\"noopener\">c\u00edtricos<\/a> se estropean <\/span><b>muy r\u00e1pido<\/b><span style=\"font-weight: 400\"> con el calor as\u00ed que no conviene dejarlos mucho tiempo fuera. Aunque el fr\u00edo y la humedad del frigor\u00edfico tampoco es que les vaya muy bien. <\/span><span style=\"font-weight: 400\">Con el fr\u00edo y la humedad se da\u00f1a la piel y el interior se torna acuoso, perdiendo gran parte de su sabor. Lo mejor para estas frutas es, sin duda, conservarlas fuera y <\/span><a href=\"https:\/\/www.teka.com\/es-es\/inspiracion\/recetas-y-gastronomia\/por-que-consumir-frutas-y-verduras-de-temporada-y-como-conservarlas-en-verano\/\" target=\"_blank\" rel=\"noopener\"><span style=\"font-weight: 400\">consumirlas<\/span><\/a><span style=\"font-weight: 400\"> lo antes posible.\u00a0<\/span><\/p>\n<p><img loading=\"lazy\" decoding=\"async\" class=\"alignnone size-full wp-image-89060\" src=\"https:\/\/www.teka.com\/es-es\/wp-content\/uploads\/sites\/2\/2020\/12\/naranjas-vitamina-c.jpg\" alt=\"naranjas-vitamina-c\" width=\"700\" height=\"436\" srcset=\"https:\/\/www.teka.com\/es-es\/wp-content\/uploads\/sites\/2\/2020\/12\/naranjas-vitamina-c.jpg 700w, https:\/\/www.teka.com\/es-es\/wp-content\/uploads\/sites\/2\/2020\/12\/naranjas-vitamina-c-480x299.jpg 480w\" sizes=\"(min-width: 0px) and (max-width: 480px) 480px, (min-width: 481px) 700px, 100vw\" \/><\/p>\n<h2>Los tomates<\/h2>\n<p><span style=\"font-weight: 400\">Las variedades de <a href=\"https:\/\/cookinglovers.teka.com\/es\/receta\/ensalada-templada-de-tomates-al-grill-con-sandia-y-queso-feta\/\" target=\"_blank\" rel=\"noopener\">tomate<\/a> que existen son casi infinitas pero todas tienen un punto en com\u00fan: su temperatura \u00f3ptima de conservaci\u00f3n est\u00e1 <\/span><b>por encima de los 15 \u00b0C<\/b><span style=\"font-weight: 400\">, es decir, no s\u00f3lo fuera del frigor\u00edfico, sino fuera del frigor\u00edfico en un lugar no muy fr\u00edo.<\/span><\/p>\n<p><img loading=\"lazy\" decoding=\"async\" class=\"alignnone size-full wp-image-122559\" src=\"https:\/\/www.teka.com\/es-es\/wp-content\/uploads\/sites\/2\/2021\/12\/cesta-con-tomates.jpg\" alt=\"cesta de hierro con tomates dentro apoyada sobre una mesa de madera\" width=\"700\" height=\"436\" srcset=\"https:\/\/www.teka.com\/es-es\/wp-content\/uploads\/sites\/2\/2021\/12\/cesta-con-tomates.jpg 700w, https:\/\/www.teka.com\/es-es\/wp-content\/uploads\/sites\/2\/2021\/12\/cesta-con-tomates-480x299.jpg 480w\" sizes=\"(min-width: 0px) and (max-width: 480px) 480px, (min-width: 481px) 700px, 100vw\" \/><\/p>\n<p><span style=\"font-weight: 400\">Si se conservan por debajo de 10 \u00baC, se puede producir una <\/span><b>anomal\u00eda en su maduraci\u00f3n<\/b><span style=\"font-weight: 400\"> y, con ella, da\u00f1os en la fruta: el tomate puede reblandecerse, tener un color an\u00f3malo y seguregar un l\u00edquido que acelere su putrefacci\u00f3n.<\/span><\/p>\n<h2>Bayas y frutas del bosque<\/h2>\n<p><img loading=\"lazy\" decoding=\"async\" class=\"alignnone size-full wp-image-122560\" src=\"https:\/\/www.teka.com\/es-es\/wp-content\/uploads\/sites\/2\/2021\/12\/frutos-rojos.jpg\" alt=\"frutos rojos dentro de una jarra negra cayendo por los laterales\" width=\"700\" height=\"436\" srcset=\"https:\/\/www.teka.com\/es-es\/wp-content\/uploads\/sites\/2\/2021\/12\/frutos-rojos.jpg 700w, https:\/\/www.teka.com\/es-es\/wp-content\/uploads\/sites\/2\/2021\/12\/frutos-rojos-480x299.jpg 480w\" sizes=\"(min-width: 0px) and (max-width: 480px) 480px, (min-width: 481px) 700px, 100vw\" \/><\/p>\n<p><span style=\"font-weight: 400\">Las bayas, los <a href=\"https:\/\/cookinglovers.teka.com\/es\/receta\/crumble-de-manzana-y-arandanos\/\" target=\"_blank\" rel=\"noopener\">ar\u00e1ndanos,<\/a> los <a href=\"https:\/\/cookinglovers.teka.com\/es\/receta\/magret-pato-salsa-frutos-rojos\/\" target=\"_blank\" rel=\"noopener\">frutos<\/a> rojos\u2026 son un caso parecido al de <\/span><b>los c\u00edtricos<\/b><span style=\"font-weight: 400\">. Aguantan bien en el frigor\u00edfico aunque su alto contenido en agua hace que se acaben deteriorando. <\/span><span style=\"font-weight: 400\">Aqu\u00ed el dilema est\u00e1 en que fuera, son muy susceptibles a la <\/span><b>proliferaci\u00f3n bacteriana<\/b><span style=\"font-weight: 400\">. Lo mejor, como en el caso de los <strong>c\u00edtricos,<\/strong> es consumirlos cuanto antes.<\/span><\/p>\n<p>&nbsp;<\/p>\n","protected":false},"excerpt":{"rendered":"<p>Un buen frigor\u00edfico es de vital importancia en una cocina. Nos permite almacenar los alimentos en el mejor estado y planificar mejor nuestras semanas y meses. Cada vez m\u00e1s a menudo puedes encontrar innovaciones en los electrodom\u00e9sticos y partes espec\u00edficas para la conservacion de determinados alimentos, prolongando su vida y preservando sus nutrientes. Pero, dependiendo [&hellip;]<\/p>\n","protected":false},"author":50,"featured_media":122556,"comment_status":"open","ping_status":"closed","sticky":false,"template":"","format":"standard","meta":{"_acf_changed":false,"_et_pb_use_builder":"","_et_pb_old_content":"","_et_gb_content_width":"","footnotes":""},"categories":[78376],"tags":[],"class_list":["post-122547","post","type-post","status-publish","format-standard","has-post-thumbnail","hentry","category-limpieza"],"acf":[],"yoast_head":"<!-- This site is optimized with the Yoast SEO plugin v27.2 - https:\/\/yoast.com\/product\/yoast-seo-wordpress\/ -->\n<title>\u00bfPor qu\u00e9 no debemos guardar estas frutas en el frigor\u00edfico? | Teka Espa\u00f1a<\/title>\n<meta name=\"description\" content=\"A pesar de lo que solemos creer, no siempre hay que guardar todas las frutas en el frigor\u00edfico pero \u00bfsabes cu\u00e1les s\u00ed y cu\u00e1les no?\" \/>\n<meta name=\"robots\" content=\"index, follow, max-snippet:-1, max-image-preview:large, max-video-preview:-1\" \/>\n<link rel=\"canonical\" href=\"https:\/\/www.teka.com\/es-es\/inspiracion\/consejos-y-mantenimiento\/limpieza\/por-que-no-debemos-guardar-estas-frutas-en-el-frigorifico\/\" \/>\n<meta property=\"og:locale\" content=\"es_ES\" \/>\n<meta property=\"og:type\" content=\"article\" \/>\n<meta property=\"og:title\" content=\"\u00bfPor qu\u00e9 no debemos guardar estas frutas en el frigor\u00edfico?\" \/>\n<meta property=\"og:description\" content=\"A pesar de lo que solemos creer, no siempre hay que guardar todas las frutas en el frigor\u00edfico pero \u00bfsabes cu\u00e1les s\u00ed y cu\u00e1les no?\" \/>\n<meta property=\"og:url\" content=\"https:\/\/www.teka.com\/es-es\/inspiracion\/consejos-y-mantenimiento\/limpieza\/por-que-no-debemos-guardar-estas-frutas-en-el-frigorifico\/\" \/>\n<meta property=\"og:site_name\" content=\"Teka Espa\u00f1a\" \/>\n<meta property=\"article:published_time\" content=\"2021-12-21T10:34:39+00:00\" \/>\n<meta property=\"og:image\" content=\"https:\/\/www.teka.com\/es-es\/wp-content\/uploads\/sites\/2\/2021\/12\/guardar-fruta-frigori\u0301fico.jpg\" \/>\n\t<meta property=\"og:image:width\" content=\"700\" \/>\n\t<meta property=\"og:image:height\" content=\"436\" \/>\n\t<meta property=\"og:image:type\" content=\"image\/jpeg\" \/>\n<meta name=\"author\" content=\"lorgana\" \/>\n<meta name=\"twitter:card\" content=\"summary_large_image\" \/>\n<meta name=\"twitter:title\" content=\"\u00bfPor qu\u00e9 no debemos guardar estas frutas en el frigor\u00edfico?\" \/>\n<meta name=\"twitter:image\" content=\"https:\/\/www.teka.com\/es-es\/wp-content\/uploads\/sites\/2\/2021\/12\/guardar-fruta-frigori\u0301fico.jpg\" \/>\n<meta name=\"twitter:label1\" content=\"Escrito por\" \/>\n\t<meta name=\"twitter:data1\" content=\"lorgana\" \/>\n\t<meta name=\"twitter:label2\" content=\"Tiempo de lectura\" \/>\n\t<meta name=\"twitter:data2\" content=\"4 minutos\" \/>\n<script type=\"application\/ld+json\" class=\"yoast-schema-graph\">{\"@context\":\"https:\/\/schema.org\",\"@graph\":[{\"@type\":\"Article\",\"@id\":\"https:\/\/www.teka.com\/es-es\/inspiracion\/consejos-y-mantenimiento\/limpieza\/por-que-no-debemos-guardar-estas-frutas-en-el-frigorifico\/#article\",\"isPartOf\":{\"@id\":\"https:\/\/www.teka.com\/es-es\/inspiracion\/consejos-y-mantenimiento\/limpieza\/por-que-no-debemos-guardar-estas-frutas-en-el-frigorifico\/\"},\"author\":{\"name\":\"lorgana\",\"@id\":\"https:\/\/www.teka.com\/es-es\/#\/schema\/person\/3c8d01225d6ee8c453254958581e098d\"},\"headline\":\"\u00bfPor qu\u00e9 no debemos guardar estas frutas en el frigor\u00edfico?\",\"datePublished\":\"2021-12-21T10:34:39+00:00\",\"mainEntityOfPage\":{\"@id\":\"https:\/\/www.teka.com\/es-es\/inspiracion\/consejos-y-mantenimiento\/limpieza\/por-que-no-debemos-guardar-estas-frutas-en-el-frigorifico\/\"},\"wordCount\":668,\"commentCount\":0,\"publisher\":{\"@id\":\"https:\/\/www.teka.com\/es-es\/#organization\"},\"image\":{\"@id\":\"https:\/\/www.teka.com\/es-es\/inspiracion\/consejos-y-mantenimiento\/limpieza\/por-que-no-debemos-guardar-estas-frutas-en-el-frigorifico\/#primaryimage\"},\"thumbnailUrl\":\"https:\/\/www.teka.com\/es-es\/wp-content\/uploads\/sites\/2\/2021\/12\/guardar-fruta-frigori\u0301fico.jpg\",\"articleSection\":[\"Limpieza\"],\"inLanguage\":\"es\",\"potentialAction\":[{\"@type\":\"CommentAction\",\"name\":\"Comment\",\"target\":[\"https:\/\/www.teka.com\/es-es\/inspiracion\/consejos-y-mantenimiento\/limpieza\/por-que-no-debemos-guardar-estas-frutas-en-el-frigorifico\/#respond\"]}]},{\"@type\":\"WebPage\",\"@id\":\"https:\/\/www.teka.com\/es-es\/inspiracion\/consejos-y-mantenimiento\/limpieza\/por-que-no-debemos-guardar-estas-frutas-en-el-frigorifico\/\",\"url\":\"https:\/\/www.teka.com\/es-es\/inspiracion\/consejos-y-mantenimiento\/limpieza\/por-que-no-debemos-guardar-estas-frutas-en-el-frigorifico\/\",\"name\":\"\u00bfPor qu\u00e9 no debemos guardar estas frutas en el frigor\u00edfico? | Teka Espa\u00f1a\",\"isPartOf\":{\"@id\":\"https:\/\/www.teka.com\/es-es\/#website\"},\"primaryImageOfPage\":{\"@id\":\"https:\/\/www.teka.com\/es-es\/inspiracion\/consejos-y-mantenimiento\/limpieza\/por-que-no-debemos-guardar-estas-frutas-en-el-frigorifico\/#primaryimage\"},\"image\":{\"@id\":\"https:\/\/www.teka.com\/es-es\/inspiracion\/consejos-y-mantenimiento\/limpieza\/por-que-no-debemos-guardar-estas-frutas-en-el-frigorifico\/#primaryimage\"},\"thumbnailUrl\":\"https:\/\/www.teka.com\/es-es\/wp-content\/uploads\/sites\/2\/2021\/12\/guardar-fruta-frigori\u0301fico.jpg\",\"datePublished\":\"2021-12-21T10:34:39+00:00\",\"description\":\"A pesar de lo que solemos creer, no siempre hay que guardar todas las frutas en el frigor\u00edfico pero \u00bfsabes cu\u00e1les s\u00ed y cu\u00e1les no?\",\"inLanguage\":\"es\",\"potentialAction\":[{\"@type\":\"ReadAction\",\"target\":[\"https:\/\/www.teka.com\/es-es\/inspiracion\/consejos-y-mantenimiento\/limpieza\/por-que-no-debemos-guardar-estas-frutas-en-el-frigorifico\/\"]}]},{\"@type\":\"ImageObject\",\"inLanguage\":\"es\",\"@id\":\"https:\/\/www.teka.com\/es-es\/inspiracion\/consejos-y-mantenimiento\/limpieza\/por-que-no-debemos-guardar-estas-frutas-en-el-frigorifico\/#primaryimage\",\"url\":\"https:\/\/www.teka.com\/es-es\/wp-content\/uploads\/sites\/2\/2021\/12\/guardar-fruta-frigori\u0301fico.jpg\",\"contentUrl\":\"https:\/\/www.teka.com\/es-es\/wp-content\/uploads\/sites\/2\/2021\/12\/guardar-fruta-frigori\u0301fico.jpg\",\"width\":700,\"height\":436,\"caption\":\"manzana roja dentro de un frigor\u00edfico abierto de teka con tecnolog\u00eda ionclean\"},{\"@type\":\"WebSite\",\"@id\":\"https:\/\/www.teka.com\/es-es\/#website\",\"url\":\"https:\/\/www.teka.com\/es-es\/\",\"name\":\"Teka Espa\u00f1a\",\"description\":\"\",\"publisher\":{\"@id\":\"https:\/\/www.teka.com\/es-es\/#organization\"},\"potentialAction\":[{\"@type\":\"SearchAction\",\"target\":{\"@type\":\"EntryPoint\",\"urlTemplate\":\"https:\/\/www.teka.com\/es-es\/?s={search_term_string}\"},\"query-input\":{\"@type\":\"PropertyValueSpecification\",\"valueRequired\":true,\"valueName\":\"search_term_string\"}}],\"inLanguage\":\"es\"},{\"@type\":\"Organization\",\"@id\":\"https:\/\/www.teka.com\/es-es\/#organization\",\"name\":\"Teka Espa\u00f1a\",\"url\":\"https:\/\/www.teka.com\/es-es\/\",\"logo\":{\"@type\":\"ImageObject\",\"inLanguage\":\"es\",\"@id\":\"https:\/\/www.teka.com\/es-es\/#\/schema\/logo\/image\/\",\"url\":\"https:\/\/www.teka.com\/es-es\/wp-content\/uploads\/sites\/2\/2020\/08\/teka-new-logo.png\",\"contentUrl\":\"https:\/\/www.teka.com\/es-es\/wp-content\/uploads\/sites\/2\/2020\/08\/teka-new-logo.png\",\"width\":1024,\"height\":1024,\"caption\":\"Teka Espa\u00f1a\"},\"image\":{\"@id\":\"https:\/\/www.teka.com\/es-es\/#\/schema\/logo\/image\/\"}},{\"@type\":\"Person\",\"@id\":\"https:\/\/www.teka.com\/es-es\/#\/schema\/person\/3c8d01225d6ee8c453254958581e098d\",\"name\":\"lorgana\",\"image\":{\"@type\":\"ImageObject\",\"inLanguage\":\"es\",\"@id\":\"https:\/\/secure.gravatar.com\/avatar\/85a1208c099e6872d44fb66cd1e58fd64310486e35e5a44526b47a239681dfc7?s=96&d=mm&r=g\",\"url\":\"https:\/\/secure.gravatar.com\/avatar\/85a1208c099e6872d44fb66cd1e58fd64310486e35e5a44526b47a239681dfc7?s=96&d=mm&r=g\",\"contentUrl\":\"https:\/\/secure.gravatar.com\/avatar\/85a1208c099e6872d44fb66cd1e58fd64310486e35e5a44526b47a239681dfc7?s=96&d=mm&r=g\",\"caption\":\"lorgana\"}}]}<\/script>\n<!-- \/ Yoast SEO plugin. -->","yoast_head_json":{"title":"\u00bfPor qu\u00e9 no debemos guardar estas frutas en el frigor\u00edfico? | Teka Espa\u00f1a","description":"A pesar de lo que solemos creer, no siempre hay que guardar todas las frutas en el frigor\u00edfico pero \u00bfsabes cu\u00e1les s\u00ed y cu\u00e1les no?","robots":{"index":"index","follow":"follow","max-snippet":"max-snippet:-1","max-image-preview":"max-image-preview:large","max-video-preview":"max-video-preview:-1"},"canonical":"https:\/\/www.teka.com\/es-es\/inspiracion\/consejos-y-mantenimiento\/limpieza\/por-que-no-debemos-guardar-estas-frutas-en-el-frigorifico\/","og_locale":"es_ES","og_type":"article","og_title":"\u00bfPor qu\u00e9 no debemos guardar estas frutas en el frigor\u00edfico?","og_description":"A pesar de lo que solemos creer, no siempre hay que guardar todas las frutas en el frigor\u00edfico pero \u00bfsabes cu\u00e1les s\u00ed y cu\u00e1les no?","og_url":"https:\/\/www.teka.com\/es-es\/inspiracion\/consejos-y-mantenimiento\/limpieza\/por-que-no-debemos-guardar-estas-frutas-en-el-frigorifico\/","og_site_name":"Teka Espa\u00f1a","article_published_time":"2021-12-21T10:34:39+00:00","og_image":[{"width":700,"height":436,"url":"https:\/\/www.teka.com\/es-es\/wp-content\/uploads\/sites\/2\/2021\/12\/guardar-fruta-frigori\u0301fico.jpg","type":"image\/jpeg"}],"author":"lorgana","twitter_card":"summary_large_image","twitter_title":"\u00bfPor qu\u00e9 no debemos guardar estas frutas en el frigor\u00edfico?","twitter_image":"https:\/\/www.teka.com\/es-es\/wp-content\/uploads\/sites\/2\/2021\/12\/guardar-fruta-frigori\u0301fico.jpg","twitter_misc":{"Escrito por":"lorgana","Tiempo de lectura":"4 minutos"},"schema":{"@context":"https:\/\/schema.org","@graph":[{"@type":"Article","@id":"https:\/\/www.teka.com\/es-es\/inspiracion\/consejos-y-mantenimiento\/limpieza\/por-que-no-debemos-guardar-estas-frutas-en-el-frigorifico\/#article","isPartOf":{"@id":"https:\/\/www.teka.com\/es-es\/inspiracion\/consejos-y-mantenimiento\/limpieza\/por-que-no-debemos-guardar-estas-frutas-en-el-frigorifico\/"},"author":{"name":"lorgana","@id":"https:\/\/www.teka.com\/es-es\/#\/schema\/person\/3c8d01225d6ee8c453254958581e098d"},"headline":"\u00bfPor qu\u00e9 no debemos guardar estas frutas en el frigor\u00edfico?","datePublished":"2021-12-21T10:34:39+00:00","mainEntityOfPage":{"@id":"https:\/\/www.teka.com\/es-es\/inspiracion\/consejos-y-mantenimiento\/limpieza\/por-que-no-debemos-guardar-estas-frutas-en-el-frigorifico\/"},"wordCount":668,"commentCount":0,"publisher":{"@id":"https:\/\/www.teka.com\/es-es\/#organization"},"image":{"@id":"https:\/\/www.teka.com\/es-es\/inspiracion\/consejos-y-mantenimiento\/limpieza\/por-que-no-debemos-guardar-estas-frutas-en-el-frigorifico\/#primaryimage"},"thumbnailUrl":"https:\/\/www.teka.com\/es-es\/wp-content\/uploads\/sites\/2\/2021\/12\/guardar-fruta-frigori\u0301fico.jpg","articleSection":["Limpieza"],"inLanguage":"es","potentialAction":[{"@type":"CommentAction","name":"Comment","target":["https:\/\/www.teka.com\/es-es\/inspiracion\/consejos-y-mantenimiento\/limpieza\/por-que-no-debemos-guardar-estas-frutas-en-el-frigorifico\/#respond"]}]},{"@type":"WebPage","@id":"https:\/\/www.teka.com\/es-es\/inspiracion\/consejos-y-mantenimiento\/limpieza\/por-que-no-debemos-guardar-estas-frutas-en-el-frigorifico\/","url":"https:\/\/www.teka.com\/es-es\/inspiracion\/consejos-y-mantenimiento\/limpieza\/por-que-no-debemos-guardar-estas-frutas-en-el-frigorifico\/","name":"\u00bfPor qu\u00e9 no debemos guardar estas frutas en el frigor\u00edfico? | Teka Espa\u00f1a","isPartOf":{"@id":"https:\/\/www.teka.com\/es-es\/#website"},"primaryImageOfPage":{"@id":"https:\/\/www.teka.com\/es-es\/inspiracion\/consejos-y-mantenimiento\/limpieza\/por-que-no-debemos-guardar-estas-frutas-en-el-frigorifico\/#primaryimage"},"image":{"@id":"https:\/\/www.teka.com\/es-es\/inspiracion\/consejos-y-mantenimiento\/limpieza\/por-que-no-debemos-guardar-estas-frutas-en-el-frigorifico\/#primaryimage"},"thumbnailUrl":"https:\/\/www.teka.com\/es-es\/wp-content\/uploads\/sites\/2\/2021\/12\/guardar-fruta-frigori\u0301fico.jpg","datePublished":"2021-12-21T10:34:39+00:00","description":"A pesar de lo que solemos creer, no siempre hay que guardar todas las frutas en el frigor\u00edfico pero \u00bfsabes cu\u00e1les s\u00ed y cu\u00e1les no?","inLanguage":"es","potentialAction":[{"@type":"ReadAction","target":["https:\/\/www.teka.com\/es-es\/inspiracion\/consejos-y-mantenimiento\/limpieza\/por-que-no-debemos-guardar-estas-frutas-en-el-frigorifico\/"]}]},{"@type":"ImageObject","inLanguage":"es","@id":"https:\/\/www.teka.com\/es-es\/inspiracion\/consejos-y-mantenimiento\/limpieza\/por-que-no-debemos-guardar-estas-frutas-en-el-frigorifico\/#primaryimage","url":"https:\/\/www.teka.com\/es-es\/wp-content\/uploads\/sites\/2\/2021\/12\/guardar-fruta-frigori\u0301fico.jpg","contentUrl":"https:\/\/www.teka.com\/es-es\/wp-content\/uploads\/sites\/2\/2021\/12\/guardar-fruta-frigori\u0301fico.jpg","width":700,"height":436,"caption":"manzana roja dentro de un frigor\u00edfico abierto de teka con tecnolog\u00eda ionclean"},{"@type":"WebSite","@id":"https:\/\/www.teka.com\/es-es\/#website","url":"https:\/\/www.teka.com\/es-es\/","name":"Teka Espa\u00f1a","description":"","publisher":{"@id":"https:\/\/www.teka.com\/es-es\/#organization"},"potentialAction":[{"@type":"SearchAction","target":{"@type":"EntryPoint","urlTemplate":"https:\/\/www.teka.com\/es-es\/?s={search_term_string}"},"query-input":{"@type":"PropertyValueSpecification","valueRequired":true,"valueName":"search_term_string"}}],"inLanguage":"es"},{"@type":"Organization","@id":"https:\/\/www.teka.com\/es-es\/#organization","name":"Teka Espa\u00f1a","url":"https:\/\/www.teka.com\/es-es\/","logo":{"@type":"ImageObject","inLanguage":"es","@id":"https:\/\/www.teka.com\/es-es\/#\/schema\/logo\/image\/","url":"https:\/\/www.teka.com\/es-es\/wp-content\/uploads\/sites\/2\/2020\/08\/teka-new-logo.png","contentUrl":"https:\/\/www.teka.com\/es-es\/wp-content\/uploads\/sites\/2\/2020\/08\/teka-new-logo.png","width":1024,"height":1024,"caption":"Teka Espa\u00f1a"},"image":{"@id":"https:\/\/www.teka.com\/es-es\/#\/schema\/logo\/image\/"}},{"@type":"Person","@id":"https:\/\/www.teka.com\/es-es\/#\/schema\/person\/3c8d01225d6ee8c453254958581e098d","name":"lorgana","image":{"@type":"ImageObject","inLanguage":"es","@id":"https:\/\/secure.gravatar.com\/avatar\/85a1208c099e6872d44fb66cd1e58fd64310486e35e5a44526b47a239681dfc7?s=96&d=mm&r=g","url":"https:\/\/secure.gravatar.com\/avatar\/85a1208c099e6872d44fb66cd1e58fd64310486e35e5a44526b47a239681dfc7?s=96&d=mm&r=g","contentUrl":"https:\/\/secure.gravatar.com\/avatar\/85a1208c099e6872d44fb66cd1e58fd64310486e35e5a44526b47a239681dfc7?s=96&d=mm&r=g","caption":"lorgana"}}]}},"_links":{"self":[{"href":"https:\/\/www.teka.com\/es-es\/wp-json\/wp\/v2\/posts\/122547","targetHints":{"allow":["GET"]}}],"collection":[{"href":"https:\/\/www.teka.com\/es-es\/wp-json\/wp\/v2\/posts"}],"about":[{"href":"https:\/\/www.teka.com\/es-es\/wp-json\/wp\/v2\/types\/post"}],"author":[{"embeddable":true,"href":"https:\/\/www.teka.com\/es-es\/wp-json\/wp\/v2\/users\/50"}],"replies":[{"embeddable":true,"href":"https:\/\/www.teka.com\/es-es\/wp-json\/wp\/v2\/comments?post=122547"}],"version-history":[{"count":2,"href":"https:\/\/www.teka.com\/es-es\/wp-json\/wp\/v2\/posts\/122547\/revisions"}],"predecessor-version":[{"id":122561,"href":"https:\/\/www.teka.com\/es-es\/wp-json\/wp\/v2\/posts\/122547\/revisions\/122561"}],"wp:featuredmedia":[{"embeddable":true,"href":"https:\/\/www.teka.com\/es-es\/wp-json\/wp\/v2\/media\/122556"}],"wp:attachment":[{"href":"https:\/\/www.teka.com\/es-es\/wp-json\/wp\/v2\/media?parent=122547"}],"wp:term":[{"taxonomy":"category","embeddable":true,"href":"https:\/\/www.teka.com\/es-es\/wp-json\/wp\/v2\/categories?post=122547"},{"taxonomy":"post_tag","embeddable":true,"href":"https:\/\/www.teka.com\/es-es\/wp-json\/wp\/v2\/tags?post=122547"}],"curies":[{"name":"wp","href":"https:\/\/api.w.org\/{rel}","templated":true}]}}