{"id":143577,"date":"2025-07-29T06:30:09","date_gmt":"2025-07-29T04:30:09","guid":{"rendered":"https:\/\/www.teka.com\/es-es\/?p=143577"},"modified":"2025-08-11T17:05:13","modified_gmt":"2025-08-11T15:05:13","slug":"cuanto-dura-un-frigorifico","status":"publish","type":"post","link":"https:\/\/www.teka.com\/es-es\/inspiracion\/electrodomesticos-e-innovacion\/cuanto-dura-un-frigorifico\/","title":{"rendered":"\u00bfCu\u00e1nto dura un frigor\u00edfico?"},"content":{"rendered":"<p>Compra un frigor\u00edfico nuevo es toda una aventura. De momento, se te olvida unos cuantos a\u00f1os, hasta que empiezas a detectar <strong>fallos<\/strong> y a liarte a ver cat\u00e1logos e internet en busca del posibles reemplazos, porque es normal no acordarse de Santa B\u00e1rbara hasta que truena. En el peor de los casos, simplemente, deja de <strong>funcionar.<\/strong> Ponte a echar cuentas porque te vamos a mostrar cu\u00e1nto dura un frigor\u00edfico normalmente y qu\u00e9 puedes hacer para <strong>alargar<\/strong> la vida del tuyo todo lo que puedas. Y si no, al menos, sabr\u00e1s en qu\u00e9 fijarte para la pr\u00f3xima.<\/p>\n<p><img loading=\"lazy\" decoding=\"async\" class=\"alignnone size-full wp-image-142941\" src=\"https:\/\/www.teka.com\/es-es\/wp-content\/uploads\/sites\/2\/2025\/06\/LEDLight-1.jpg\" alt=\"Frigor\u00edfico semi abierto con luz LED interior activada en una cocina a oscuras\" width=\"700\" height=\"436\" srcset=\"https:\/\/www.teka.com\/es-es\/wp-content\/uploads\/sites\/2\/2025\/06\/LEDLight-1.jpg 700w, https:\/\/www.teka.com\/es-es\/wp-content\/uploads\/sites\/2\/2025\/06\/LEDLight-1-480x299.jpg 480w\" sizes=\"(min-width: 0px) and (max-width: 480px) 480px, (min-width: 481px) 700px, 100vw\" \/><\/p>\n<h2>\u00bfCu\u00e1l es la vida \u00fatil de un frigor\u00edfico?<\/h2>\n<p>La vida \u00fatil media de un <a href=\"https:\/\/www.teka.com\/es-es\/cocina\/frigorificos-y-congeladores\/\" target=\"_blank\" rel=\"noopener\">frigor\u00edfico<\/a> se sit\u00faa en torno a los 10 y 15 a\u00f1os, aunque algunos modelos pueden llegar hasta los 20 si han sido muy bien cuidados. Eso s\u00ed, el hecho de que dure tanto no est\u00e1 ligado a que siga funcionando con la misma <strong>eficiencia<\/strong> y <strong>rendimiento.<\/strong> De hecho, hay que tener en cuenta los avances en todos los campos que pueden darse solo en 10 a\u00f1os de vida de tu frigor\u00edfico.<\/p>\n<p><img loading=\"lazy\" decoding=\"async\" class=\"alignnone size-full wp-image-142944\" src=\"https:\/\/www.teka.com\/es-es\/wp-content\/uploads\/sites\/2\/2025\/06\/3rd-generation-Capacity.jpg\" alt=\"\" width=\"700\" height=\"436\" srcset=\"https:\/\/www.teka.com\/es-es\/wp-content\/uploads\/sites\/2\/2025\/06\/3rd-generation-Capacity.jpg 700w, https:\/\/www.teka.com\/es-es\/wp-content\/uploads\/sites\/2\/2025\/06\/3rd-generation-Capacity-480x299.jpg 480w\" sizes=\"(min-width: 0px) and (max-width: 480px) 480px, (min-width: 481px) 700px, 100vw\" \/><\/p>\n<p>No siempre es buena idea esperar a que tu frigor\u00edfico \u201cmuera\u201d para cambiarlo. Sustituirlo antes de que deje de funcionar del todo puede <strong>ahorrarte<\/strong> dinero (en consumo <a href=\"https:\/\/www.teka.com\/es-es\/inspiracion\/trucos-diarios-para-ahorrar-energia-con-tu-frigorifico\/\" target=\"_blank\" rel=\"noopener\">el\u00e9ctrico,<\/a> incluso derivado de la conservaci\u00f3n de alimentos) y evitar el riesgo de que pierdas toda la comida almacenada. Pero tambi\u00e9n te contamos otra cosa: por normativa del <strong>Consejo Europeo<\/strong>, las marcas est\u00e1n obligadas a facilitar la <a href=\"https:\/\/www.europarl.europa.eu\/news\/es\/press-room\/20240419IPR20590\/derecho-a-reparar-reparaciones-mas-faciles-y-atractivas-para-los-consumidores\" target=\"_blank\" rel=\"noopener\">reparaci\u00f3n<\/a> de todos los electrodom\u00e9sticos. Esto viene dado en un intento de <strong>aprovechar<\/strong> al m\u00e1ximo el aparato en s\u00ed porque muchas veces se pueden cambiar <strong>piezas<\/strong> y sacarle partido durante m\u00e1s tiempo. Adem\u00e1s, es una medida <a href=\"https:\/\/www.teka.com\/es-es\/inspiracion\/consejos-y-mantenimiento\/9-razones-por-las-que-es-importante-reciclar-en-casa\/\" target=\"_blank\" rel=\"noopener\">ecol\u00f3gica<\/a> al crear menos desperdicio. En definitiva, que una vez m\u00e1s, todo va a depender de lo que tengas en casa.<\/p>\n<p><img loading=\"lazy\" decoding=\"async\" class=\"alignnone size-full wp-image-143581\" src=\"https:\/\/www.teka.com\/es-es\/wp-content\/uploads\/sites\/2\/2025\/07\/Nueva-Generacion-Combis-Mobile-Teka-ES-1.jpg\" alt=\"Cu\u00e1nto dura un frigor\u00edfico Teka combi de libre instalaci\u00f3n con 10 a\u00f1os de garant\u00eda\" width=\"700\" height=\"436\" srcset=\"https:\/\/www.teka.com\/es-es\/wp-content\/uploads\/sites\/2\/2025\/07\/Nueva-Generacion-Combis-Mobile-Teka-ES-1.jpg 700w, https:\/\/www.teka.com\/es-es\/wp-content\/uploads\/sites\/2\/2025\/07\/Nueva-Generacion-Combis-Mobile-Teka-ES-1-480x299.jpg 480w\" sizes=\"(min-width: 0px) and (max-width: 480px) 480px, (min-width: 481px) 700px, 100vw\" \/><\/p>\n<h2>Factores que influyen en su duraci\u00f3n<\/h2>\n<p>No todos los frigor\u00edficos envejecen igual. Hay varios factores que influyen en su vida \u00fatil:<\/p>\n<ol>\n<li><strong> Calidad del electrodom\u00e9stico<\/strong><\/li>\n<\/ol>\n<p>Los frigor\u00edficos de gama media-alta o alta suelen durar <strong>m\u00e1s<\/strong> porque est\u00e1n fabricados con <a href=\"https:\/\/www.teka.com\/es-es\/inspiracion\/electrodomesticos-e-innovacion\/como-elegir-los-mejores-frigorificos-combi\/\" target=\"_blank\" rel=\"noopener\">mejores<\/a> materiales, cuentan con tecnolog\u00edas m\u00e1s avanzadas y tienen componentes m\u00e1s duraderos, como compresores <a href=\"https:\/\/www.teka.com\/es-es\/inspiracion\/electrodomesticos-e-innovacion\/que-es-un-motor-inverter\/\" target=\"_blank\" rel=\"noopener\">Inverter.<\/a><\/p>\n<ol start=\"2\">\n<li><strong> Mantenimiento y limpieza<\/strong><\/li>\n<\/ol>\n<p>Limpiar regularmente las gomas de las puertas, el condensador y evitar la acumulaci\u00f3n de escarcha o suciedad en la parte trasera puede alargar significativamente la vida \u00fatil del aparato. Tambi\u00e9n, que no sufra circunstancias ajenas a ti, como <a href=\"https:\/\/www.teka.com\/es-es\/inspiracion\/electrodomesticos-e-innovacion\/que-hacer-con-tus-electrodomesticos-durante-y-despues-de-un-apagon\/\" target=\"_blank\" rel=\"noopener\">apagones<\/a> (era gracioso cuando no pasaba) o sufrir tres mudanzas.<\/p>\n<ol start=\"3\">\n<li><strong> Tecnolog\u00eda<\/strong><\/li>\n<\/ol>\n<p>Los modelos m\u00e1s recientes, que incorporan tecnolog\u00edas espec\u00edficas para un consumo m\u00e1s <strong>eficiente\u2014hacemos<\/strong> un poco de patria con nuestro <strong>Total No Frost<\/strong>, <strong>AirFlow<\/strong> Control o nuestros cajones espec\u00edficos tipo <strong>FreshBox\u2014no<\/strong> solo conservan mejor los alimentos, sino que tambi\u00e9n ayudan a que el frigor\u00edfico trabaje de forma m\u00e1s eficiente y se <strong>desgaste<\/strong> menos.<\/p>\n<ol start=\"4\">\n<li><strong> Uso diario<\/strong><\/li>\n<\/ol>\n<p>\u00bfCu\u00e1nto dura un frigor\u00edfico en una casa con varias personas viviendo? Efectivamente, no dura igual que en un hogar con una \u00fanica persona. Un frigor\u00edfico en una hogar de familia <strong>numerosa<\/strong> con aperturas constantes y normalmente lleno sufrir\u00e1 m\u00e1s que uno en un hogar de una sola persona y un gato. El nivel de uso influye directamente en el desgaste de sus componentes.<\/p>\n<p><img loading=\"lazy\" decoding=\"async\" class=\"alignnone size-full wp-image-142938\" src=\"https:\/\/www.teka.com\/es-es\/wp-content\/uploads\/sites\/2\/2025\/06\/3rd-generation-RBF_78660_SS.jpg\" alt=\"Cocina de ambiente en materiales naturales y tonos grises con frigor\u00edfico combi de tercera generaci\u00f3n de Teka en acabado acero inoxidable\" width=\"700\" height=\"436\" srcset=\"https:\/\/www.teka.com\/es-es\/wp-content\/uploads\/sites\/2\/2025\/06\/3rd-generation-RBF_78660_SS.jpg 700w, https:\/\/www.teka.com\/es-es\/wp-content\/uploads\/sites\/2\/2025\/06\/3rd-generation-RBF_78660_SS-480x299.jpg 480w\" sizes=\"(min-width: 0px) and (max-width: 480px) 480px, (min-width: 481px) 700px, 100vw\" \/><\/p>\n<h2>\u00bfC\u00f3mo saber si ha llegado la hora de cambiarlo?<\/h2>\n<p>A veces, saber cu\u00e1nto dura un frigor\u00edfico es tan f\u00e1cil c\u00f3mo observar detalles del rendimiento. El frigor\u00edfico no deja de funcionar de golpe, sino que empieza a fallar poco a poco. Estas son algunas se\u00f1ales que indican que lo mismo es hora de plantearte el cambio:<\/p>\n<ul>\n<li>Ya <strong>no enfr\u00eda<\/strong> como antes, aunque est\u00e9 al m\u00e1ximo.<\/li>\n<li>Hace m\u00e1s <a href=\"https:\/\/www.teka.com\/es-es\/inspiracion\/consejos-y-mantenimiento\/por-que-hace-ruido-mi-frigorifico\/\" target=\"_blank\" rel=\"noopener\">ruido<\/a> de lo normal (puede ser el compresor, perfectamente).<\/li>\n<li>Gasta <strong>m\u00e1s electricidad<\/strong> (lo notar\u00e1s en la factura).<\/li>\n<li>Acumula <strong>hielo<\/strong> constantemente, en el congelador e incluso en la parte de frigor\u00edfico. Puede pasar hasta en modelos con descongelaci\u00f3n autom\u00e1tica.<\/li>\n<li>Las <strong>gomas<\/strong> de la puerta est\u00e1n desgastadas o ya no cierran bien (que se te rompa un cristal interior es inc\u00f3modo, pero no influye directamente en el rendimiento del frigor\u00edfico. Ahora que si te pasa con las gomas, la hemos liado, te lo decimos desde ya).<\/li>\n<\/ul>\n<p><img loading=\"lazy\" decoding=\"async\" class=\"alignnone size-full wp-image-143583\" src=\"https:\/\/www.teka.com\/es-es\/wp-content\/uploads\/sites\/2\/2025\/07\/Zero-Box-de-Teka.jpg\" alt=\"Caj\u00f3n Zero Box de frigor\u00edficos Combi Teka con verduras dentro como alcachofas, esp\u00e1rragos, r\u00e1banos y cebolla\" width=\"700\" height=\"436\" srcset=\"https:\/\/www.teka.com\/es-es\/wp-content\/uploads\/sites\/2\/2025\/07\/Zero-Box-de-Teka.jpg 700w, https:\/\/www.teka.com\/es-es\/wp-content\/uploads\/sites\/2\/2025\/07\/Zero-Box-de-Teka-480x299.jpg 480w\" sizes=\"(min-width: 0px) and (max-width: 480px) 480px, (min-width: 481px) 700px, 100vw\" \/><\/p>\n<h2>\u00bfY si mi frigor\u00edfico a\u00fan funciona bien, pero es antiguo?<\/h2>\n<p>Bueno, basta con ir a muchas segundas viviendas para comprobar que hay frigor\u00edficos que han visto pasar varias guerras pero claro, as\u00ed est\u00e1n, am\u00e9n de que el uso no es el mismo que el de tu <strong>casa habitual.<\/strong> Uno de clase energ\u00e9tica antigua (G o inferior) puede estar gastando hasta el <strong>doble<\/strong> o <strong>triple<\/strong> de electricidad que un modelo nuevo <a href=\"https:\/\/commission.europa.eu\/news-and-media\/news\/focus-new-generation-eu-energy-labels-2020-08-13_es\" target=\"_blank\" rel=\"noopener\">clase A<\/a>, el m\u00e1ximo de eficiencia energ\u00e9tica en estos momentos.<\/p>\n<p>Seg\u00fan datos de la OCU (enero 2025), cambiar un frigor\u00edfico de <strong>13 a\u00f1os<\/strong> por uno moderno puede suponer un ahorro de hasta un <strong>50% en energ\u00eda<\/strong> en toda su vida \u00fatil. Adem\u00e1s, muchos modelos actuales ofrecen <strong>tecnolog\u00edas sostenibles<\/strong> y <strong>mayor capacidad<\/strong> sin aumentar el tama\u00f1o exterior, gracias a un <strong>dise\u00f1o<\/strong> m\u00e1s eficiente.<\/p>\n<h2>Claves para alargar la vida \u00fatil de tu frigor\u00edfico<\/h2>\n<p>Mientras decides si cambiar o no, aqu\u00ed van algunos consejos pr\u00e1cticos para que el que tienes te dure m\u00e1s (o que el nuevo te dure lo m\u00e1ximo posible):<\/p>\n<ul>\n<li>No lo sobrecargues: deja espacio para que circule el aire.<\/li>\n<li><strong>Limpia las gomas y el interior con vinagre y agua cada 3-4 semanas.<\/strong><\/li>\n<li>Manten el termostato entre <strong>3\u00b0 C y 5\u00b0 C<\/strong> y el congelador a <strong>-18 \u00b0C<\/strong>.<\/li>\n<li>No lo pegues a la pared: necesita <strong>espacio<\/strong> para ventilarse. Tampoco utilices la parte de <strong>arriba<\/strong> de almacenaje, por ah\u00ed tambi\u00e9n respira.<\/li>\n<li>Evita meter comida <strong>caliente<\/strong> directamente. Le haces un poco polvo.<\/li>\n<\/ul>\n<p><img loading=\"lazy\" decoding=\"async\" class=\"alignnone size-full wp-image-143580\" src=\"https:\/\/www.teka.com\/es-es\/wp-content\/uploads\/sites\/2\/2025\/07\/2nd_generation_-_Efficiency1-scaled-1.jpg\" alt=\"\" width=\"700\" height=\"436\" data-wp-editing=\"1\" srcset=\"https:\/\/www.teka.com\/es-es\/wp-content\/uploads\/sites\/2\/2025\/07\/2nd_generation_-_Efficiency1-scaled-1.jpg 700w, https:\/\/www.teka.com\/es-es\/wp-content\/uploads\/sites\/2\/2025\/07\/2nd_generation_-_Efficiency1-scaled-1-480x299.jpg 480w\" sizes=\"(min-width: 0px) and (max-width: 480px) 480px, (min-width: 481px) 700px, 100vw\" \/><\/p>\n<h2>En resumen: \u00bfcu\u00e1nto dura un frigor\u00edfico?<\/h2>\n<p>Un frigor\u00edfico puede durar entre 10 y 15 a\u00f1os, pero su <strong>rendimiento<\/strong> y <strong>eficiencia<\/strong> no son eternos, como desafortunadamente tampoco lo ha sido Ozzy Osbourne, muy a nuestro pesar. Si el tuyo ya tiene m\u00e1s de una d\u00e9cada, conviene observar c\u00f3mo est\u00e1 funcionando, cu\u00e1nto consume y si ha dejado de ser funcional para tu estilo de vida. Oye, que igual tambi\u00e9n lo puedes reciclar en un entorno menos exigente, como una casa en el pueblo de alguien, donde su funcionamiento sea m\u00e1s llevadero. Y, como hemos mencionado, echa un ojo con profesionales para ver si cambiando alguna <strong>pieza<\/strong> puedes hacer que lo que le quede de vida sea m\u00e1s operativo y menos sufrido.<\/p>\n<p>Por otro lado, invertir en un modelo <strong>nuevo, eficiente<\/strong> y <strong>bien dise\u00f1ado<\/strong> puede ser m\u00e1s rentable de lo que parece, la verdad. Hoy existen frigor\u00edficos que cuidan mejor tus alimentos, gastan menos energ\u00eda y duran m\u00e1s. Y si adem\u00e1s ofrecen hasta 10 a\u00f1os de garant\u00eda, como algunas gamas actuales, mejor a\u00fan.<\/p>\n","protected":false},"excerpt":{"rendered":"<p>Compra un frigor\u00edfico nuevo es toda una aventura. De momento, se te olvida unos cuantos a\u00f1os, hasta que empiezas a detectar fallos y a liarte a ver cat\u00e1logos e internet en busca del posibles reemplazos, porque es normal no acordarse de Santa B\u00e1rbara hasta que truena. En el peor de los casos, simplemente, deja de [&hellip;]<\/p>\n","protected":false},"author":50,"featured_media":142944,"comment_status":"open","ping_status":"closed","sticky":false,"template":"","format":"standard","meta":{"_acf_changed":false,"_et_pb_use_builder":"","_et_pb_old_content":"","_et_gb_content_width":"","footnotes":""},"categories":[78374,595],"tags":[],"class_list":["post-143577","post","type-post","status-publish","format-standard","has-post-thumbnail","hentry","category-ahorro-y-eficiencia","category-electrodomesticos-e-innovacion"],"acf":[],"yoast_head":"<!-- This site is optimized with the Yoast SEO plugin v27.5 - https:\/\/yoast.com\/product\/yoast-seo-wordpress\/ -->\n<title>\u00bfCu\u00e1nto dura un frigor\u00edfico? | Teka Espa\u00f1a<\/title>\n<meta name=\"description\" content=\"\u00bfCu\u00e1nto dura un frigor\u00edfico? Descubre la vida \u00fatil real de estos electrodom\u00e9sticos, c\u00f3mo alargarla y cu\u00e1ndo no te queda otra que cambiarlo\" \/>\n<meta name=\"robots\" content=\"index, follow, max-snippet:-1, max-image-preview:large, max-video-preview:-1\" \/>\n<link rel=\"canonical\" href=\"https:\/\/www.teka.com\/es-es\/inspiracion\/electrodomesticos-e-innovacion\/cuanto-dura-un-frigorifico\/\" \/>\n<meta property=\"og:locale\" content=\"es_ES\" \/>\n<meta property=\"og:type\" content=\"article\" \/>\n<meta property=\"og:title\" content=\"\u00bfCu\u00e1nto dura un frigor\u00edfico? | Teka Espa\u00f1a\" \/>\n<meta property=\"og:description\" content=\"\u00bfCu\u00e1nto dura un frigor\u00edfico? Descubre la vida \u00fatil real de estos electrodom\u00e9sticos, c\u00f3mo alargarla y cu\u00e1ndo no te queda otra que cambiarlo\" \/>\n<meta property=\"og:url\" content=\"https:\/\/www.teka.com\/es-es\/inspiracion\/electrodomesticos-e-innovacion\/cuanto-dura-un-frigorifico\/\" \/>\n<meta property=\"og:site_name\" content=\"Teka Espa\u00f1a\" \/>\n<meta property=\"article:published_time\" content=\"2025-07-29T04:30:09+00:00\" \/>\n<meta property=\"article:modified_time\" content=\"2025-08-11T15:05:13+00:00\" \/>\n<meta property=\"og:image\" content=\"https:\/\/www.teka.com\/es-es\/wp-content\/uploads\/sites\/2\/2025\/06\/3rd-generation-Capacity.jpg\" \/>\n\t<meta property=\"og:image:width\" content=\"700\" \/>\n\t<meta property=\"og:image:height\" content=\"436\" \/>\n\t<meta property=\"og:image:type\" content=\"image\/jpeg\" \/>\n<meta name=\"author\" content=\"lorgana\" \/>\n<meta name=\"twitter:card\" content=\"summary_large_image\" \/>\n<meta name=\"twitter:label1\" content=\"Escrito por\" \/>\n\t<meta name=\"twitter:data1\" content=\"lorgana\" \/>\n\t<meta name=\"twitter:label2\" content=\"Tiempo de lectura\" \/>\n\t<meta name=\"twitter:data2\" content=\"7 minutos\" \/>\n<script type=\"application\/ld+json\" class=\"yoast-schema-graph\">{\"@context\":\"https:\\\/\\\/schema.org\",\"@graph\":[{\"@type\":\"Article\",\"@id\":\"https:\\\/\\\/www.teka.com\\\/es-es\\\/inspiracion\\\/electrodomesticos-e-innovacion\\\/cuanto-dura-un-frigorifico\\\/#article\",\"isPartOf\":{\"@id\":\"https:\\\/\\\/www.teka.com\\\/es-es\\\/inspiracion\\\/electrodomesticos-e-innovacion\\\/cuanto-dura-un-frigorifico\\\/\"},\"author\":{\"name\":\"lorgana\",\"@id\":\"https:\\\/\\\/www.teka.com\\\/es-es\\\/#\\\/schema\\\/person\\\/3c8d01225d6ee8c453254958581e098d\"},\"headline\":\"\u00bfCu\u00e1nto dura un frigor\u00edfico?\",\"datePublished\":\"2025-07-29T04:30:09+00:00\",\"dateModified\":\"2025-08-11T15:05:13+00:00\",\"mainEntityOfPage\":{\"@id\":\"https:\\\/\\\/www.teka.com\\\/es-es\\\/inspiracion\\\/electrodomesticos-e-innovacion\\\/cuanto-dura-un-frigorifico\\\/\"},\"wordCount\":1190,\"commentCount\":0,\"publisher\":{\"@id\":\"https:\\\/\\\/www.teka.com\\\/es-es\\\/#organization\"},\"image\":{\"@id\":\"https:\\\/\\\/www.teka.com\\\/es-es\\\/inspiracion\\\/electrodomesticos-e-innovacion\\\/cuanto-dura-un-frigorifico\\\/#primaryimage\"},\"thumbnailUrl\":\"https:\\\/\\\/www.teka.com\\\/es-es\\\/wp-content\\\/uploads\\\/sites\\\/2\\\/2025\\\/06\\\/3rd-generation-Capacity.jpg\",\"articleSection\":[\"Ahorro y eficiencia\",\"Electrodom\u00e9sticos e innovaci\u00f3n\"],\"inLanguage\":\"es\",\"potentialAction\":[{\"@type\":\"CommentAction\",\"name\":\"Comment\",\"target\":[\"https:\\\/\\\/www.teka.com\\\/es-es\\\/inspiracion\\\/electrodomesticos-e-innovacion\\\/cuanto-dura-un-frigorifico\\\/#respond\"]}]},{\"@type\":\"WebPage\",\"@id\":\"https:\\\/\\\/www.teka.com\\\/es-es\\\/inspiracion\\\/electrodomesticos-e-innovacion\\\/cuanto-dura-un-frigorifico\\\/\",\"url\":\"https:\\\/\\\/www.teka.com\\\/es-es\\\/inspiracion\\\/electrodomesticos-e-innovacion\\\/cuanto-dura-un-frigorifico\\\/\",\"name\":\"\u00bfCu\u00e1nto dura un frigor\u00edfico? | Teka Espa\u00f1a\",\"isPartOf\":{\"@id\":\"https:\\\/\\\/www.teka.com\\\/es-es\\\/#website\"},\"primaryImageOfPage\":{\"@id\":\"https:\\\/\\\/www.teka.com\\\/es-es\\\/inspiracion\\\/electrodomesticos-e-innovacion\\\/cuanto-dura-un-frigorifico\\\/#primaryimage\"},\"image\":{\"@id\":\"https:\\\/\\\/www.teka.com\\\/es-es\\\/inspiracion\\\/electrodomesticos-e-innovacion\\\/cuanto-dura-un-frigorifico\\\/#primaryimage\"},\"thumbnailUrl\":\"https:\\\/\\\/www.teka.com\\\/es-es\\\/wp-content\\\/uploads\\\/sites\\\/2\\\/2025\\\/06\\\/3rd-generation-Capacity.jpg\",\"datePublished\":\"2025-07-29T04:30:09+00:00\",\"dateModified\":\"2025-08-11T15:05:13+00:00\",\"description\":\"\u00bfCu\u00e1nto dura un frigor\u00edfico? Descubre la vida \u00fatil real de estos electrodom\u00e9sticos, c\u00f3mo alargarla y cu\u00e1ndo no te queda otra que cambiarlo\",\"inLanguage\":\"es\",\"potentialAction\":[{\"@type\":\"ReadAction\",\"target\":[\"https:\\\/\\\/www.teka.com\\\/es-es\\\/inspiracion\\\/electrodomesticos-e-innovacion\\\/cuanto-dura-un-frigorifico\\\/\"]}]},{\"@type\":\"ImageObject\",\"inLanguage\":\"es\",\"@id\":\"https:\\\/\\\/www.teka.com\\\/es-es\\\/inspiracion\\\/electrodomesticos-e-innovacion\\\/cuanto-dura-un-frigorifico\\\/#primaryimage\",\"url\":\"https:\\\/\\\/www.teka.com\\\/es-es\\\/wp-content\\\/uploads\\\/sites\\\/2\\\/2025\\\/06\\\/3rd-generation-Capacity.jpg\",\"contentUrl\":\"https:\\\/\\\/www.teka.com\\\/es-es\\\/wp-content\\\/uploads\\\/sites\\\/2\\\/2025\\\/06\\\/3rd-generation-Capacity.jpg\",\"width\":700,\"height\":436,\"caption\":\"Frigor\u00edfico de tercera generaci\u00f3n Teka en acabado acero inoxidable con una capacidad XL\"},{\"@type\":\"WebSite\",\"@id\":\"https:\\\/\\\/www.teka.com\\\/es-es\\\/#website\",\"url\":\"https:\\\/\\\/www.teka.com\\\/es-es\\\/\",\"name\":\"Teka Espa\u00f1a\",\"description\":\"\",\"publisher\":{\"@id\":\"https:\\\/\\\/www.teka.com\\\/es-es\\\/#organization\"},\"potentialAction\":[{\"@type\":\"SearchAction\",\"target\":{\"@type\":\"EntryPoint\",\"urlTemplate\":\"https:\\\/\\\/www.teka.com\\\/es-es\\\/?s={search_term_string}\"},\"query-input\":{\"@type\":\"PropertyValueSpecification\",\"valueRequired\":true,\"valueName\":\"search_term_string\"}}],\"inLanguage\":\"es\"},{\"@type\":\"Organization\",\"@id\":\"https:\\\/\\\/www.teka.com\\\/es-es\\\/#organization\",\"name\":\"Teka Espa\u00f1a\",\"url\":\"https:\\\/\\\/www.teka.com\\\/es-es\\\/\",\"logo\":{\"@type\":\"ImageObject\",\"inLanguage\":\"es\",\"@id\":\"https:\\\/\\\/www.teka.com\\\/es-es\\\/#\\\/schema\\\/logo\\\/image\\\/\",\"url\":\"https:\\\/\\\/www.teka.com\\\/es-es\\\/wp-content\\\/uploads\\\/sites\\\/2\\\/2020\\\/08\\\/teka-new-logo.png\",\"contentUrl\":\"https:\\\/\\\/www.teka.com\\\/es-es\\\/wp-content\\\/uploads\\\/sites\\\/2\\\/2020\\\/08\\\/teka-new-logo.png\",\"width\":1024,\"height\":1024,\"caption\":\"Teka Espa\u00f1a\"},\"image\":{\"@id\":\"https:\\\/\\\/www.teka.com\\\/es-es\\\/#\\\/schema\\\/logo\\\/image\\\/\"}},{\"@type\":\"Person\",\"@id\":\"https:\\\/\\\/www.teka.com\\\/es-es\\\/#\\\/schema\\\/person\\\/3c8d01225d6ee8c453254958581e098d\",\"name\":\"lorgana\",\"image\":{\"@type\":\"ImageObject\",\"inLanguage\":\"es\",\"@id\":\"https:\\\/\\\/secure.gravatar.com\\\/avatar\\\/85a1208c099e6872d44fb66cd1e58fd64310486e35e5a44526b47a239681dfc7?s=96&d=mm&r=g\",\"url\":\"https:\\\/\\\/secure.gravatar.com\\\/avatar\\\/85a1208c099e6872d44fb66cd1e58fd64310486e35e5a44526b47a239681dfc7?s=96&d=mm&r=g\",\"contentUrl\":\"https:\\\/\\\/secure.gravatar.com\\\/avatar\\\/85a1208c099e6872d44fb66cd1e58fd64310486e35e5a44526b47a239681dfc7?s=96&d=mm&r=g\",\"caption\":\"lorgana\"}}]}<\/script>\n<!-- \/ Yoast SEO plugin. -->","yoast_head_json":{"title":"\u00bfCu\u00e1nto dura un frigor\u00edfico? | Teka Espa\u00f1a","description":"\u00bfCu\u00e1nto dura un frigor\u00edfico? Descubre la vida \u00fatil real de estos electrodom\u00e9sticos, c\u00f3mo alargarla y cu\u00e1ndo no te queda otra que cambiarlo","robots":{"index":"index","follow":"follow","max-snippet":"max-snippet:-1","max-image-preview":"max-image-preview:large","max-video-preview":"max-video-preview:-1"},"canonical":"https:\/\/www.teka.com\/es-es\/inspiracion\/electrodomesticos-e-innovacion\/cuanto-dura-un-frigorifico\/","og_locale":"es_ES","og_type":"article","og_title":"\u00bfCu\u00e1nto dura un frigor\u00edfico? | Teka Espa\u00f1a","og_description":"\u00bfCu\u00e1nto dura un frigor\u00edfico? Descubre la vida \u00fatil real de estos electrodom\u00e9sticos, c\u00f3mo alargarla y cu\u00e1ndo no te queda otra que cambiarlo","og_url":"https:\/\/www.teka.com\/es-es\/inspiracion\/electrodomesticos-e-innovacion\/cuanto-dura-un-frigorifico\/","og_site_name":"Teka Espa\u00f1a","article_published_time":"2025-07-29T04:30:09+00:00","article_modified_time":"2025-08-11T15:05:13+00:00","og_image":[{"width":700,"height":436,"url":"https:\/\/www.teka.com\/es-es\/wp-content\/uploads\/sites\/2\/2025\/06\/3rd-generation-Capacity.jpg","type":"image\/jpeg"}],"author":"lorgana","twitter_card":"summary_large_image","twitter_misc":{"Escrito por":"lorgana","Tiempo de lectura":"7 minutos"},"schema":{"@context":"https:\/\/schema.org","@graph":[{"@type":"Article","@id":"https:\/\/www.teka.com\/es-es\/inspiracion\/electrodomesticos-e-innovacion\/cuanto-dura-un-frigorifico\/#article","isPartOf":{"@id":"https:\/\/www.teka.com\/es-es\/inspiracion\/electrodomesticos-e-innovacion\/cuanto-dura-un-frigorifico\/"},"author":{"name":"lorgana","@id":"https:\/\/www.teka.com\/es-es\/#\/schema\/person\/3c8d01225d6ee8c453254958581e098d"},"headline":"\u00bfCu\u00e1nto dura un frigor\u00edfico?","datePublished":"2025-07-29T04:30:09+00:00","dateModified":"2025-08-11T15:05:13+00:00","mainEntityOfPage":{"@id":"https:\/\/www.teka.com\/es-es\/inspiracion\/electrodomesticos-e-innovacion\/cuanto-dura-un-frigorifico\/"},"wordCount":1190,"commentCount":0,"publisher":{"@id":"https:\/\/www.teka.com\/es-es\/#organization"},"image":{"@id":"https:\/\/www.teka.com\/es-es\/inspiracion\/electrodomesticos-e-innovacion\/cuanto-dura-un-frigorifico\/#primaryimage"},"thumbnailUrl":"https:\/\/www.teka.com\/es-es\/wp-content\/uploads\/sites\/2\/2025\/06\/3rd-generation-Capacity.jpg","articleSection":["Ahorro y eficiencia","Electrodom\u00e9sticos e innovaci\u00f3n"],"inLanguage":"es","potentialAction":[{"@type":"CommentAction","name":"Comment","target":["https:\/\/www.teka.com\/es-es\/inspiracion\/electrodomesticos-e-innovacion\/cuanto-dura-un-frigorifico\/#respond"]}]},{"@type":"WebPage","@id":"https:\/\/www.teka.com\/es-es\/inspiracion\/electrodomesticos-e-innovacion\/cuanto-dura-un-frigorifico\/","url":"https:\/\/www.teka.com\/es-es\/inspiracion\/electrodomesticos-e-innovacion\/cuanto-dura-un-frigorifico\/","name":"\u00bfCu\u00e1nto dura un frigor\u00edfico? | Teka Espa\u00f1a","isPartOf":{"@id":"https:\/\/www.teka.com\/es-es\/#website"},"primaryImageOfPage":{"@id":"https:\/\/www.teka.com\/es-es\/inspiracion\/electrodomesticos-e-innovacion\/cuanto-dura-un-frigorifico\/#primaryimage"},"image":{"@id":"https:\/\/www.teka.com\/es-es\/inspiracion\/electrodomesticos-e-innovacion\/cuanto-dura-un-frigorifico\/#primaryimage"},"thumbnailUrl":"https:\/\/www.teka.com\/es-es\/wp-content\/uploads\/sites\/2\/2025\/06\/3rd-generation-Capacity.jpg","datePublished":"2025-07-29T04:30:09+00:00","dateModified":"2025-08-11T15:05:13+00:00","description":"\u00bfCu\u00e1nto dura un frigor\u00edfico? Descubre la vida \u00fatil real de estos electrodom\u00e9sticos, c\u00f3mo alargarla y cu\u00e1ndo no te queda otra que cambiarlo","inLanguage":"es","potentialAction":[{"@type":"ReadAction","target":["https:\/\/www.teka.com\/es-es\/inspiracion\/electrodomesticos-e-innovacion\/cuanto-dura-un-frigorifico\/"]}]},{"@type":"ImageObject","inLanguage":"es","@id":"https:\/\/www.teka.com\/es-es\/inspiracion\/electrodomesticos-e-innovacion\/cuanto-dura-un-frigorifico\/#primaryimage","url":"https:\/\/www.teka.com\/es-es\/wp-content\/uploads\/sites\/2\/2025\/06\/3rd-generation-Capacity.jpg","contentUrl":"https:\/\/www.teka.com\/es-es\/wp-content\/uploads\/sites\/2\/2025\/06\/3rd-generation-Capacity.jpg","width":700,"height":436,"caption":"Frigor\u00edfico de tercera generaci\u00f3n Teka en acabado acero inoxidable con una capacidad XL"},{"@type":"WebSite","@id":"https:\/\/www.teka.com\/es-es\/#website","url":"https:\/\/www.teka.com\/es-es\/","name":"Teka Espa\u00f1a","description":"","publisher":{"@id":"https:\/\/www.teka.com\/es-es\/#organization"},"potentialAction":[{"@type":"SearchAction","target":{"@type":"EntryPoint","urlTemplate":"https:\/\/www.teka.com\/es-es\/?s={search_term_string}"},"query-input":{"@type":"PropertyValueSpecification","valueRequired":true,"valueName":"search_term_string"}}],"inLanguage":"es"},{"@type":"Organization","@id":"https:\/\/www.teka.com\/es-es\/#organization","name":"Teka Espa\u00f1a","url":"https:\/\/www.teka.com\/es-es\/","logo":{"@type":"ImageObject","inLanguage":"es","@id":"https:\/\/www.teka.com\/es-es\/#\/schema\/logo\/image\/","url":"https:\/\/www.teka.com\/es-es\/wp-content\/uploads\/sites\/2\/2020\/08\/teka-new-logo.png","contentUrl":"https:\/\/www.teka.com\/es-es\/wp-content\/uploads\/sites\/2\/2020\/08\/teka-new-logo.png","width":1024,"height":1024,"caption":"Teka Espa\u00f1a"},"image":{"@id":"https:\/\/www.teka.com\/es-es\/#\/schema\/logo\/image\/"}},{"@type":"Person","@id":"https:\/\/www.teka.com\/es-es\/#\/schema\/person\/3c8d01225d6ee8c453254958581e098d","name":"lorgana","image":{"@type":"ImageObject","inLanguage":"es","@id":"https:\/\/secure.gravatar.com\/avatar\/85a1208c099e6872d44fb66cd1e58fd64310486e35e5a44526b47a239681dfc7?s=96&d=mm&r=g","url":"https:\/\/secure.gravatar.com\/avatar\/85a1208c099e6872d44fb66cd1e58fd64310486e35e5a44526b47a239681dfc7?s=96&d=mm&r=g","contentUrl":"https:\/\/secure.gravatar.com\/avatar\/85a1208c099e6872d44fb66cd1e58fd64310486e35e5a44526b47a239681dfc7?s=96&d=mm&r=g","caption":"lorgana"}}]}},"_links":{"self":[{"href":"https:\/\/www.teka.com\/es-es\/wp-json\/wp\/v2\/posts\/143577","targetHints":{"allow":["GET"]}}],"collection":[{"href":"https:\/\/www.teka.com\/es-es\/wp-json\/wp\/v2\/posts"}],"about":[{"href":"https:\/\/www.teka.com\/es-es\/wp-json\/wp\/v2\/types\/post"}],"author":[{"embeddable":true,"href":"https:\/\/www.teka.com\/es-es\/wp-json\/wp\/v2\/users\/50"}],"replies":[{"embeddable":true,"href":"https:\/\/www.teka.com\/es-es\/wp-json\/wp\/v2\/comments?post=143577"}],"version-history":[{"count":5,"href":"https:\/\/www.teka.com\/es-es\/wp-json\/wp\/v2\/posts\/143577\/revisions"}],"predecessor-version":[{"id":143587,"href":"https:\/\/www.teka.com\/es-es\/wp-json\/wp\/v2\/posts\/143577\/revisions\/143587"}],"wp:featuredmedia":[{"embeddable":true,"href":"https:\/\/www.teka.com\/es-es\/wp-json\/wp\/v2\/media\/142944"}],"wp:attachment":[{"href":"https:\/\/www.teka.com\/es-es\/wp-json\/wp\/v2\/media?parent=143577"}],"wp:term":[{"taxonomy":"category","embeddable":true,"href":"https:\/\/www.teka.com\/es-es\/wp-json\/wp\/v2\/categories?post=143577"},{"taxonomy":"post_tag","embeddable":true,"href":"https:\/\/www.teka.com\/es-es\/wp-json\/wp\/v2\/tags?post=143577"}],"curies":[{"name":"wp","href":"https:\/\/api.w.org\/{rel}","templated":true}]}}