{"id":83725,"date":"2020-08-05T10:14:30","date_gmt":"2020-08-05T08:14:30","guid":{"rendered":"https:\/\/www.teka.com\/es-es\/?p=83725"},"modified":"2020-08-21T09:38:21","modified_gmt":"2020-08-21T07:38:21","slug":"consejos-para-conservar-alimentos-en-verano","status":"publish","type":"post","link":"https:\/\/www.teka.com\/es-es\/inspiracion\/recetas-y-gastronomia\/consejos-para-conservar-alimentos-en-verano\/","title":{"rendered":"Consejos para conservar alimentos en verano"},"content":{"rendered":"<p class=\"p1\">El verano y el aumento de temperaturas traen consigo otros efectos paralelos aparte de pasear al fresquito o no pegar ojo por las noches, depende de lo que te toque. Es inevitable buscar remedios y alterar nuestra rutina para huir de los efectos del calor extremo. Uno de esos trabajos extra es prestar atenci\u00f3n a <b>c\u00f3mo conservar los alimentos en verano<\/b>, porque las altas temperaturas pueden afectar mucho a su calidad y vida \u00fatil.<\/p>\n<p class=\"p1\">Te contamos algunos trucos para que puedas mantener tus alimentos en las mejores condiciones en el mes m\u00e1s caluroso del a\u00f1o, seg\u00fan d\u00f3nde te pille del globo terr\u00e1queo.<\/p>\n<h2 class=\"p1\"><span class=\"s1\">Conservaci\u00f3n de alimentos: no eres t\u00fa, en verano es m\u00e1s dif\u00edcil<\/span><\/h2>\n<p class=\"p1\">Mantener guardados los alimentos que compramos requiere tener en cuenta distintos aspectos. Esto es a\u00fan m\u00e1s complicado en verano, pues <b>el incremento de temperaturas y la presencia de mayor humedad &#8211; o sequedad extrema, depende de tu zona geogr\u00e1fica- provoca la p\u00e9rdida de numerosos productos<\/b>.<\/p>\n<p><img loading=\"lazy\" decoding=\"async\" class=\"alignnone size-full wp-image-79117\" src=\"https:\/\/www.teka.com\/es-es\/wp-content\/uploads\/sites\/2\/2019\/12\/ordenar-frigori\u0301fico.jpg\" alt=\"ordenar frigor\u00edfico navidad\" width=\"700\" height=\"436\" srcset=\"https:\/\/www.teka.com\/es-es\/wp-content\/uploads\/sites\/2\/2019\/12\/ordenar-frigori\u0301fico.jpg 700w, https:\/\/www.teka.com\/es-es\/wp-content\/uploads\/sites\/2\/2019\/12\/ordenar-frigori\u0301fico-300x187.jpg 300w, https:\/\/www.teka.com\/es-es\/wp-content\/uploads\/sites\/2\/2019\/12\/ordenar-frigori\u0301fico-400x250.jpg 400w\" sizes=\"(max-width: 700px) 100vw, 700px\" \/><\/p>\n<p>No solo se trata de un problema de econom\u00eda dom\u00e9stica, sino que es un desperdicio de comida intolerable en un mundo donde millones de personas sufren otra pandemia, el hambre. Diversos estudios indican que s\u00f3lo <b>en Espa\u00f1a\u00a0se tiran casi ocho mil millones de kilos de comida cada a\u00f1o<\/b>, de los que casi la mitad son frutas y verduras.<\/p>\n<p>Por otro lado, muchos\u00a0<b>alimentos frescos<\/b>\u00a0son frecuentemente desechados por lo poco que duran. En este sentido, una mala planificaci\u00f3n puede hacer que no acabemos cocinando un producto que hayamos comprado y, para el d\u00eda siguiente, deje de ser comestible.\u00a0<span class=\"s1\"><br \/>\n<\/span><\/p>\n<h2 class=\"p1\"><span class=\"s1\"><br \/>\nC\u00f3mo comprar en \u00e9poca estival<\/span><\/h2>\n<p><img loading=\"lazy\" decoding=\"async\" class=\"alignnone size-full wp-image-82578\" src=\"https:\/\/www.teka.com\/es-es\/wp-content\/uploads\/sites\/2\/2020\/06\/frigo-toallas.jpg\" alt=\"vacaciones electrodomesticos\" width=\"700\" height=\"436\" srcset=\"https:\/\/www.teka.com\/es-es\/wp-content\/uploads\/sites\/2\/2020\/06\/frigo-toallas.jpg 700w, https:\/\/www.teka.com\/es-es\/wp-content\/uploads\/sites\/2\/2020\/06\/frigo-toallas-480x299.jpg 480w\" sizes=\"(min-width: 0px) and (max-width: 480px) 480px, (min-width: 481px) 700px, 100vw\" \/><\/p>\n<p class=\"p1\">A la hora de ir al supermercado (o al comercio local), debemos tener en cuenta distintos consejos para que nuestra compra no sucumba al calor del verano. En primer t\u00e9rmino, <b>te aconsejamos hacer una lista de lo que vas a adquirir<\/b>, para as\u00ed evitar llevarnos a casa m\u00e1s cosas de la cuenta y que no tengamos tiempo de cocinarlas todas.<\/p>\n<p class=\"p1\">Cuando vayas a hacer la compra, intenta llevar siempre una <strong>bolsa t\u00e9rmica<\/strong> para los productos que necesitan fr\u00edo y minimizar as\u00ed el impacto hasta que lleguen a tu <a href=\"https:\/\/www.teka.com\/es-es\/cocina\/frigorificos-y-congeladores\/\" target=\"_blank\" rel=\"noopener noreferrer\">frigor\u00edfico o congelador<\/a>. Puedes comprar estas bolsas muchas veces en los mismos establecimientos y son duraderas. Si tienes una cl\u00e1sica <strong>nevera de picnic<\/strong>, tambi\u00e9n puedes aprovecharla para esta funci\u00f3n.<\/p>\n<p class=\"p1\">Cuando vayas a elegir la fruta y la verdura, observa bien que el producto est\u00e1 fresco y no ha empezado a deteriorarse. Si no vas a consumirlo en el d\u00eda, en cuyo caso puedes llev\u00e1rtelo maduro, esto te ayudar\u00e1 a prolongar su vida en el frigor\u00edfico.<\/p>\n<p><img loading=\"lazy\" decoding=\"async\" class=\"alignnone size-full wp-image-81171\" src=\"https:\/\/www.teka.com\/es-es\/wp-content\/uploads\/sites\/2\/2020\/04\/alimentos-sistema-inmune.jpg\" alt=\"alimentos-sistema-inmune\" width=\"700\" height=\"436\" srcset=\"https:\/\/www.teka.com\/es-es\/wp-content\/uploads\/sites\/2\/2020\/04\/alimentos-sistema-inmune.jpg 700w, https:\/\/www.teka.com\/es-es\/wp-content\/uploads\/sites\/2\/2020\/04\/alimentos-sistema-inmune-300x187.jpg 300w, https:\/\/www.teka.com\/es-es\/wp-content\/uploads\/sites\/2\/2020\/04\/alimentos-sistema-inmune-400x250.jpg 400w\" sizes=\"(max-width: 700px) 100vw, 700px\" \/><\/p>\n<p>A su vez, te aconsejamos <b>llevarte productos en conserva o enlatados<\/b>, ya que tendr\u00e1n una duraci\u00f3n mucho mayor y resistir\u00e1n el calor mejor. Sin embargo, ten cuidado con las latas abolladas, hinchadas u oxidadas, que estar\u00e1n defectuosas y, una vez compradas, no podr\u00e1s devolverlas. Lo mismo sucede en el caso de los yogures y otros l\u00e1cteos: si ves la tapa de alguno de los envases inflada, es m\u00e1s que probable que est\u00e9 malo. <span class=\"s1\"><br \/>\n<\/span><\/p>\n<h2 class=\"p1\"><span class=\"s1\"><br \/>\n6 consejos para conservar bien los alimentos en verano<\/span><\/h2>\n<p class=\"p1\">Te damos una serie de recomendaciones b\u00e1sicas y f\u00e1ciles de seguir para conservar tus alimentos en verano:<span class=\"s2\"><br \/>\n<\/span><\/p>\n<h3 class=\"p1\"><span class=\"s2\"><br \/>\nCongela carnes y pescados<\/span><\/h3>\n<p><img loading=\"lazy\" decoding=\"async\" class=\"alignnone size-full wp-image-64176\" src=\"https:\/\/www.teka.com\/es-es\/wp-content\/uploads\/sites\/2\/2018\/09\/como-congelar-pescado.jpg\" alt=\"\" width=\"700\" height=\"436\" srcset=\"https:\/\/www.teka.com\/es-es\/wp-content\/uploads\/sites\/2\/2018\/09\/como-congelar-pescado.jpg 700w, https:\/\/www.teka.com\/es-es\/wp-content\/uploads\/sites\/2\/2018\/09\/como-congelar-pescado-300x187.jpg 300w, https:\/\/www.teka.com\/es-es\/wp-content\/uploads\/sites\/2\/2018\/09\/como-congelar-pescado-400x250.jpg 400w\" sizes=\"(max-width: 700px) 100vw, 700px\" \/><\/p>\n<p class=\"p1\">Si bien lo ideal es comprarlos y cocinarlos en el mismo d\u00eda, puede que tu rutina diaria no te permita llevar esto a cabo. Adem\u00e1s, las medidas actuales aconsejan optimizar los viajes al mercado y grandes superficies.Pero siempre <b>puedes congelar la carne y el pescado.\u00a0<\/b>Aprovechamos la ocasi\u00f3n para recordar nuestro consejo de madre: no <a href=\"https:\/\/www.teka.com\/es-es\/inspiracion\/consejos-y-mantenimiento\/la-mejor-manera-de-congelar-y-descongelar-tus-alimentos\/\" target=\"_blank\" rel=\"noopener noreferrer\">descongeles<\/a> fuera del frigor\u00edfico.<\/p>\n<p class=\"p1\">En el caso adem\u00e1s de los pescados, <strong>procura elegir aquellos que est\u00e9n m\u00e1s frescos<\/strong>. O bien por consejo del profesional que te atienda, o bien porque el aspecto de la pieza sugiera que est\u00e1 fresco &#8211; agallas rojas, ojos brillantes, textura firme.<\/p>\n<h3 class=\"p1\"><span class=\"s2\"><br \/>\nFrutas y verduras<\/span><\/h3>\n<p><img loading=\"lazy\" decoding=\"async\" class=\"alignnone size-full wp-image-64173\" src=\"https:\/\/www.teka.com\/es-es\/wp-content\/uploads\/sites\/2\/2018\/09\/como-congelar-alimentos.jpg\" alt=\"como congelar alimentos\" width=\"700\" height=\"436\" srcset=\"https:\/\/www.teka.com\/es-es\/wp-content\/uploads\/sites\/2\/2018\/09\/como-congelar-alimentos.jpg 700w, https:\/\/www.teka.com\/es-es\/wp-content\/uploads\/sites\/2\/2018\/09\/como-congelar-alimentos-300x187.jpg 300w, https:\/\/www.teka.com\/es-es\/wp-content\/uploads\/sites\/2\/2018\/09\/como-congelar-alimentos-400x250.jpg 400w\" sizes=\"(max-width: 700px) 100vw, 700px\" \/><\/p>\n<p class=\"p1\">No todas las frutas y verduras necesitan estar dentro del frigor\u00edfico, aunque sea verano. Las cebollas y las patatas siguen resistiendo bien en el exterior, as\u00ed como los ajos. Para el resto, <strong>aprovecha el espacio correcto en las baldas del frigor\u00edfico<\/strong> ideadas mantener estos productos, incluyendo el caj\u00f3n de las verduras.<\/p>\n<p class=\"p1\">Si adquieres frutas y verduras envueltos en papel film o en bolsa de pl\u00e1stico, la acumulaci\u00f3n de humedad puede hacer que se pudran antes, al no transpirar, cuidado.<\/p>\n<h3 class=\"p1\">Almacena correctamente<\/h3>\n<p><img loading=\"lazy\" decoding=\"async\" class=\"alignnone size-full wp-image-82667\" src=\"https:\/\/www.teka.com\/es-es\/wp-content\/uploads\/sites\/2\/2020\/07\/co\u0301mo-limpiar-frigo.jpg\" alt=\"como limpiar frigor\u00edfico\" width=\"700\" height=\"436\" srcset=\"https:\/\/www.teka.com\/es-es\/wp-content\/uploads\/sites\/2\/2020\/07\/co\u0301mo-limpiar-frigo.jpg 700w, https:\/\/www.teka.com\/es-es\/wp-content\/uploads\/sites\/2\/2020\/07\/co\u0301mo-limpiar-frigo-300x187.jpg 300w, https:\/\/www.teka.com\/es-es\/wp-content\/uploads\/sites\/2\/2020\/07\/co\u0301mo-limpiar-frigo-400x250.jpg 400w, https:\/\/www.teka.com\/es-es\/wp-content\/uploads\/sites\/2\/2020\/07\/co\u0301mo-limpiar-frigo-480x299.jpg 480w\" sizes=\"(max-width: 700px) 100vw, 700px\" \/><\/p>\n<p class=\"p1\">Igual que hay <a href=\"https:\/\/www.teka.com\/es-es\/inspiracion\/consejos-y-mantenimiento\/como-hacer-que-tu-comida-dure-mas-en-el-frigorifico\/\" target=\"_blank\" rel=\"noopener noreferrer\">baldas espec\u00edficas<\/a> en el frigor\u00edfico para frutas y verduras, donde la temperatura es m\u00e1s fr\u00eda, tambi\u00e9n las hay para el resto de alimentos. En cualquier caso, <strong>mantener los productos que introduzcamos en la nevera en recipientes adecuados nos va a ayudar a que permanezcan en buenas condiciones m\u00e1s tiempo<\/strong>. Si no puedes usar recipientes de pl\u00e1stico, o tienes el recipiente pero vete t\u00fa a saber d\u00f3nde est\u00e1 su tapa, utiliza bolsas de conservaci\u00f3n. Si ya cuentas con la posibilidad de <a href=\"https:\/\/www.teka.com\/es-es\/producto\/vs-1520-gs_111600004\/\" target=\"_blank\" rel=\"noopener noreferrer\">envasar al vac\u00edo<\/a>, nuestra m\u00e1s sincera enhorabuena.<\/p>\n<h3 class=\"p4\">Ten a punto el frigor\u00edfico<\/h3>\n<p class=\"p1\">Los frigor\u00edficos viven su temporada alta en verano, as\u00ed que es importante <a href=\"https:\/\/www.teka.com\/es-es\/inspiracion\/consejos-y-mantenimiento\/como-limpiar-el-frigorifico-correctamente\/\" target=\"_blank\" rel=\"noopener noreferrer\">prepararlos<\/a> para que cumplan su trabajo lo mejor que puedan. Aseg\u00farate de que las gomas, las superficies y el interior del frigor\u00edfico en general est\u00e1n perfectamente limpios.<\/p>\n<p><img loading=\"lazy\" decoding=\"async\" class=\"alignnone size-full wp-image-67379\" src=\"https:\/\/www.teka.com\/es-es\/wp-content\/uploads\/sites\/2\/2019\/10\/frigori\u0301ficos-no-frost-ventajas-1.jpg\" alt=\"frigor\u00edficos no frost\" width=\"700\" height=\"436\" srcset=\"https:\/\/www.teka.com\/es-es\/wp-content\/uploads\/sites\/2\/2019\/10\/frigori\u0301ficos-no-frost-ventajas-1.jpg 700w, https:\/\/www.teka.com\/es-es\/wp-content\/uploads\/sites\/2\/2019\/10\/frigori\u0301ficos-no-frost-ventajas-1-300x187.jpg 300w, https:\/\/www.teka.com\/es-es\/wp-content\/uploads\/sites\/2\/2019\/10\/frigori\u0301ficos-no-frost-ventajas-1-400x250.jpg 400w\" sizes=\"(max-width: 700px) 100vw, 700px\" \/><\/p>\n<p class=\"p1\">Aunque es un electrodom\u00e9stico preparado para tener una vida larga, inevitablemente van perdiendo eficacia. Tus alimentos no se conservan igual en un frigor\u00edfico de hace veinte a\u00f1os que en uno reci\u00e9n comprado de cierta calidad. Adem\u00e1s, no se trata s\u00f3lo de que tengas el agua bien fresquita cuando llegues a casa: <strong>un buen frigor\u00edfico con etiqueta energ\u00e9tica A en adelante,<\/strong> optimiza notablemente el consumo energ\u00e9tico en tu casa y eso se nota al pagar la factura.<\/p>\n<h3 class=\"p1\"><span class=\"s2\">Platos cocinados<\/span><\/h3>\n<p class=\"p1\">Es habitual que empecemos haciendo arroz para dos personas y acabemos con una olla para m\u00e1s de la mitad de la regi\u00f3n. Para evitar este desperdicio de comida, <b>lo ideal es envasar aquello que <a href=\"https:\/\/www.teka.com\/es-es\/inspiracion\/como-cocinar-para-no-desperdiciar-comida\/\" target=\"_blank\" rel=\"noopener noreferrer\">cocinemos<\/a> correctamente, anotando la fecha de cocinado, y <a href=\"https:\/\/www.teka.com\/es-es\/inspiracion\/consejos-y-mantenimiento\/consejos-para-congelar-correctamente-tus-alimentos\/\" target=\"_blank\" rel=\"noopener noreferrer\">congelarlo<\/a><\/b>. Por el contrario, si crees que la consumir\u00e1s en los pr\u00f3ximos dos o tres d\u00edas, gu\u00e1rdala en la nevera, pero siempre en un recipiente adecuado y tapado, para evitar contaminar el resto de alimentos.<\/p>\n<p><img loading=\"lazy\" decoding=\"async\" class=\"alignnone size-full wp-image-81037\" src=\"https:\/\/www.teka.com\/es-es\/wp-content\/uploads\/sites\/2\/2020\/04\/post-BC.jpg\" alt=\"recetas batch cooking\" width=\"700\" height=\"436\" srcset=\"https:\/\/www.teka.com\/es-es\/wp-content\/uploads\/sites\/2\/2020\/04\/post-BC.jpg 700w, https:\/\/www.teka.com\/es-es\/wp-content\/uploads\/sites\/2\/2020\/04\/post-BC-300x187.jpg 300w, https:\/\/www.teka.com\/es-es\/wp-content\/uploads\/sites\/2\/2020\/04\/post-BC-400x250.jpg 400w\" sizes=\"(max-width: 700px) 100vw, 700px\" \/><\/p>\n<p class=\"p1\">No debes mezclar alimentos crudos con alimentos cocinados, trata de mantenerlos en baldas separadas y con espacio suficiente para.<\/p>\n<h3 class=\"p1\">Recoger la mesa<\/h3>\n<p class=\"p1\">Es verdad que es una tarea que siempre nos da cierta pereza. Acabamos de comer, nos liamos a hablar en la sobremesa, nos puede el sopor\u2026 pero <strong>es importante que recojamos<\/strong>. No podemos dejar los restos de alimentos en la mesa en pleno verano porque es probable que se pongan malos con mayor facilidad. Esto no incluye s\u00f3lo las sobras de comida, tambi\u00e9n las salsas, frutas y postres en general. Venga, que son s\u00f3lo 5 minutos de la mesa al frigor\u00edfico.<\/p>\n<p><img loading=\"lazy\" decoding=\"async\" class=\"alignnone size-full wp-image-82472\" src=\"https:\/\/www.teka.com\/es-es\/wp-content\/uploads\/sites\/2\/2020\/06\/comida-con-gente.jpg\" alt=\"comer acompa\u00f1ado\" width=\"700\" height=\"436\" srcset=\"https:\/\/www.teka.com\/es-es\/wp-content\/uploads\/sites\/2\/2020\/06\/comida-con-gente.jpg 700w, https:\/\/www.teka.com\/es-es\/wp-content\/uploads\/sites\/2\/2020\/06\/comida-con-gente-480x299.jpg 480w\" sizes=\"(min-width: 0px) and (max-width: 480px) 480px, (min-width: 481px) 700px, 100vw\" \/><\/p>\n<p>Te rogamos encarecidamente que <strong>tampoco dejes nada fuera del frigor\u00edfico en verano durante la noche<\/strong>.\u00a0 Al no ser que pases la \u00e9poca estival en un pueblo en medio de las monta\u00f1as, es m\u00e1s que probable que al d\u00eda siguiente se haya puesto mala.<\/p>\n<p>Ahora que ya sabes\u00a0c\u00f3mo conservar alimentos en verano, es hora de hacer la lista de la compra y, posteriormente, guardar los productos en tu hogar adoptando los consejos que te hemos propuesto. Recuerda <strong>la importancia de no tirar comida<\/strong>, pues es un acto de responsabilidad que todos debemos practicar en nuestra vida diaria.<\/p>\n","protected":false},"excerpt":{"rendered":"<p>El verano y el aumento de temperaturas traen consigo otros efectos paralelos aparte de pasear al fresquito o no pegar ojo por las noches, depende de lo que te toque. Es inevitable buscar remedios y alterar nuestra rutina para huir de los efectos del calor extremo. Uno de esos trabajos extra es prestar atenci\u00f3n a [&hellip;]<\/p>\n","protected":false},"author":50,"featured_media":83855,"comment_status":"open","ping_status":"open","sticky":false,"template":"","format":"standard","meta":{"_acf_changed":false,"_et_pb_use_builder":"","_et_pb_old_content":"","_et_gb_content_width":"","footnotes":""},"categories":[2807],"tags":[80061],"class_list":["post-83725","post","type-post","status-publish","format-standard","has-post-thumbnail","hentry","category-recetas-y-gastronomia","tag-cold-line-posts"],"acf":[],"yoast_head":"<!-- This site is optimized with the Yoast SEO plugin v27.2 - https:\/\/yoast.com\/product\/yoast-seo-wordpress\/ -->\n<title>Consejos para conservar alimentos en verano | Teka Espa\u00f1a<\/title>\n<meta name=\"description\" content=\"En este art\u00edculo explicamos c\u00f3mo conservar alimentos en verano, dando consejos para hacer la compra y para guardarlos atendiendo al tipo de producto\" \/>\n<meta name=\"robots\" content=\"index, follow, max-snippet:-1, max-image-preview:large, max-video-preview:-1\" \/>\n<link rel=\"canonical\" href=\"https:\/\/www.teka.com\/es-es\/inspiracion\/recetas-y-gastronomia\/consejos-para-conservar-alimentos-en-verano\/\" \/>\n<meta property=\"og:locale\" content=\"es_ES\" \/>\n<meta property=\"og:type\" content=\"article\" \/>\n<meta property=\"og:title\" content=\"Consejos para conservar alimentos en verano\" \/>\n<meta property=\"og:description\" content=\"En este art\u00edculo explicamos c\u00f3mo conservar alimentos en verano, dando consejos para hacer la compra y para guardarlos atendiendo al tipo de producto\" \/>\n<meta property=\"og:url\" content=\"https:\/\/www.teka.com\/es-es\/inspiracion\/recetas-y-gastronomia\/consejos-para-conservar-alimentos-en-verano\/\" \/>\n<meta property=\"og:site_name\" content=\"Teka Espa\u00f1a\" \/>\n<meta property=\"article:published_time\" content=\"2020-08-05T08:14:30+00:00\" \/>\n<meta property=\"article:modified_time\" content=\"2020-08-21T07:38:21+00:00\" \/>\n<meta property=\"og:image\" content=\"https:\/\/www.teka.com\/es-es\/wp-content\/uploads\/sites\/2\/2020\/08\/conservar-alimentos-verano.jpg\" \/>\n\t<meta property=\"og:image:width\" content=\"700\" \/>\n\t<meta property=\"og:image:height\" content=\"436\" \/>\n\t<meta property=\"og:image:type\" content=\"image\/jpeg\" \/>\n<meta name=\"author\" content=\"lorgana\" \/>\n<meta name=\"twitter:card\" content=\"summary_large_image\" \/>\n<meta name=\"twitter:title\" content=\"Consejos para conservar alimentos en verano\" \/>\n<meta name=\"twitter:image\" content=\"https:\/\/www.teka.com\/es-es\/wp-content\/uploads\/sites\/2\/2020\/08\/conservar-alimentos-verano.jpg\" \/>\n<meta name=\"twitter:label1\" content=\"Escrito por\" \/>\n\t<meta name=\"twitter:data1\" content=\"lorgana\" \/>\n\t<meta name=\"twitter:label2\" content=\"Tiempo de lectura\" \/>\n\t<meta name=\"twitter:data2\" content=\"6 minutos\" \/>\n<script type=\"application\/ld+json\" class=\"yoast-schema-graph\">{\"@context\":\"https:\/\/schema.org\",\"@graph\":[{\"@type\":\"Article\",\"@id\":\"https:\/\/www.teka.com\/es-es\/inspiracion\/recetas-y-gastronomia\/consejos-para-conservar-alimentos-en-verano\/#article\",\"isPartOf\":{\"@id\":\"https:\/\/www.teka.com\/es-es\/inspiracion\/recetas-y-gastronomia\/consejos-para-conservar-alimentos-en-verano\/\"},\"author\":{\"name\":\"lorgana\",\"@id\":\"https:\/\/www.teka.com\/es-es\/#\/schema\/person\/3c8d01225d6ee8c453254958581e098d\"},\"headline\":\"Consejos para conservar alimentos en verano\",\"datePublished\":\"2020-08-05T08:14:30+00:00\",\"dateModified\":\"2020-08-21T07:38:21+00:00\",\"mainEntityOfPage\":{\"@id\":\"https:\/\/www.teka.com\/es-es\/inspiracion\/recetas-y-gastronomia\/consejos-para-conservar-alimentos-en-verano\/\"},\"wordCount\":1301,\"commentCount\":0,\"publisher\":{\"@id\":\"https:\/\/www.teka.com\/es-es\/#organization\"},\"image\":{\"@id\":\"https:\/\/www.teka.com\/es-es\/inspiracion\/recetas-y-gastronomia\/consejos-para-conservar-alimentos-en-verano\/#primaryimage\"},\"thumbnailUrl\":\"https:\/\/www.teka.com\/es-es\/wp-content\/uploads\/sites\/2\/2020\/08\/conservar-alimentos-verano.jpg\",\"keywords\":[\"Frigor\u00edficos y congeladores\"],\"articleSection\":[\"Recetas y gastronom\u00eda\"],\"inLanguage\":\"es\",\"potentialAction\":[{\"@type\":\"CommentAction\",\"name\":\"Comment\",\"target\":[\"https:\/\/www.teka.com\/es-es\/inspiracion\/recetas-y-gastronomia\/consejos-para-conservar-alimentos-en-verano\/#respond\"]}]},{\"@type\":\"WebPage\",\"@id\":\"https:\/\/www.teka.com\/es-es\/inspiracion\/recetas-y-gastronomia\/consejos-para-conservar-alimentos-en-verano\/\",\"url\":\"https:\/\/www.teka.com\/es-es\/inspiracion\/recetas-y-gastronomia\/consejos-para-conservar-alimentos-en-verano\/\",\"name\":\"Consejos para conservar alimentos en verano | Teka Espa\u00f1a\",\"isPartOf\":{\"@id\":\"https:\/\/www.teka.com\/es-es\/#website\"},\"primaryImageOfPage\":{\"@id\":\"https:\/\/www.teka.com\/es-es\/inspiracion\/recetas-y-gastronomia\/consejos-para-conservar-alimentos-en-verano\/#primaryimage\"},\"image\":{\"@id\":\"https:\/\/www.teka.com\/es-es\/inspiracion\/recetas-y-gastronomia\/consejos-para-conservar-alimentos-en-verano\/#primaryimage\"},\"thumbnailUrl\":\"https:\/\/www.teka.com\/es-es\/wp-content\/uploads\/sites\/2\/2020\/08\/conservar-alimentos-verano.jpg\",\"datePublished\":\"2020-08-05T08:14:30+00:00\",\"dateModified\":\"2020-08-21T07:38:21+00:00\",\"description\":\"En este art\u00edculo explicamos c\u00f3mo conservar alimentos en verano, dando consejos para hacer la compra y para guardarlos atendiendo al tipo de producto\",\"inLanguage\":\"es\",\"potentialAction\":[{\"@type\":\"ReadAction\",\"target\":[\"https:\/\/www.teka.com\/es-es\/inspiracion\/recetas-y-gastronomia\/consejos-para-conservar-alimentos-en-verano\/\"]}]},{\"@type\":\"ImageObject\",\"inLanguage\":\"es\",\"@id\":\"https:\/\/www.teka.com\/es-es\/inspiracion\/recetas-y-gastronomia\/consejos-para-conservar-alimentos-en-verano\/#primaryimage\",\"url\":\"https:\/\/www.teka.com\/es-es\/wp-content\/uploads\/sites\/2\/2020\/08\/conservar-alimentos-verano.jpg\",\"contentUrl\":\"https:\/\/www.teka.com\/es-es\/wp-content\/uploads\/sites\/2\/2020\/08\/conservar-alimentos-verano.jpg\",\"width\":700,\"height\":436,\"caption\":\"conservar-alimentos-frigori\u0301fico\"},{\"@type\":\"WebSite\",\"@id\":\"https:\/\/www.teka.com\/es-es\/#website\",\"url\":\"https:\/\/www.teka.com\/es-es\/\",\"name\":\"Teka Espa\u00f1a\",\"description\":\"\",\"publisher\":{\"@id\":\"https:\/\/www.teka.com\/es-es\/#organization\"},\"potentialAction\":[{\"@type\":\"SearchAction\",\"target\":{\"@type\":\"EntryPoint\",\"urlTemplate\":\"https:\/\/www.teka.com\/es-es\/?s={search_term_string}\"},\"query-input\":{\"@type\":\"PropertyValueSpecification\",\"valueRequired\":true,\"valueName\":\"search_term_string\"}}],\"inLanguage\":\"es\"},{\"@type\":\"Organization\",\"@id\":\"https:\/\/www.teka.com\/es-es\/#organization\",\"name\":\"Teka Espa\u00f1a\",\"url\":\"https:\/\/www.teka.com\/es-es\/\",\"logo\":{\"@type\":\"ImageObject\",\"inLanguage\":\"es\",\"@id\":\"https:\/\/www.teka.com\/es-es\/#\/schema\/logo\/image\/\",\"url\":\"https:\/\/www.teka.com\/es-es\/wp-content\/uploads\/sites\/2\/2020\/08\/teka-new-logo.png\",\"contentUrl\":\"https:\/\/www.teka.com\/es-es\/wp-content\/uploads\/sites\/2\/2020\/08\/teka-new-logo.png\",\"width\":1024,\"height\":1024,\"caption\":\"Teka Espa\u00f1a\"},\"image\":{\"@id\":\"https:\/\/www.teka.com\/es-es\/#\/schema\/logo\/image\/\"}},{\"@type\":\"Person\",\"@id\":\"https:\/\/www.teka.com\/es-es\/#\/schema\/person\/3c8d01225d6ee8c453254958581e098d\",\"name\":\"lorgana\",\"image\":{\"@type\":\"ImageObject\",\"inLanguage\":\"es\",\"@id\":\"https:\/\/secure.gravatar.com\/avatar\/85a1208c099e6872d44fb66cd1e58fd64310486e35e5a44526b47a239681dfc7?s=96&d=mm&r=g\",\"url\":\"https:\/\/secure.gravatar.com\/avatar\/85a1208c099e6872d44fb66cd1e58fd64310486e35e5a44526b47a239681dfc7?s=96&d=mm&r=g\",\"contentUrl\":\"https:\/\/secure.gravatar.com\/avatar\/85a1208c099e6872d44fb66cd1e58fd64310486e35e5a44526b47a239681dfc7?s=96&d=mm&r=g\",\"caption\":\"lorgana\"}}]}<\/script>\n<!-- \/ Yoast SEO plugin. -->","yoast_head_json":{"title":"Consejos para conservar alimentos en verano | Teka Espa\u00f1a","description":"En este art\u00edculo explicamos c\u00f3mo conservar alimentos en verano, dando consejos para hacer la compra y para guardarlos atendiendo al tipo de producto","robots":{"index":"index","follow":"follow","max-snippet":"max-snippet:-1","max-image-preview":"max-image-preview:large","max-video-preview":"max-video-preview:-1"},"canonical":"https:\/\/www.teka.com\/es-es\/inspiracion\/recetas-y-gastronomia\/consejos-para-conservar-alimentos-en-verano\/","og_locale":"es_ES","og_type":"article","og_title":"Consejos para conservar alimentos en verano","og_description":"En este art\u00edculo explicamos c\u00f3mo conservar alimentos en verano, dando consejos para hacer la compra y para guardarlos atendiendo al tipo de producto","og_url":"https:\/\/www.teka.com\/es-es\/inspiracion\/recetas-y-gastronomia\/consejos-para-conservar-alimentos-en-verano\/","og_site_name":"Teka Espa\u00f1a","article_published_time":"2020-08-05T08:14:30+00:00","article_modified_time":"2020-08-21T07:38:21+00:00","og_image":[{"width":700,"height":436,"url":"https:\/\/www.teka.com\/es-es\/wp-content\/uploads\/sites\/2\/2020\/08\/conservar-alimentos-verano.jpg","type":"image\/jpeg"}],"author":"lorgana","twitter_card":"summary_large_image","twitter_title":"Consejos para conservar alimentos en verano","twitter_image":"https:\/\/www.teka.com\/es-es\/wp-content\/uploads\/sites\/2\/2020\/08\/conservar-alimentos-verano.jpg","twitter_misc":{"Escrito por":"lorgana","Tiempo de lectura":"6 minutos"},"schema":{"@context":"https:\/\/schema.org","@graph":[{"@type":"Article","@id":"https:\/\/www.teka.com\/es-es\/inspiracion\/recetas-y-gastronomia\/consejos-para-conservar-alimentos-en-verano\/#article","isPartOf":{"@id":"https:\/\/www.teka.com\/es-es\/inspiracion\/recetas-y-gastronomia\/consejos-para-conservar-alimentos-en-verano\/"},"author":{"name":"lorgana","@id":"https:\/\/www.teka.com\/es-es\/#\/schema\/person\/3c8d01225d6ee8c453254958581e098d"},"headline":"Consejos para conservar alimentos en verano","datePublished":"2020-08-05T08:14:30+00:00","dateModified":"2020-08-21T07:38:21+00:00","mainEntityOfPage":{"@id":"https:\/\/www.teka.com\/es-es\/inspiracion\/recetas-y-gastronomia\/consejos-para-conservar-alimentos-en-verano\/"},"wordCount":1301,"commentCount":0,"publisher":{"@id":"https:\/\/www.teka.com\/es-es\/#organization"},"image":{"@id":"https:\/\/www.teka.com\/es-es\/inspiracion\/recetas-y-gastronomia\/consejos-para-conservar-alimentos-en-verano\/#primaryimage"},"thumbnailUrl":"https:\/\/www.teka.com\/es-es\/wp-content\/uploads\/sites\/2\/2020\/08\/conservar-alimentos-verano.jpg","keywords":["Frigor\u00edficos y congeladores"],"articleSection":["Recetas y gastronom\u00eda"],"inLanguage":"es","potentialAction":[{"@type":"CommentAction","name":"Comment","target":["https:\/\/www.teka.com\/es-es\/inspiracion\/recetas-y-gastronomia\/consejos-para-conservar-alimentos-en-verano\/#respond"]}]},{"@type":"WebPage","@id":"https:\/\/www.teka.com\/es-es\/inspiracion\/recetas-y-gastronomia\/consejos-para-conservar-alimentos-en-verano\/","url":"https:\/\/www.teka.com\/es-es\/inspiracion\/recetas-y-gastronomia\/consejos-para-conservar-alimentos-en-verano\/","name":"Consejos para conservar alimentos en verano | Teka Espa\u00f1a","isPartOf":{"@id":"https:\/\/www.teka.com\/es-es\/#website"},"primaryImageOfPage":{"@id":"https:\/\/www.teka.com\/es-es\/inspiracion\/recetas-y-gastronomia\/consejos-para-conservar-alimentos-en-verano\/#primaryimage"},"image":{"@id":"https:\/\/www.teka.com\/es-es\/inspiracion\/recetas-y-gastronomia\/consejos-para-conservar-alimentos-en-verano\/#primaryimage"},"thumbnailUrl":"https:\/\/www.teka.com\/es-es\/wp-content\/uploads\/sites\/2\/2020\/08\/conservar-alimentos-verano.jpg","datePublished":"2020-08-05T08:14:30+00:00","dateModified":"2020-08-21T07:38:21+00:00","description":"En este art\u00edculo explicamos c\u00f3mo conservar alimentos en verano, dando consejos para hacer la compra y para guardarlos atendiendo al tipo de producto","inLanguage":"es","potentialAction":[{"@type":"ReadAction","target":["https:\/\/www.teka.com\/es-es\/inspiracion\/recetas-y-gastronomia\/consejos-para-conservar-alimentos-en-verano\/"]}]},{"@type":"ImageObject","inLanguage":"es","@id":"https:\/\/www.teka.com\/es-es\/inspiracion\/recetas-y-gastronomia\/consejos-para-conservar-alimentos-en-verano\/#primaryimage","url":"https:\/\/www.teka.com\/es-es\/wp-content\/uploads\/sites\/2\/2020\/08\/conservar-alimentos-verano.jpg","contentUrl":"https:\/\/www.teka.com\/es-es\/wp-content\/uploads\/sites\/2\/2020\/08\/conservar-alimentos-verano.jpg","width":700,"height":436,"caption":"conservar-alimentos-frigori\u0301fico"},{"@type":"WebSite","@id":"https:\/\/www.teka.com\/es-es\/#website","url":"https:\/\/www.teka.com\/es-es\/","name":"Teka Espa\u00f1a","description":"","publisher":{"@id":"https:\/\/www.teka.com\/es-es\/#organization"},"potentialAction":[{"@type":"SearchAction","target":{"@type":"EntryPoint","urlTemplate":"https:\/\/www.teka.com\/es-es\/?s={search_term_string}"},"query-input":{"@type":"PropertyValueSpecification","valueRequired":true,"valueName":"search_term_string"}}],"inLanguage":"es"},{"@type":"Organization","@id":"https:\/\/www.teka.com\/es-es\/#organization","name":"Teka Espa\u00f1a","url":"https:\/\/www.teka.com\/es-es\/","logo":{"@type":"ImageObject","inLanguage":"es","@id":"https:\/\/www.teka.com\/es-es\/#\/schema\/logo\/image\/","url":"https:\/\/www.teka.com\/es-es\/wp-content\/uploads\/sites\/2\/2020\/08\/teka-new-logo.png","contentUrl":"https:\/\/www.teka.com\/es-es\/wp-content\/uploads\/sites\/2\/2020\/08\/teka-new-logo.png","width":1024,"height":1024,"caption":"Teka Espa\u00f1a"},"image":{"@id":"https:\/\/www.teka.com\/es-es\/#\/schema\/logo\/image\/"}},{"@type":"Person","@id":"https:\/\/www.teka.com\/es-es\/#\/schema\/person\/3c8d01225d6ee8c453254958581e098d","name":"lorgana","image":{"@type":"ImageObject","inLanguage":"es","@id":"https:\/\/secure.gravatar.com\/avatar\/85a1208c099e6872d44fb66cd1e58fd64310486e35e5a44526b47a239681dfc7?s=96&d=mm&r=g","url":"https:\/\/secure.gravatar.com\/avatar\/85a1208c099e6872d44fb66cd1e58fd64310486e35e5a44526b47a239681dfc7?s=96&d=mm&r=g","contentUrl":"https:\/\/secure.gravatar.com\/avatar\/85a1208c099e6872d44fb66cd1e58fd64310486e35e5a44526b47a239681dfc7?s=96&d=mm&r=g","caption":"lorgana"}}]}},"_links":{"self":[{"href":"https:\/\/www.teka.com\/es-es\/wp-json\/wp\/v2\/posts\/83725","targetHints":{"allow":["GET"]}}],"collection":[{"href":"https:\/\/www.teka.com\/es-es\/wp-json\/wp\/v2\/posts"}],"about":[{"href":"https:\/\/www.teka.com\/es-es\/wp-json\/wp\/v2\/types\/post"}],"author":[{"embeddable":true,"href":"https:\/\/www.teka.com\/es-es\/wp-json\/wp\/v2\/users\/50"}],"replies":[{"embeddable":true,"href":"https:\/\/www.teka.com\/es-es\/wp-json\/wp\/v2\/comments?post=83725"}],"version-history":[{"count":5,"href":"https:\/\/www.teka.com\/es-es\/wp-json\/wp\/v2\/posts\/83725\/revisions"}],"predecessor-version":[{"id":83856,"href":"https:\/\/www.teka.com\/es-es\/wp-json\/wp\/v2\/posts\/83725\/revisions\/83856"}],"wp:featuredmedia":[{"embeddable":true,"href":"https:\/\/www.teka.com\/es-es\/wp-json\/wp\/v2\/media\/83855"}],"wp:attachment":[{"href":"https:\/\/www.teka.com\/es-es\/wp-json\/wp\/v2\/media?parent=83725"}],"wp:term":[{"taxonomy":"category","embeddable":true,"href":"https:\/\/www.teka.com\/es-es\/wp-json\/wp\/v2\/categories?post=83725"},{"taxonomy":"post_tag","embeddable":true,"href":"https:\/\/www.teka.com\/es-es\/wp-json\/wp\/v2\/tags?post=83725"}],"curies":[{"name":"wp","href":"https:\/\/api.w.org\/{rel}","templated":true}]}}