{"id":83779,"date":"2020-08-06T11:13:24","date_gmt":"2020-08-06T09:13:24","guid":{"rendered":"https:\/\/www.teka.com\/es-es\/?p=83779"},"modified":"2020-08-17T15:06:54","modified_gmt":"2020-08-17T13:06:54","slug":"prepara-tu-hogar-y-electrodomesticos-para-las-vacaciones","status":"publish","type":"post","link":"https:\/\/www.teka.com\/es-es\/inspiracion\/consejos-y-mantenimiento\/uso\/prepara-tu-hogar-y-electrodomesticos-para-las-vacaciones\/","title":{"rendered":"Prepara tu hogar y electrodom\u00e9sticos para las vacaciones"},"content":{"rendered":"<p class=\"p1\">Unas merecidas vacaciones a mitad de a\u00f1o, en especial de un a\u00f1o complicado, son una necesidad. Si tienes planeado cambiar de aires y dejar tu casa sabes que <strong>es importante planificar tus salidas<\/strong>, pero no s\u00f3lo a la hora de hacer las maletas o para ver qui\u00e9n te riega las plantas. Preparar tu casa y tus electrodom\u00e9sticos para las vacaciones es fundamental que puedas tomarte esos d\u00edas de respiro tan merecidos.<\/p>\n<h2 class=\"p2\">Casas cerradas por un tiempo: precauciones y riesgos<span class=\"s1\"><br \/>\n<\/span><\/h2>\n<p class=\"p1\">Al irnos de vacaciones, estamos dejando la casa deshabitada durante un periodo de tiempo. Tanto si nos marchamos unos d\u00edas como varias semanas, tenemos que poner de nuestra parte para evitar ciertas situaciones. Los <strong>robos<\/strong> son una de las posibilidades mientras estamos fuera. Y no s\u00f3lo suponen p\u00e9rdidas econ\u00f3micas obvias, tambi\u00e9n significan <strong>serios desperfectos<\/strong> la mayor\u00eda de las ocasiones.<\/p>\n<p><img loading=\"lazy\" decoding=\"async\" class=\"alignnone size-full wp-image-83917\" src=\"https:\/\/www.teka.com\/es-es\/wp-content\/uploads\/sites\/2\/2020\/08\/proteger-casa-verano.jpg\" alt=\"\" width=\"700\" height=\"436\" srcset=\"https:\/\/www.teka.com\/es-es\/wp-content\/uploads\/sites\/2\/2020\/08\/proteger-casa-verano.jpg 700w, https:\/\/www.teka.com\/es-es\/wp-content\/uploads\/sites\/2\/2020\/08\/proteger-casa-verano-480x299.jpg 480w\" sizes=\"(min-width: 0px) and (max-width: 480px) 480px, (min-width: 481px) 700px, 100vw\" \/><\/p>\n<p class=\"p1\">Adem\u00e1s de dispositivos de alarma y c\u00e1maras, podemos programar, gracias a la dom\u00f3tica, que nuestras luces se enciendan a determinadas horas para crear sensaci\u00f3n de <strong>casa habitada.<\/strong> Tambi\u00e9n es posible programar las persianas para que se suban o bajen a determinada hora del d\u00eda o que nuestro televisor se encienda determinadas horas. Incluso, podemos disponer de dispositivos para control en remoto elementos en nuestro hogar. <span class=\"s2\"><br \/>\n<\/span><\/p>\n<h2 class=\"p1\"><span class=\"s2\"><br \/>\nConsejos de seguridad dom\u00e9stica si est\u00e1s fuera<\/span><\/h2>\n<p class=\"p1\">Si no dispones de aparatos extras de seguridad en casa, siempre puedes pedir ayuda. Puedes comunicar a un vecino de confianza que vigile movimientos sospechosos en torno a tu hogar y dejarle un tel\u00e9fono de contacto. En ausencias prolongadas, <strong>puedes pedir a amigos o a alg\u00fan familiar que venga de vez en cuando a casa<\/strong> para comprobar que todo est\u00e1 en orden, retire el correo del buz\u00f3n, etc.<\/p>\n<p>Otro de los\u00a0<b>consejos de protecci\u00f3n<\/b> que puedes poner en pr\u00e1ctica es en no dar a conocer a los dem\u00e1s tu intenci\u00f3n de salir del hogar. Si deseas subir fotos del viaje a tus redes sociales, hazlo cuando vuelvas. Estad\u00edsticamente, 8 de cada 10 ladrones tienen controlado el perfil <i>online\u00a0<\/i>de los habitantes de la vivienda antes del robo.<\/p>\n<p><img loading=\"lazy\" decoding=\"async\" class=\"alignnone size-full wp-image-82669\" src=\"https:\/\/www.teka.com\/es-es\/wp-content\/uploads\/sites\/2\/2020\/07\/limpiar-frigo-1.jpg\" alt=\"como limpiar frigor\u00edfico\" width=\"700\" height=\"436\" srcset=\"https:\/\/www.teka.com\/es-es\/wp-content\/uploads\/sites\/2\/2020\/07\/limpiar-frigo-1.jpg 700w, https:\/\/www.teka.com\/es-es\/wp-content\/uploads\/sites\/2\/2020\/07\/limpiar-frigo-1-480x299.jpg 480w\" sizes=\"(min-width: 0px) and (max-width: 480px) 480px, (min-width: 481px) 700px, 100vw\" \/><\/p>\n<p>De igual modo, <strong>realiza una limpieza a fondo en tu hogar<\/strong> y retira los productos que puedan pudrirse. No olvides inspeccionar que todas las puertas y ventanas est\u00e1n bien cerradas, <b>apagar los electrodom\u00e9sticos<\/b>\u00a0(en la siguiente secci\u00f3n hablaremos de esto) y asegurarte de no dejar ninguna factura sin pagar por un posible corte indeseado de suministro.<span class=\"s2\"><br \/>\n<\/span><\/p>\n<h2 class=\"p1\"><span class=\"s2\"><br \/>\nPreparar los electrodom\u00e9sticos para las vacaciones<\/span><\/h2>\n<p class=\"p1\">Si vas a estar fuera de casa varias semanas, debes tomar precauciones adicionales con tus electrodom\u00e9sticos, dependiendo de su tipolog\u00eda y uso.<\/p>\n<p><img loading=\"lazy\" decoding=\"async\" class=\"alignnone size-full wp-image-82578\" src=\"https:\/\/www.teka.com\/es-es\/wp-content\/uploads\/sites\/2\/2020\/06\/frigo-toallas.jpg\" alt=\"vacaciones electrodomesticos\" width=\"700\" height=\"436\" srcset=\"https:\/\/www.teka.com\/es-es\/wp-content\/uploads\/sites\/2\/2020\/06\/frigo-toallas.jpg 700w, https:\/\/www.teka.com\/es-es\/wp-content\/uploads\/sites\/2\/2020\/06\/frigo-toallas-480x299.jpg 480w\" sizes=\"(min-width: 0px) and (max-width: 480px) 480px, (min-width: 481px) 700px, 100vw\" \/><\/p>\n<h3 class=\"p1\"><span class=\"s3\"><br \/>\nPeque\u00f1os electrodom\u00e9sticos<\/span><\/h3>\n<p>No s\u00f3lo es necesario una puesta a punto de grandes electrodom\u00e9sticos para las vacaciones, los peque\u00f1os tambi\u00e9n son importantes. <a href=\"https:\/\/www.teka.com\/es-es\/cocina\/microondas\/\" target=\"_blank\" rel=\"noopener noreferrer\">Microondas<\/a>, cafeteras, procesadores de comida\u2026 es habitual dejarlos enchufados en nuestro d\u00eda a d\u00eda. Pero es una costumbre poco aconsejable si vamos a estar fuera de casa varias semanas. <b>Incluso si est\u00e1n apagados, pero en modo\u00a0<i>stand by<\/i>, supondr\u00e1n entre un 7 % y un 11 % de la factura anual<\/b>. Desench\u00fafalos y as\u00ed, adem\u00e1s, te evitar\u00e1s sorpresas desagradables si hay subidas de tensi\u00f3n. <span class=\"s3\"><br \/>\n<\/span><\/p>\n<p><img loading=\"lazy\" decoding=\"async\" class=\"alignnone size-full wp-image-65750\" src=\"https:\/\/www.teka.com\/es-es\/wp-content\/uploads\/sites\/2\/2019\/08\/microondas-integrables.jpg\" alt=\"\" width=\"700\" height=\"436\" srcset=\"https:\/\/www.teka.com\/es-es\/wp-content\/uploads\/sites\/2\/2019\/08\/microondas-integrables.jpg 700w, https:\/\/www.teka.com\/es-es\/wp-content\/uploads\/sites\/2\/2019\/08\/microondas-integrables-300x187.jpg 300w, https:\/\/www.teka.com\/es-es\/wp-content\/uploads\/sites\/2\/2019\/08\/microondas-integrables-400x250.jpg 400w\" sizes=\"(max-width: 700px) 100vw, 700px\" \/><\/p>\n<h3 class=\"p1\"><span class=\"s3\"><br \/>\nLavadoras y secadoras<\/span><\/h3>\n<p>Al igual que sucede con otros electrodom\u00e9sticos, pueden quedar en modo\u00a0<i>stand by<\/i> (sobre todo los modelos m\u00e1s recientes). Si este es el caso, o si disponen de temporizador digital, seguir\u00e1n gastando energ\u00eda incluso si no est\u00e1n funcionando en este momento. Por eso, <strong>t<\/strong><b>e recomendamos desenchufar tanto la lavadora como la <a href=\"https:\/\/www.teka.com\/es-es\/inspiracion\/consejos-y-mantenimiento\/limpiar-lavadora\/\" target=\"_blank\" rel=\"noopener noreferrer\">secadora<\/a><\/b>. Deja la puerta abierta de ambos electrodom\u00e9sticos para evitar humedad y, si puedes, realiza una <a href=\"https:\/\/www.teka.com\/es-es\/inspiracion\/consejos-y-mantenimiento\/limpiar-lavadora\/\" target=\"_blank\" rel=\"noopener noreferrer\">limpieza<\/a> al menos de los filtros.<\/p>\n<p><img loading=\"lazy\" decoding=\"async\" class=\"alignnone size-full wp-image-65276\" src=\"https:\/\/www.teka.com\/es-es\/wp-content\/uploads\/sites\/2\/2019\/07\/comparativa-lavadoras.jpg\" alt=\"elegir mejor lavadora\" width=\"700\" height=\"436\" srcset=\"https:\/\/www.teka.com\/es-es\/wp-content\/uploads\/sites\/2\/2019\/07\/comparativa-lavadoras.jpg 700w, https:\/\/www.teka.com\/es-es\/wp-content\/uploads\/sites\/2\/2019\/07\/comparativa-lavadoras-300x187.jpg 300w, https:\/\/www.teka.com\/es-es\/wp-content\/uploads\/sites\/2\/2019\/07\/comparativa-lavadoras-400x250.jpg 400w\" sizes=\"(max-width: 700px) 100vw, 700px\" \/><\/p>\n<p class=\"p1\"><strong>Es importante comprobar que no queda absolutamente ninguna prenda de ropa en el interior<\/strong>, ni un pa\u00f1uelo de papel. Esto puede desencadenar todo un mundo interior dentro del electrodom\u00e9stico. Y tanto lavadora como secadora nos sirven de excusa para recordarte que <strong>es preferible que cierres la llave del agua<\/strong> para evitar posibles fugas e incluso inundaciones.<\/p>\n<h3>Frigor\u00edfico<\/h3>\n<p><img loading=\"lazy\" decoding=\"async\" class=\"alignnone size-full wp-image-67378\" src=\"https:\/\/www.teka.com\/es-es\/wp-content\/uploads\/sites\/2\/2019\/10\/frigori\u0301ficos-no-frost-1.jpg\" alt=\"frigor\u00edficos no frost\" width=\"700\" height=\"436\" srcset=\"https:\/\/www.teka.com\/es-es\/wp-content\/uploads\/sites\/2\/2019\/10\/frigori\u0301ficos-no-frost-1.jpg 700w, https:\/\/www.teka.com\/es-es\/wp-content\/uploads\/sites\/2\/2019\/10\/frigori\u0301ficos-no-frost-1-300x187.jpg 300w, https:\/\/www.teka.com\/es-es\/wp-content\/uploads\/sites\/2\/2019\/10\/frigori\u0301ficos-no-frost-1-400x250.jpg 400w\" sizes=\"(max-width: 700px) 100vw, 700px\" \/><\/p>\n<p>El frigor\u00edfico merece una menci\u00f3n aparte, pues <b>es uno de los electrodom\u00e9sticos esenciales en nuestro hogar y de los que m\u00e1s trabajan<\/b>. Lo id\u00f3neo es vaciarlo por completo de alimentos y dejar la puerta abierta, por ejemplo, con un trapo. As\u00ed evitar\u00e1s que surja mal olor o moho y, de este modo, podr\u00e1s tenerlo desenchufado. Es un buen momento tambi\u00e9n para <a href=\"https:\/\/www.teka.com\/es-es\/inspiracion\/consejos-y-mantenimiento\/como-limpiar-el-frigorifico-correctamente\/\" target=\"_blank\" rel=\"noopener noreferrer\">limpiarlo<\/a> a fondo, un mantenimiento necesario.<\/p>\n<p class=\"p1\">Si no quieres tener el frigor\u00edfico desenchufado, una alternativa consiste en colocar el termostato en la temperatura menos fr\u00eda posible.<\/p>\n<h3>Termo el\u00e9ctrico<\/h3>\n<p>Si utilizas un <a href=\"https:\/\/www.teka.com\/es-es\/confort\/termos-smart\/\" target=\"_blank\" rel=\"noopener noreferrer\">termo el\u00e9ctrico<\/a> para el agua de la ducha, obviamente, no ser\u00e1 necesario mantenerlo encendido en tu ausencia, <strong>desench\u00fafalo antes de salir<\/strong>. De nuevo, puedes aprovechar para llevar a cabo su mantenimiento y drenar el agua con sus posibles sedimentos, antes de dejarlo completamente apagado.<\/p>\n<p><img loading=\"lazy\" decoding=\"async\" class=\"alignnone size-full wp-image-68197\" src=\"https:\/\/www.teka.com\/es-es\/wp-content\/uploads\/sites\/2\/2019\/11\/termos-ele\u0301ctricos-agua-teka.jpg\" alt=\"como elegir termo electrico\" width=\"700\" height=\"436\" srcset=\"https:\/\/www.teka.com\/es-es\/wp-content\/uploads\/sites\/2\/2019\/11\/termos-ele\u0301ctricos-agua-teka.jpg 700w, https:\/\/www.teka.com\/es-es\/wp-content\/uploads\/sites\/2\/2019\/11\/termos-ele\u0301ctricos-agua-teka-300x187.jpg 300w, https:\/\/www.teka.com\/es-es\/wp-content\/uploads\/sites\/2\/2019\/11\/termos-ele\u0301ctricos-agua-teka-400x250.jpg 400w\" sizes=\"(max-width: 700px) 100vw, 700px\" \/><\/p>\n<p class=\"p1\">Si tienes gas en tu vivienda, opta por cortar la llave general para evitar riesgos.<\/p>\n<h3>Otros aparatos<\/h3>\n<p>Aparte de los electrodom\u00e9sticos en vacaciones hay otros aparatos de uso diario que debemos controlar. En general te aconsejamos <strong>desenchufar todos los dispositivos el\u00e9ctricos y regletas<\/strong> que tengas en el hogar, incluyendo el <em>router<\/em>. En primer lugar por el consumo innecesario de electricidad, malo para ti y para el medio ambiente. Y tambi\u00e9n, como hemos comentado, porque una <strong>subida de tensi\u00f3n<\/strong> puede estropear sin remedio tus dispositivos, como ordenadores. Tampoco dejes cargadores enchufados a la corriente innecesariamente. Eso s\u00ed, no es conveniente cortar la corriente en toda la vivienda: puede dar pistas de que la casa est\u00e1 vac\u00eda.<\/p>\n<p class=\"p1\">Con unos cuantos consejos sencillos y un poco de sentido com\u00fan, disminuiremos las posibilidades de llevarnos un disgusto y podremos irnos de vacaciones m\u00e1s tranquilos, porque de eso se trata, de que puedas <strong>disfrutar d\u00edas de desconexi\u00f3n<\/strong>. Nosotros seguiremos esper\u00e1ndote a la vuelta.<\/p>\n","protected":false},"excerpt":{"rendered":"<p>Unas merecidas vacaciones a mitad de a\u00f1o, en especial de un a\u00f1o complicado, son una necesidad. Si tienes planeado cambiar de aires y dejar tu casa sabes que es importante planificar tus salidas, pero no s\u00f3lo a la hora de hacer las maletas o para ver qui\u00e9n te riega las plantas. Preparar tu casa y [&hellip;]<\/p>\n","protected":false},"author":50,"featured_media":83922,"comment_status":"open","ping_status":"open","sticky":false,"template":"","format":"standard","meta":{"_acf_changed":false,"_et_pb_use_builder":"","_et_pb_old_content":"","_et_gb_content_width":"","footnotes":""},"categories":[78375,2806],"tags":[],"class_list":["post-83779","post","type-post","status-publish","format-standard","has-post-thumbnail","hentry","category-uso","category-consejos-y-mantenimiento"],"acf":[],"yoast_head":"<!-- This site is optimized with the Yoast SEO plugin v27.5 - https:\/\/yoast.com\/product\/yoast-seo-wordpress\/ -->\n<title>Prepara tu hogar y electrodom\u00e9sticos para las vacaciones | Teka Espa\u00f1a<\/title>\n<meta name=\"description\" content=\"\u00bfTe vas de vacaciones? Sigue nuestros consejos pr\u00e1cticos para dejar a punto tu hogar y tus electrodom\u00e9sticos en vacaciones\" \/>\n<meta name=\"robots\" content=\"index, follow, max-snippet:-1, max-image-preview:large, max-video-preview:-1\" \/>\n<link rel=\"canonical\" href=\"https:\/\/www.teka.com\/es-es\/inspiracion\/consejos-y-mantenimiento\/uso\/prepara-tu-hogar-y-electrodomesticos-para-las-vacaciones\/\" \/>\n<meta property=\"og:locale\" content=\"es_ES\" \/>\n<meta property=\"og:type\" content=\"article\" \/>\n<meta property=\"og:title\" content=\"Prepara tu hogar y electrodom\u00e9sticos para las vacaciones\" \/>\n<meta property=\"og:description\" content=\"\u00bfTe vas de vacaciones? Sigue nuestros consejos pr\u00e1cticos para dejar a punto tu hogar y tus electrodom\u00e9sticos en vacaciones\" \/>\n<meta property=\"og:url\" content=\"https:\/\/www.teka.com\/es-es\/inspiracion\/consejos-y-mantenimiento\/uso\/prepara-tu-hogar-y-electrodomesticos-para-las-vacaciones\/\" \/>\n<meta property=\"og:site_name\" content=\"Teka Espa\u00f1a\" \/>\n<meta property=\"article:published_time\" content=\"2020-08-06T09:13:24+00:00\" \/>\n<meta property=\"article:modified_time\" content=\"2020-08-17T13:06:54+00:00\" \/>\n<meta property=\"og:image\" content=\"https:\/\/www.teka.com\/es-es\/wp-content\/uploads\/sites\/2\/2020\/08\/preparar-casa-vacaciones.jpg\" \/>\n\t<meta property=\"og:image:width\" content=\"700\" \/>\n\t<meta property=\"og:image:height\" content=\"436\" \/>\n\t<meta property=\"og:image:type\" content=\"image\/jpeg\" \/>\n<meta name=\"author\" content=\"lorgana\" \/>\n<meta name=\"twitter:card\" content=\"summary_large_image\" \/>\n<meta name=\"twitter:title\" content=\"Prepara tu hogar y electrodom\u00e9sticos para las vacaciones\" \/>\n<meta name=\"twitter:image\" content=\"https:\/\/www.teka.com\/es-es\/wp-content\/uploads\/sites\/2\/2020\/08\/preparar-casa-vacaciones.jpg\" \/>\n<meta name=\"twitter:label1\" content=\"Escrito por\" \/>\n\t<meta name=\"twitter:data1\" content=\"lorgana\" \/>\n\t<meta name=\"twitter:label2\" content=\"Tiempo de lectura\" \/>\n\t<meta name=\"twitter:data2\" content=\"5 minutos\" \/>\n<script type=\"application\/ld+json\" class=\"yoast-schema-graph\">{\"@context\":\"https:\\\/\\\/schema.org\",\"@graph\":[{\"@type\":\"Article\",\"@id\":\"https:\\\/\\\/www.teka.com\\\/es-es\\\/inspiracion\\\/consejos-y-mantenimiento\\\/uso\\\/prepara-tu-hogar-y-electrodomesticos-para-las-vacaciones\\\/#article\",\"isPartOf\":{\"@id\":\"https:\\\/\\\/www.teka.com\\\/es-es\\\/inspiracion\\\/consejos-y-mantenimiento\\\/uso\\\/prepara-tu-hogar-y-electrodomesticos-para-las-vacaciones\\\/\"},\"author\":{\"name\":\"lorgana\",\"@id\":\"https:\\\/\\\/www.teka.com\\\/es-es\\\/#\\\/schema\\\/person\\\/3c8d01225d6ee8c453254958581e098d\"},\"headline\":\"Prepara tu hogar y electrodom\u00e9sticos para las vacaciones\",\"datePublished\":\"2020-08-06T09:13:24+00:00\",\"dateModified\":\"2020-08-17T13:06:54+00:00\",\"mainEntityOfPage\":{\"@id\":\"https:\\\/\\\/www.teka.com\\\/es-es\\\/inspiracion\\\/consejos-y-mantenimiento\\\/uso\\\/prepara-tu-hogar-y-electrodomesticos-para-las-vacaciones\\\/\"},\"wordCount\":1017,\"commentCount\":0,\"publisher\":{\"@id\":\"https:\\\/\\\/www.teka.com\\\/es-es\\\/#organization\"},\"image\":{\"@id\":\"https:\\\/\\\/www.teka.com\\\/es-es\\\/inspiracion\\\/consejos-y-mantenimiento\\\/uso\\\/prepara-tu-hogar-y-electrodomesticos-para-las-vacaciones\\\/#primaryimage\"},\"thumbnailUrl\":\"https:\\\/\\\/www.teka.com\\\/es-es\\\/wp-content\\\/uploads\\\/sites\\\/2\\\/2020\\\/08\\\/preparar-casa-vacaciones.jpg\",\"articleSection\":[\"Uso\",\"Consejos y mantenimiento\"],\"inLanguage\":\"es\",\"potentialAction\":[{\"@type\":\"CommentAction\",\"name\":\"Comment\",\"target\":[\"https:\\\/\\\/www.teka.com\\\/es-es\\\/inspiracion\\\/consejos-y-mantenimiento\\\/uso\\\/prepara-tu-hogar-y-electrodomesticos-para-las-vacaciones\\\/#respond\"]}]},{\"@type\":\"WebPage\",\"@id\":\"https:\\\/\\\/www.teka.com\\\/es-es\\\/inspiracion\\\/consejos-y-mantenimiento\\\/uso\\\/prepara-tu-hogar-y-electrodomesticos-para-las-vacaciones\\\/\",\"url\":\"https:\\\/\\\/www.teka.com\\\/es-es\\\/inspiracion\\\/consejos-y-mantenimiento\\\/uso\\\/prepara-tu-hogar-y-electrodomesticos-para-las-vacaciones\\\/\",\"name\":\"Prepara tu hogar y electrodom\u00e9sticos para las vacaciones | Teka Espa\u00f1a\",\"isPartOf\":{\"@id\":\"https:\\\/\\\/www.teka.com\\\/es-es\\\/#website\"},\"primaryImageOfPage\":{\"@id\":\"https:\\\/\\\/www.teka.com\\\/es-es\\\/inspiracion\\\/consejos-y-mantenimiento\\\/uso\\\/prepara-tu-hogar-y-electrodomesticos-para-las-vacaciones\\\/#primaryimage\"},\"image\":{\"@id\":\"https:\\\/\\\/www.teka.com\\\/es-es\\\/inspiracion\\\/consejos-y-mantenimiento\\\/uso\\\/prepara-tu-hogar-y-electrodomesticos-para-las-vacaciones\\\/#primaryimage\"},\"thumbnailUrl\":\"https:\\\/\\\/www.teka.com\\\/es-es\\\/wp-content\\\/uploads\\\/sites\\\/2\\\/2020\\\/08\\\/preparar-casa-vacaciones.jpg\",\"datePublished\":\"2020-08-06T09:13:24+00:00\",\"dateModified\":\"2020-08-17T13:06:54+00:00\",\"description\":\"\u00bfTe vas de vacaciones? Sigue nuestros consejos pr\u00e1cticos para dejar a punto tu hogar y tus electrodom\u00e9sticos en vacaciones\",\"inLanguage\":\"es\",\"potentialAction\":[{\"@type\":\"ReadAction\",\"target\":[\"https:\\\/\\\/www.teka.com\\\/es-es\\\/inspiracion\\\/consejos-y-mantenimiento\\\/uso\\\/prepara-tu-hogar-y-electrodomesticos-para-las-vacaciones\\\/\"]}]},{\"@type\":\"ImageObject\",\"inLanguage\":\"es\",\"@id\":\"https:\\\/\\\/www.teka.com\\\/es-es\\\/inspiracion\\\/consejos-y-mantenimiento\\\/uso\\\/prepara-tu-hogar-y-electrodomesticos-para-las-vacaciones\\\/#primaryimage\",\"url\":\"https:\\\/\\\/www.teka.com\\\/es-es\\\/wp-content\\\/uploads\\\/sites\\\/2\\\/2020\\\/08\\\/preparar-casa-vacaciones.jpg\",\"contentUrl\":\"https:\\\/\\\/www.teka.com\\\/es-es\\\/wp-content\\\/uploads\\\/sites\\\/2\\\/2020\\\/08\\\/preparar-casa-vacaciones.jpg\",\"width\":700,\"height\":436,\"caption\":\"electrodom\u00e9sticos en vacaciones\"},{\"@type\":\"WebSite\",\"@id\":\"https:\\\/\\\/www.teka.com\\\/es-es\\\/#website\",\"url\":\"https:\\\/\\\/www.teka.com\\\/es-es\\\/\",\"name\":\"Teka Espa\u00f1a\",\"description\":\"\",\"publisher\":{\"@id\":\"https:\\\/\\\/www.teka.com\\\/es-es\\\/#organization\"},\"potentialAction\":[{\"@type\":\"SearchAction\",\"target\":{\"@type\":\"EntryPoint\",\"urlTemplate\":\"https:\\\/\\\/www.teka.com\\\/es-es\\\/?s={search_term_string}\"},\"query-input\":{\"@type\":\"PropertyValueSpecification\",\"valueRequired\":true,\"valueName\":\"search_term_string\"}}],\"inLanguage\":\"es\"},{\"@type\":\"Organization\",\"@id\":\"https:\\\/\\\/www.teka.com\\\/es-es\\\/#organization\",\"name\":\"Teka Espa\u00f1a\",\"url\":\"https:\\\/\\\/www.teka.com\\\/es-es\\\/\",\"logo\":{\"@type\":\"ImageObject\",\"inLanguage\":\"es\",\"@id\":\"https:\\\/\\\/www.teka.com\\\/es-es\\\/#\\\/schema\\\/logo\\\/image\\\/\",\"url\":\"https:\\\/\\\/www.teka.com\\\/es-es\\\/wp-content\\\/uploads\\\/sites\\\/2\\\/2020\\\/08\\\/teka-new-logo.png\",\"contentUrl\":\"https:\\\/\\\/www.teka.com\\\/es-es\\\/wp-content\\\/uploads\\\/sites\\\/2\\\/2020\\\/08\\\/teka-new-logo.png\",\"width\":1024,\"height\":1024,\"caption\":\"Teka Espa\u00f1a\"},\"image\":{\"@id\":\"https:\\\/\\\/www.teka.com\\\/es-es\\\/#\\\/schema\\\/logo\\\/image\\\/\"}},{\"@type\":\"Person\",\"@id\":\"https:\\\/\\\/www.teka.com\\\/es-es\\\/#\\\/schema\\\/person\\\/3c8d01225d6ee8c453254958581e098d\",\"name\":\"lorgana\",\"image\":{\"@type\":\"ImageObject\",\"inLanguage\":\"es\",\"@id\":\"https:\\\/\\\/secure.gravatar.com\\\/avatar\\\/85a1208c099e6872d44fb66cd1e58fd64310486e35e5a44526b47a239681dfc7?s=96&d=mm&r=g\",\"url\":\"https:\\\/\\\/secure.gravatar.com\\\/avatar\\\/85a1208c099e6872d44fb66cd1e58fd64310486e35e5a44526b47a239681dfc7?s=96&d=mm&r=g\",\"contentUrl\":\"https:\\\/\\\/secure.gravatar.com\\\/avatar\\\/85a1208c099e6872d44fb66cd1e58fd64310486e35e5a44526b47a239681dfc7?s=96&d=mm&r=g\",\"caption\":\"lorgana\"}}]}<\/script>\n<!-- \/ Yoast SEO plugin. -->","yoast_head_json":{"title":"Prepara tu hogar y electrodom\u00e9sticos para las vacaciones | Teka Espa\u00f1a","description":"\u00bfTe vas de vacaciones? Sigue nuestros consejos pr\u00e1cticos para dejar a punto tu hogar y tus electrodom\u00e9sticos en vacaciones","robots":{"index":"index","follow":"follow","max-snippet":"max-snippet:-1","max-image-preview":"max-image-preview:large","max-video-preview":"max-video-preview:-1"},"canonical":"https:\/\/www.teka.com\/es-es\/inspiracion\/consejos-y-mantenimiento\/uso\/prepara-tu-hogar-y-electrodomesticos-para-las-vacaciones\/","og_locale":"es_ES","og_type":"article","og_title":"Prepara tu hogar y electrodom\u00e9sticos para las vacaciones","og_description":"\u00bfTe vas de vacaciones? Sigue nuestros consejos pr\u00e1cticos para dejar a punto tu hogar y tus electrodom\u00e9sticos en vacaciones","og_url":"https:\/\/www.teka.com\/es-es\/inspiracion\/consejos-y-mantenimiento\/uso\/prepara-tu-hogar-y-electrodomesticos-para-las-vacaciones\/","og_site_name":"Teka Espa\u00f1a","article_published_time":"2020-08-06T09:13:24+00:00","article_modified_time":"2020-08-17T13:06:54+00:00","og_image":[{"width":700,"height":436,"url":"https:\/\/www.teka.com\/es-es\/wp-content\/uploads\/sites\/2\/2020\/08\/preparar-casa-vacaciones.jpg","type":"image\/jpeg"}],"author":"lorgana","twitter_card":"summary_large_image","twitter_title":"Prepara tu hogar y electrodom\u00e9sticos para las vacaciones","twitter_image":"https:\/\/www.teka.com\/es-es\/wp-content\/uploads\/sites\/2\/2020\/08\/preparar-casa-vacaciones.jpg","twitter_misc":{"Escrito por":"lorgana","Tiempo de lectura":"5 minutos"},"schema":{"@context":"https:\/\/schema.org","@graph":[{"@type":"Article","@id":"https:\/\/www.teka.com\/es-es\/inspiracion\/consejos-y-mantenimiento\/uso\/prepara-tu-hogar-y-electrodomesticos-para-las-vacaciones\/#article","isPartOf":{"@id":"https:\/\/www.teka.com\/es-es\/inspiracion\/consejos-y-mantenimiento\/uso\/prepara-tu-hogar-y-electrodomesticos-para-las-vacaciones\/"},"author":{"name":"lorgana","@id":"https:\/\/www.teka.com\/es-es\/#\/schema\/person\/3c8d01225d6ee8c453254958581e098d"},"headline":"Prepara tu hogar y electrodom\u00e9sticos para las vacaciones","datePublished":"2020-08-06T09:13:24+00:00","dateModified":"2020-08-17T13:06:54+00:00","mainEntityOfPage":{"@id":"https:\/\/www.teka.com\/es-es\/inspiracion\/consejos-y-mantenimiento\/uso\/prepara-tu-hogar-y-electrodomesticos-para-las-vacaciones\/"},"wordCount":1017,"commentCount":0,"publisher":{"@id":"https:\/\/www.teka.com\/es-es\/#organization"},"image":{"@id":"https:\/\/www.teka.com\/es-es\/inspiracion\/consejos-y-mantenimiento\/uso\/prepara-tu-hogar-y-electrodomesticos-para-las-vacaciones\/#primaryimage"},"thumbnailUrl":"https:\/\/www.teka.com\/es-es\/wp-content\/uploads\/sites\/2\/2020\/08\/preparar-casa-vacaciones.jpg","articleSection":["Uso","Consejos y mantenimiento"],"inLanguage":"es","potentialAction":[{"@type":"CommentAction","name":"Comment","target":["https:\/\/www.teka.com\/es-es\/inspiracion\/consejos-y-mantenimiento\/uso\/prepara-tu-hogar-y-electrodomesticos-para-las-vacaciones\/#respond"]}]},{"@type":"WebPage","@id":"https:\/\/www.teka.com\/es-es\/inspiracion\/consejos-y-mantenimiento\/uso\/prepara-tu-hogar-y-electrodomesticos-para-las-vacaciones\/","url":"https:\/\/www.teka.com\/es-es\/inspiracion\/consejos-y-mantenimiento\/uso\/prepara-tu-hogar-y-electrodomesticos-para-las-vacaciones\/","name":"Prepara tu hogar y electrodom\u00e9sticos para las vacaciones | Teka Espa\u00f1a","isPartOf":{"@id":"https:\/\/www.teka.com\/es-es\/#website"},"primaryImageOfPage":{"@id":"https:\/\/www.teka.com\/es-es\/inspiracion\/consejos-y-mantenimiento\/uso\/prepara-tu-hogar-y-electrodomesticos-para-las-vacaciones\/#primaryimage"},"image":{"@id":"https:\/\/www.teka.com\/es-es\/inspiracion\/consejos-y-mantenimiento\/uso\/prepara-tu-hogar-y-electrodomesticos-para-las-vacaciones\/#primaryimage"},"thumbnailUrl":"https:\/\/www.teka.com\/es-es\/wp-content\/uploads\/sites\/2\/2020\/08\/preparar-casa-vacaciones.jpg","datePublished":"2020-08-06T09:13:24+00:00","dateModified":"2020-08-17T13:06:54+00:00","description":"\u00bfTe vas de vacaciones? Sigue nuestros consejos pr\u00e1cticos para dejar a punto tu hogar y tus electrodom\u00e9sticos en vacaciones","inLanguage":"es","potentialAction":[{"@type":"ReadAction","target":["https:\/\/www.teka.com\/es-es\/inspiracion\/consejos-y-mantenimiento\/uso\/prepara-tu-hogar-y-electrodomesticos-para-las-vacaciones\/"]}]},{"@type":"ImageObject","inLanguage":"es","@id":"https:\/\/www.teka.com\/es-es\/inspiracion\/consejos-y-mantenimiento\/uso\/prepara-tu-hogar-y-electrodomesticos-para-las-vacaciones\/#primaryimage","url":"https:\/\/www.teka.com\/es-es\/wp-content\/uploads\/sites\/2\/2020\/08\/preparar-casa-vacaciones.jpg","contentUrl":"https:\/\/www.teka.com\/es-es\/wp-content\/uploads\/sites\/2\/2020\/08\/preparar-casa-vacaciones.jpg","width":700,"height":436,"caption":"electrodom\u00e9sticos en vacaciones"},{"@type":"WebSite","@id":"https:\/\/www.teka.com\/es-es\/#website","url":"https:\/\/www.teka.com\/es-es\/","name":"Teka Espa\u00f1a","description":"","publisher":{"@id":"https:\/\/www.teka.com\/es-es\/#organization"},"potentialAction":[{"@type":"SearchAction","target":{"@type":"EntryPoint","urlTemplate":"https:\/\/www.teka.com\/es-es\/?s={search_term_string}"},"query-input":{"@type":"PropertyValueSpecification","valueRequired":true,"valueName":"search_term_string"}}],"inLanguage":"es"},{"@type":"Organization","@id":"https:\/\/www.teka.com\/es-es\/#organization","name":"Teka Espa\u00f1a","url":"https:\/\/www.teka.com\/es-es\/","logo":{"@type":"ImageObject","inLanguage":"es","@id":"https:\/\/www.teka.com\/es-es\/#\/schema\/logo\/image\/","url":"https:\/\/www.teka.com\/es-es\/wp-content\/uploads\/sites\/2\/2020\/08\/teka-new-logo.png","contentUrl":"https:\/\/www.teka.com\/es-es\/wp-content\/uploads\/sites\/2\/2020\/08\/teka-new-logo.png","width":1024,"height":1024,"caption":"Teka Espa\u00f1a"},"image":{"@id":"https:\/\/www.teka.com\/es-es\/#\/schema\/logo\/image\/"}},{"@type":"Person","@id":"https:\/\/www.teka.com\/es-es\/#\/schema\/person\/3c8d01225d6ee8c453254958581e098d","name":"lorgana","image":{"@type":"ImageObject","inLanguage":"es","@id":"https:\/\/secure.gravatar.com\/avatar\/85a1208c099e6872d44fb66cd1e58fd64310486e35e5a44526b47a239681dfc7?s=96&d=mm&r=g","url":"https:\/\/secure.gravatar.com\/avatar\/85a1208c099e6872d44fb66cd1e58fd64310486e35e5a44526b47a239681dfc7?s=96&d=mm&r=g","contentUrl":"https:\/\/secure.gravatar.com\/avatar\/85a1208c099e6872d44fb66cd1e58fd64310486e35e5a44526b47a239681dfc7?s=96&d=mm&r=g","caption":"lorgana"}}]}},"_links":{"self":[{"href":"https:\/\/www.teka.com\/es-es\/wp-json\/wp\/v2\/posts\/83779","targetHints":{"allow":["GET"]}}],"collection":[{"href":"https:\/\/www.teka.com\/es-es\/wp-json\/wp\/v2\/posts"}],"about":[{"href":"https:\/\/www.teka.com\/es-es\/wp-json\/wp\/v2\/types\/post"}],"author":[{"embeddable":true,"href":"https:\/\/www.teka.com\/es-es\/wp-json\/wp\/v2\/users\/50"}],"replies":[{"embeddable":true,"href":"https:\/\/www.teka.com\/es-es\/wp-json\/wp\/v2\/comments?post=83779"}],"version-history":[{"count":5,"href":"https:\/\/www.teka.com\/es-es\/wp-json\/wp\/v2\/posts\/83779\/revisions"}],"predecessor-version":[{"id":83923,"href":"https:\/\/www.teka.com\/es-es\/wp-json\/wp\/v2\/posts\/83779\/revisions\/83923"}],"wp:featuredmedia":[{"embeddable":true,"href":"https:\/\/www.teka.com\/es-es\/wp-json\/wp\/v2\/media\/83922"}],"wp:attachment":[{"href":"https:\/\/www.teka.com\/es-es\/wp-json\/wp\/v2\/media?parent=83779"}],"wp:term":[{"taxonomy":"category","embeddable":true,"href":"https:\/\/www.teka.com\/es-es\/wp-json\/wp\/v2\/categories?post=83779"},{"taxonomy":"post_tag","embeddable":true,"href":"https:\/\/www.teka.com\/es-es\/wp-json\/wp\/v2\/tags?post=83779"}],"curies":[{"name":"wp","href":"https:\/\/api.w.org\/{rel}","templated":true}]}}