{"id":90776,"date":"2021-02-25T12:58:27","date_gmt":"2021-02-25T11:58:27","guid":{"rendered":"https:\/\/www.teka.com\/es-es\/?p=90776"},"modified":"2021-02-25T12:58:27","modified_gmt":"2021-02-25T11:58:27","slug":"como-lavar-las-mascarillas-de-tela-reutilizables","status":"publish","type":"post","link":"https:\/\/www.teka.com\/es-es\/inspiracion\/consejos-y-mantenimiento\/limpieza\/como-lavar-las-mascarillas-de-tela-reutilizables\/","title":{"rendered":"\u00bfC\u00f3mo lavar las mascarillas de tela reutilizables?"},"content":{"rendered":"<p><span style=\"font-weight: 400\">A estas alturas ya tenemos todos claro el tipo de protecci\u00f3n que ofrece cada tipo de mascarilla, pero todos los modelos <\/span><b>cumplen una funci\u00f3n determinada<\/b><span style=\"font-weight: 400\">. Te contamos c\u00f3mo lavar las mascarillas de tela, tanto a mano como en la <\/span><a href=\"https:\/\/www.teka.com\/es-es\/lavado\/lavadoras\/\" target=\"_blank\" rel=\"noopener noreferrer\"><span style=\"font-weight: 400\">lavadora<\/span><\/a><span style=\"font-weight: 400\">, si has optado por este tipo para tu d\u00eda a d\u00eda.<\/span><\/p>\n<p><span style=\"font-weight: 400\">Recuerda, llevar mascarilla es un deber, una responsabilidad y tambi\u00e9n un acto de solidaridad con los m\u00e1s expuestos al virus.<\/span><\/p>\n<h2><b>\u00bfQu\u00e9 tipo de mascarilla reutilizable puedo usar?<\/b><\/h2>\n<p><span style=\"font-weight: 400\">Las personas que est\u00e1n sanas y que no tienen que tener contacto estrecho con ning\u00fan enfermo, ni estar en lugares cerrados con mucha gente pueden optar perfectamente por usar <\/span><b>mascarillas higi\u00e9nicas<\/b><span style=\"font-weight: 400\">.<\/span><\/p>\n<p><img loading=\"lazy\" decoding=\"async\" class=\"alignnone size-full wp-image-90828\" src=\"https:\/\/www.teka.com\/es-es\/wp-content\/uploads\/sites\/2\/2021\/02\/guardar-mascarillas-de-tela.jpg\" alt=\"mascarillas de tela\" width=\"700\" height=\"436\" srcset=\"https:\/\/www.teka.com\/es-es\/wp-content\/uploads\/sites\/2\/2021\/02\/guardar-mascarillas-de-tela.jpg 700w, https:\/\/www.teka.com\/es-es\/wp-content\/uploads\/sites\/2\/2021\/02\/guardar-mascarillas-de-tela-480x299.jpg 480w\" sizes=\"(min-width: 0px) and (max-width: 480px) 480px, (min-width: 481px) 700px, 100vw\" \/><\/p>\n<p><span style=\"font-weight: 400\">Las mascarillas higi\u00e9nicas no se consideran un producto sanitario pero s\u00ed que es un producto de protecci\u00f3n que debe respetar ciertas normativas. En este caso son la normativa <\/span><b>UNE 0064<\/b><span style=\"font-weight: 400\"> para las mascarillas de un solo uso y la <\/span><b>UNE 0065<\/b><span style=\"font-weight: 400\"> para las reutilizables.<\/span><\/p>\n<p><span style=\"font-weight: 400\">Estas normativas van a regular el material del que est\u00e1n hechas, la eficacia de filtraci\u00f3n bacteriana, los lavados que soportan y el modo de fabricaci\u00f3n. Todos estos datos se recogen <\/span><b>en la etiqueta<\/b><span style=\"font-weight: 400\">, as\u00ed que compru\u00e9bala antes de hacerte con tu mascarilla.<\/span><\/p>\n<h2><b>\u00bfC\u00f3mo lavar las mascarillas de tela en la lavadora?<\/b><\/h2>\n<p><span style=\"font-weight: 400\">Para lavar las mascarillas en la lavadora lo primero que tendremos que saber es <\/span><b>cu\u00e1ntos lavados admite<\/b><span style=\"font-weight: 400\"> y si ya los hemos superado. Las mascarillas reutilizables no son eternas y hay que respetar su durabilidad.<\/span><\/p>\n<p><span style=\"font-weight: 400\">Una vez comprobado la clave est\u00e1 en la temperatura, puedes lavarla con tu detergente normal pero usa <\/span><a href=\"https:\/\/www.teka.com\/es-es\/inspiracion\/consejos-y-mantenimiento\/que-significan-los-simbolos-de-tu-lavadora\/\" target=\"_blank\" rel=\"noopener noreferrer\"><span style=\"font-weight: 400\">cualquier ciclo<\/span><\/a><span style=\"font-weight: 400\"> en el que el agua est\u00e9 entre <\/span><b>60 y 90\u00ba<\/b><span style=\"font-weight: 400\">. Despu\u00e9s, s\u00f3lo tienes que secarlas al sol.<\/span><\/p>\n<p><img loading=\"lazy\" decoding=\"async\" class=\"alignnone size-full wp-image-90830\" src=\"https:\/\/www.teka.com\/es-es\/wp-content\/uploads\/sites\/2\/2021\/02\/lavar-mascarillas-tela-lavadora.jpg\" alt=\"lavar mascarillas tela lavadora\" width=\"700\" height=\"436\" srcset=\"https:\/\/www.teka.com\/es-es\/wp-content\/uploads\/sites\/2\/2021\/02\/lavar-mascarillas-tela-lavadora.jpg 700w, https:\/\/www.teka.com\/es-es\/wp-content\/uploads\/sites\/2\/2021\/02\/lavar-mascarillas-tela-lavadora-480x299.jpg 480w\" sizes=\"(min-width: 0px) and (max-width: 480px) 480px, (min-width: 481px) 700px, 100vw\" \/><\/p>\n<p><span style=\"font-weight: 400\">Todos los detergentes contienen <\/span><b>tensioactivos<\/b><span style=\"font-weight: 400\">, que destruyen la envoltura del coronavirus e impiden que pueda contagiarse.<\/span><\/p>\n<p><span style=\"font-weight: 400\">Puedes poner las mascarillas con <\/span><b>el resto de la colada<\/b><span style=\"font-weight: 400\"> siempre que el resto de prendas aguanten las temperaturas que hemos dicho.<\/span><\/p>\n<h2><b>\u00bfC\u00f3mo lavar las mascarillas de tela a mano?<\/b><\/h2>\n<p><span style=\"font-weight: 400\">En este caso, la clave es la correcta desinfecci\u00f3n de la mascarilla porque no contamos con la temperatura para acabar con los virus, as\u00ed que tendremos que usar alg\u00fan tipo de <\/span><b>viricida<\/b><span style=\"font-weight: 400\">.<\/span><\/p>\n<p><span style=\"font-weight: 400\">Lo m\u00e1s com\u00fan, en este caso, es usar lej\u00eda. En el caso de la lej\u00eda com\u00fan, habr\u00e1 que hacer una mezcla de <\/span><b>28 ml de lej\u00eda por cada litro<\/b><span style=\"font-weight: 400\"> de agua. Se considera lej\u00eda com\u00fan a la que tiene 37 g\/l de cloro activo.\u00a0<\/span><\/p>\n<p><span style=\"font-weight: 400\">Si est\u00e1s usando <\/span><b>lej\u00eda pura<\/b><span style=\"font-weight: 400\"> la proporci\u00f3n es distinta, es de <\/span><b>1:50<\/b><span style=\"font-weight: 400\">. Esto quiere decir que de cada 50 partes, 1 debe ser de lej\u00eda. Por ejemplo, en 1 l de mezcla deber\u00eda haber 20 ml de lej\u00eda y 980 ml de agua.<\/span><\/p>\n<p><img loading=\"lazy\" decoding=\"async\" class=\"alignnone size-full wp-image-90829\" src=\"https:\/\/www.teka.com\/es-es\/wp-content\/uploads\/sites\/2\/2021\/02\/lavar-mascarillas-tela-a-mano.jpg\" alt=\"lavar mascarillas tela a mano\" width=\"700\" height=\"436\" srcset=\"https:\/\/www.teka.com\/es-es\/wp-content\/uploads\/sites\/2\/2021\/02\/lavar-mascarillas-tela-a-mano.jpg 700w, https:\/\/www.teka.com\/es-es\/wp-content\/uploads\/sites\/2\/2021\/02\/lavar-mascarillas-tela-a-mano-480x299.jpg 480w\" sizes=\"(min-width: 0px) and (max-width: 480px) 480px, (min-width: 481px) 700px, 100vw\" \/><\/p>\n<p><span style=\"font-weight: 400\">Bien, una vez que tenemos la mezcla hecha, sumergimos las mascarillas en ella y las dejamos durante <\/span><b>30 minutos<\/b><span style=\"font-weight: 400\">. Pasado este tiempo tenemos dos opciones: podemos meter las mascarillas en la lavadora y hacer un <\/span><a href=\"https:\/\/www.teka.com\/es-es\/inspiracion\/consejos-y-mantenimiento\/ahorro-y-eficiencia\/como-ahorrar-con-la-lavadora\/\" target=\"_blank\" rel=\"noopener noreferrer\"><span style=\"font-weight: 400\">ciclo corto<\/span><\/a><span style=\"font-weight: 400\"> de lavado o seguir lavando a mano.<\/span><\/p>\n<p><span style=\"font-weight: 400\">Si seguimos con el lavado a mano habr\u00e1 que ponerse guantes porque la lej\u00eda estropea bastante la piel. Aqu\u00ed lo m\u00e1s importante es <\/span><b>aclarar muy bien con agua fr\u00eda<\/b><span style=\"font-weight: 400\"> para que no queden restos de desinfectante ni de detergente. No es recomendable que uses suavizante en este lavado.<\/span><\/p>\n<p><span style=\"font-weight: 400\">Despu\u00e9s de lavarse, lo mejor es tenderlas en un lugar con <\/span><b>buena ventilaci\u00f3n<\/b><span style=\"font-weight: 400\"> para que termine de eliminar las part\u00edculas que hayan quedado.<\/span><\/p>\n<h2><b>Otros tipos de viricidas<\/b><\/h2>\n<p><span style=\"font-weight: 400\">Adem\u00e1s de la lej\u00eda, que es el m\u00e1s com\u00fan, se pueden usar <\/span><b>otros viricidas<\/b><span style=\"font-weight: 400\"> para desinfectar las mascarillas reutilizables. As\u00ed, en el caso de que no haya lej\u00eda por problemas de abastecimiento, puedes tener otras opciones para llevar tu mascarilla perfectamente limpia.<\/span><\/p>\n<p><span style=\"font-weight: 400\">La lista de viricidas es muy amplia y, dependiendo de la marca, va a tener unas proporciones de mezcla u otras as\u00ed que, en cada caso, lo mejor es <\/span><b>mirar la etiqueta del fabricante<\/b><span style=\"font-weight: 400\"> y ver si se puede usar como viricida y cu\u00e1l es la proporci\u00f3n de mezcla con el agua para que sea efectivo.<\/span><\/p>\n<p><span style=\"font-weight: 400\">En cualquier caso, lo mejor es que <\/span><b>uses un solo producto<\/b><span style=\"font-weight: 400\"> y no los mezcles porque la mezcla podr\u00eda ser perjudicial para la mascarilla y, lo m\u00e1s importante, para tu salud.<\/span><\/p>\n<h2><b>\u00bfC\u00f3mo guardar correctamente la mascarilla?<\/b><\/h2>\n<p><img loading=\"lazy\" decoding=\"async\" class=\"alignnone size-full wp-image-90831\" src=\"https:\/\/www.teka.com\/es-es\/wp-content\/uploads\/sites\/2\/2021\/02\/mascarillas-de-tela.jpg\" alt=\"mascarillas-de-tela\" width=\"700\" height=\"436\" srcset=\"https:\/\/www.teka.com\/es-es\/wp-content\/uploads\/sites\/2\/2021\/02\/mascarillas-de-tela.jpg 700w, https:\/\/www.teka.com\/es-es\/wp-content\/uploads\/sites\/2\/2021\/02\/mascarillas-de-tela-480x299.jpg 480w\" sizes=\"(min-width: 0px) and (max-width: 480px) 480px, (min-width: 481px) 700px, 100vw\" \/><\/p>\n<p><span style=\"font-weight: 400\">Adem\u00e1s de conocer c\u00f3mo lavar las mascarillas de tela es importante tambi\u00e9n que sepamos <\/span><b>c\u00f3mo guardarlas<\/b><span style=\"font-weight: 400\">. De nada servir\u00e1 lavarlas a conciencia si luego las metemos directamente al bolsillo o las dejamos sueltas en el bolso.<\/span><\/p>\n<p><span style=\"font-weight: 400\">Lo mejor para las <\/span><b>mascarillas sucias o h\u00famedas<\/b><span style=\"font-weight: 400\"> es usar bolsas de pl\u00e1stico con cierre herm\u00e9tico para transportarlas. En este caso, las mascarillas van a filtrar peor y a dificultar la respiraci\u00f3n as\u00ed que hay que lavarlas cuanto antes, de este modo, adem\u00e1s, se impide que salga moho u otras bacterias.<\/span><\/p>\n<p><span style=\"font-weight: 400\">Las <\/span><b>mascarillas secas y limpias<\/b><span style=\"font-weight: 400\"> es mejor llevarlas en un sobre o bolsa de papel. Aqu\u00ed lo importante es que el lugar en el que la guardamos sea transpirable y que nos lavemos las manos cada vez que vayamos a quit\u00e1rnosla o pon\u00e9rnosla.<\/span><\/p>\n<p><span style=\"font-weight: 400\">Siempre que la guardes, aseg\u00farate de que el <\/span><b>lado exterior<\/b><span style=\"font-weight: 400\"> queda hacia fuera, de esta manera no se contaminar\u00e1 el interior.<\/span><\/p>\n<p><span style=\"font-weight: 400\">Como hemos dicho, las razones para llevar un tipo de mascarilla u otro son diversas, aseg\u00farate de llevar la m\u00e1s apropiada para cada ocasi\u00f3n. Eso s\u00ed, lleves la que lleves, que est\u00e9 en buen estado para que pueda protegerte a ti y a todos.<\/span><\/p>\n","protected":false},"excerpt":{"rendered":"<p>A estas alturas ya tenemos todos claro el tipo de protecci\u00f3n que ofrece cada tipo de mascarilla, pero todos los modelos cumplen una funci\u00f3n determinada. Te contamos c\u00f3mo lavar las mascarillas de tela, tanto a mano como en la lavadora, si has optado por este tipo para tu d\u00eda a d\u00eda. Recuerda, llevar mascarilla es [&hellip;]<\/p>\n","protected":false},"author":50,"featured_media":90826,"comment_status":"open","ping_status":"closed","sticky":false,"template":"","format":"standard","meta":{"_acf_changed":false,"_et_pb_use_builder":"","_et_pb_old_content":"","_et_gb_content_width":"","footnotes":""},"categories":[78376],"tags":[],"class_list":["post-90776","post","type-post","status-publish","format-standard","has-post-thumbnail","hentry","category-limpieza"],"acf":[],"yoast_head":"<!-- This site is optimized with the Yoast SEO plugin v27.5 - https:\/\/yoast.com\/product\/yoast-seo-wordpress\/ -->\n<title>\u00bfC\u00f3mo lavar las mascarillas de tela reutilizables? | Teka Espa\u00f1a<\/title>\n<meta name=\"description\" content=\"Las mascarillas reutilizables son una gran opci\u00f3n pero necesitan un cuidado especial. Vamos a ver c\u00f3mo lavar mascarillas de tela.\" \/>\n<meta name=\"robots\" content=\"index, follow, max-snippet:-1, max-image-preview:large, max-video-preview:-1\" \/>\n<link rel=\"canonical\" href=\"https:\/\/www.teka.com\/es-es\/inspiracion\/consejos-y-mantenimiento\/limpieza\/como-lavar-las-mascarillas-de-tela-reutilizables\/\" \/>\n<meta property=\"og:locale\" content=\"es_ES\" \/>\n<meta property=\"og:type\" content=\"article\" \/>\n<meta property=\"og:title\" content=\"\u00bfC\u00f3mo lavar las mascarillas de tela reutilizables?\" \/>\n<meta property=\"og:description\" content=\"Las mascarillas reutilizables son una gran opci\u00f3n pero necesitan un cuidado especial. Vamos a ver c\u00f3mo lavar mascarillas de tela.\" \/>\n<meta property=\"og:url\" content=\"https:\/\/www.teka.com\/es-es\/inspiracion\/consejos-y-mantenimiento\/limpieza\/como-lavar-las-mascarillas-de-tela-reutilizables\/\" \/>\n<meta property=\"og:site_name\" content=\"Teka Espa\u00f1a\" \/>\n<meta property=\"article:published_time\" content=\"2021-02-25T11:58:27+00:00\" \/>\n<meta property=\"og:image\" content=\"https:\/\/www.teka.com\/es-es\/wp-content\/uploads\/sites\/2\/2021\/02\/co\u0301mo-lavar-las-mascarillas-de-tela-lavadora.jpg\" \/>\n\t<meta property=\"og:image:width\" content=\"700\" \/>\n\t<meta property=\"og:image:height\" content=\"436\" \/>\n\t<meta property=\"og:image:type\" content=\"image\/jpeg\" \/>\n<meta name=\"author\" content=\"lorgana\" \/>\n<meta name=\"twitter:card\" content=\"summary_large_image\" \/>\n<meta name=\"twitter:title\" content=\"\u00bfC\u00f3mo lavar las mascarillas de tela reutilizables?\" \/>\n<meta name=\"twitter:image\" content=\"https:\/\/www.teka.com\/es-es\/wp-content\/uploads\/sites\/2\/2021\/02\/co\u0301mo-lavar-las-mascarillas-de-tela-lavadora.jpg\" \/>\n<meta name=\"twitter:label1\" content=\"Escrito por\" \/>\n\t<meta name=\"twitter:data1\" content=\"lorgana\" \/>\n\t<meta name=\"twitter:label2\" content=\"Tiempo de lectura\" \/>\n\t<meta name=\"twitter:data2\" content=\"5 minutos\" \/>\n<script type=\"application\/ld+json\" class=\"yoast-schema-graph\">{\"@context\":\"https:\\\/\\\/schema.org\",\"@graph\":[{\"@type\":\"Article\",\"@id\":\"https:\\\/\\\/www.teka.com\\\/es-es\\\/inspiracion\\\/consejos-y-mantenimiento\\\/limpieza\\\/como-lavar-las-mascarillas-de-tela-reutilizables\\\/#article\",\"isPartOf\":{\"@id\":\"https:\\\/\\\/www.teka.com\\\/es-es\\\/inspiracion\\\/consejos-y-mantenimiento\\\/limpieza\\\/como-lavar-las-mascarillas-de-tela-reutilizables\\\/\"},\"author\":{\"name\":\"lorgana\",\"@id\":\"https:\\\/\\\/www.teka.com\\\/es-es\\\/#\\\/schema\\\/person\\\/3c8d01225d6ee8c453254958581e098d\"},\"headline\":\"\u00bfC\u00f3mo lavar las mascarillas de tela reutilizables?\",\"datePublished\":\"2021-02-25T11:58:27+00:00\",\"mainEntityOfPage\":{\"@id\":\"https:\\\/\\\/www.teka.com\\\/es-es\\\/inspiracion\\\/consejos-y-mantenimiento\\\/limpieza\\\/como-lavar-las-mascarillas-de-tela-reutilizables\\\/\"},\"wordCount\":952,\"commentCount\":0,\"publisher\":{\"@id\":\"https:\\\/\\\/www.teka.com\\\/es-es\\\/#organization\"},\"image\":{\"@id\":\"https:\\\/\\\/www.teka.com\\\/es-es\\\/inspiracion\\\/consejos-y-mantenimiento\\\/limpieza\\\/como-lavar-las-mascarillas-de-tela-reutilizables\\\/#primaryimage\"},\"thumbnailUrl\":\"https:\\\/\\\/www.teka.com\\\/es-es\\\/wp-content\\\/uploads\\\/sites\\\/2\\\/2021\\\/02\\\/co\u0301mo-lavar-las-mascarillas-de-tela-lavadora.jpg\",\"articleSection\":[\"Limpieza\"],\"inLanguage\":\"es\",\"potentialAction\":[{\"@type\":\"CommentAction\",\"name\":\"Comment\",\"target\":[\"https:\\\/\\\/www.teka.com\\\/es-es\\\/inspiracion\\\/consejos-y-mantenimiento\\\/limpieza\\\/como-lavar-las-mascarillas-de-tela-reutilizables\\\/#respond\"]}]},{\"@type\":\"WebPage\",\"@id\":\"https:\\\/\\\/www.teka.com\\\/es-es\\\/inspiracion\\\/consejos-y-mantenimiento\\\/limpieza\\\/como-lavar-las-mascarillas-de-tela-reutilizables\\\/\",\"url\":\"https:\\\/\\\/www.teka.com\\\/es-es\\\/inspiracion\\\/consejos-y-mantenimiento\\\/limpieza\\\/como-lavar-las-mascarillas-de-tela-reutilizables\\\/\",\"name\":\"\u00bfC\u00f3mo lavar las mascarillas de tela reutilizables? | Teka Espa\u00f1a\",\"isPartOf\":{\"@id\":\"https:\\\/\\\/www.teka.com\\\/es-es\\\/#website\"},\"primaryImageOfPage\":{\"@id\":\"https:\\\/\\\/www.teka.com\\\/es-es\\\/inspiracion\\\/consejos-y-mantenimiento\\\/limpieza\\\/como-lavar-las-mascarillas-de-tela-reutilizables\\\/#primaryimage\"},\"image\":{\"@id\":\"https:\\\/\\\/www.teka.com\\\/es-es\\\/inspiracion\\\/consejos-y-mantenimiento\\\/limpieza\\\/como-lavar-las-mascarillas-de-tela-reutilizables\\\/#primaryimage\"},\"thumbnailUrl\":\"https:\\\/\\\/www.teka.com\\\/es-es\\\/wp-content\\\/uploads\\\/sites\\\/2\\\/2021\\\/02\\\/co\u0301mo-lavar-las-mascarillas-de-tela-lavadora.jpg\",\"datePublished\":\"2021-02-25T11:58:27+00:00\",\"description\":\"Las mascarillas reutilizables son una gran opci\u00f3n pero necesitan un cuidado especial. Vamos a ver c\u00f3mo lavar mascarillas de tela.\",\"inLanguage\":\"es\",\"potentialAction\":[{\"@type\":\"ReadAction\",\"target\":[\"https:\\\/\\\/www.teka.com\\\/es-es\\\/inspiracion\\\/consejos-y-mantenimiento\\\/limpieza\\\/como-lavar-las-mascarillas-de-tela-reutilizables\\\/\"]}]},{\"@type\":\"ImageObject\",\"inLanguage\":\"es\",\"@id\":\"https:\\\/\\\/www.teka.com\\\/es-es\\\/inspiracion\\\/consejos-y-mantenimiento\\\/limpieza\\\/como-lavar-las-mascarillas-de-tela-reutilizables\\\/#primaryimage\",\"url\":\"https:\\\/\\\/www.teka.com\\\/es-es\\\/wp-content\\\/uploads\\\/sites\\\/2\\\/2021\\\/02\\\/co\u0301mo-lavar-las-mascarillas-de-tela-lavadora.jpg\",\"contentUrl\":\"https:\\\/\\\/www.teka.com\\\/es-es\\\/wp-content\\\/uploads\\\/sites\\\/2\\\/2021\\\/02\\\/co\u0301mo-lavar-las-mascarillas-de-tela-lavadora.jpg\",\"width\":700,\"height\":436,\"caption\":\"c\u00f3mo lavar mascarillas tela\"},{\"@type\":\"WebSite\",\"@id\":\"https:\\\/\\\/www.teka.com\\\/es-es\\\/#website\",\"url\":\"https:\\\/\\\/www.teka.com\\\/es-es\\\/\",\"name\":\"Teka Espa\u00f1a\",\"description\":\"\",\"publisher\":{\"@id\":\"https:\\\/\\\/www.teka.com\\\/es-es\\\/#organization\"},\"potentialAction\":[{\"@type\":\"SearchAction\",\"target\":{\"@type\":\"EntryPoint\",\"urlTemplate\":\"https:\\\/\\\/www.teka.com\\\/es-es\\\/?s={search_term_string}\"},\"query-input\":{\"@type\":\"PropertyValueSpecification\",\"valueRequired\":true,\"valueName\":\"search_term_string\"}}],\"inLanguage\":\"es\"},{\"@type\":\"Organization\",\"@id\":\"https:\\\/\\\/www.teka.com\\\/es-es\\\/#organization\",\"name\":\"Teka Espa\u00f1a\",\"url\":\"https:\\\/\\\/www.teka.com\\\/es-es\\\/\",\"logo\":{\"@type\":\"ImageObject\",\"inLanguage\":\"es\",\"@id\":\"https:\\\/\\\/www.teka.com\\\/es-es\\\/#\\\/schema\\\/logo\\\/image\\\/\",\"url\":\"https:\\\/\\\/www.teka.com\\\/es-es\\\/wp-content\\\/uploads\\\/sites\\\/2\\\/2020\\\/08\\\/teka-new-logo.png\",\"contentUrl\":\"https:\\\/\\\/www.teka.com\\\/es-es\\\/wp-content\\\/uploads\\\/sites\\\/2\\\/2020\\\/08\\\/teka-new-logo.png\",\"width\":1024,\"height\":1024,\"caption\":\"Teka Espa\u00f1a\"},\"image\":{\"@id\":\"https:\\\/\\\/www.teka.com\\\/es-es\\\/#\\\/schema\\\/logo\\\/image\\\/\"}},{\"@type\":\"Person\",\"@id\":\"https:\\\/\\\/www.teka.com\\\/es-es\\\/#\\\/schema\\\/person\\\/3c8d01225d6ee8c453254958581e098d\",\"name\":\"lorgana\",\"image\":{\"@type\":\"ImageObject\",\"inLanguage\":\"es\",\"@id\":\"https:\\\/\\\/secure.gravatar.com\\\/avatar\\\/85a1208c099e6872d44fb66cd1e58fd64310486e35e5a44526b47a239681dfc7?s=96&d=mm&r=g\",\"url\":\"https:\\\/\\\/secure.gravatar.com\\\/avatar\\\/85a1208c099e6872d44fb66cd1e58fd64310486e35e5a44526b47a239681dfc7?s=96&d=mm&r=g\",\"contentUrl\":\"https:\\\/\\\/secure.gravatar.com\\\/avatar\\\/85a1208c099e6872d44fb66cd1e58fd64310486e35e5a44526b47a239681dfc7?s=96&d=mm&r=g\",\"caption\":\"lorgana\"}}]}<\/script>\n<!-- \/ Yoast SEO plugin. -->","yoast_head_json":{"title":"\u00bfC\u00f3mo lavar las mascarillas de tela reutilizables? | Teka Espa\u00f1a","description":"Las mascarillas reutilizables son una gran opci\u00f3n pero necesitan un cuidado especial. Vamos a ver c\u00f3mo lavar mascarillas de tela.","robots":{"index":"index","follow":"follow","max-snippet":"max-snippet:-1","max-image-preview":"max-image-preview:large","max-video-preview":"max-video-preview:-1"},"canonical":"https:\/\/www.teka.com\/es-es\/inspiracion\/consejos-y-mantenimiento\/limpieza\/como-lavar-las-mascarillas-de-tela-reutilizables\/","og_locale":"es_ES","og_type":"article","og_title":"\u00bfC\u00f3mo lavar las mascarillas de tela reutilizables?","og_description":"Las mascarillas reutilizables son una gran opci\u00f3n pero necesitan un cuidado especial. Vamos a ver c\u00f3mo lavar mascarillas de tela.","og_url":"https:\/\/www.teka.com\/es-es\/inspiracion\/consejos-y-mantenimiento\/limpieza\/como-lavar-las-mascarillas-de-tela-reutilizables\/","og_site_name":"Teka Espa\u00f1a","article_published_time":"2021-02-25T11:58:27+00:00","og_image":[{"width":700,"height":436,"url":"https:\/\/www.teka.com\/es-es\/wp-content\/uploads\/sites\/2\/2021\/02\/co\u0301mo-lavar-las-mascarillas-de-tela-lavadora.jpg","type":"image\/jpeg"}],"author":"lorgana","twitter_card":"summary_large_image","twitter_title":"\u00bfC\u00f3mo lavar las mascarillas de tela reutilizables?","twitter_image":"https:\/\/www.teka.com\/es-es\/wp-content\/uploads\/sites\/2\/2021\/02\/co\u0301mo-lavar-las-mascarillas-de-tela-lavadora.jpg","twitter_misc":{"Escrito por":"lorgana","Tiempo de lectura":"5 minutos"},"schema":{"@context":"https:\/\/schema.org","@graph":[{"@type":"Article","@id":"https:\/\/www.teka.com\/es-es\/inspiracion\/consejos-y-mantenimiento\/limpieza\/como-lavar-las-mascarillas-de-tela-reutilizables\/#article","isPartOf":{"@id":"https:\/\/www.teka.com\/es-es\/inspiracion\/consejos-y-mantenimiento\/limpieza\/como-lavar-las-mascarillas-de-tela-reutilizables\/"},"author":{"name":"lorgana","@id":"https:\/\/www.teka.com\/es-es\/#\/schema\/person\/3c8d01225d6ee8c453254958581e098d"},"headline":"\u00bfC\u00f3mo lavar las mascarillas de tela reutilizables?","datePublished":"2021-02-25T11:58:27+00:00","mainEntityOfPage":{"@id":"https:\/\/www.teka.com\/es-es\/inspiracion\/consejos-y-mantenimiento\/limpieza\/como-lavar-las-mascarillas-de-tela-reutilizables\/"},"wordCount":952,"commentCount":0,"publisher":{"@id":"https:\/\/www.teka.com\/es-es\/#organization"},"image":{"@id":"https:\/\/www.teka.com\/es-es\/inspiracion\/consejos-y-mantenimiento\/limpieza\/como-lavar-las-mascarillas-de-tela-reutilizables\/#primaryimage"},"thumbnailUrl":"https:\/\/www.teka.com\/es-es\/wp-content\/uploads\/sites\/2\/2021\/02\/co\u0301mo-lavar-las-mascarillas-de-tela-lavadora.jpg","articleSection":["Limpieza"],"inLanguage":"es","potentialAction":[{"@type":"CommentAction","name":"Comment","target":["https:\/\/www.teka.com\/es-es\/inspiracion\/consejos-y-mantenimiento\/limpieza\/como-lavar-las-mascarillas-de-tela-reutilizables\/#respond"]}]},{"@type":"WebPage","@id":"https:\/\/www.teka.com\/es-es\/inspiracion\/consejos-y-mantenimiento\/limpieza\/como-lavar-las-mascarillas-de-tela-reutilizables\/","url":"https:\/\/www.teka.com\/es-es\/inspiracion\/consejos-y-mantenimiento\/limpieza\/como-lavar-las-mascarillas-de-tela-reutilizables\/","name":"\u00bfC\u00f3mo lavar las mascarillas de tela reutilizables? | Teka Espa\u00f1a","isPartOf":{"@id":"https:\/\/www.teka.com\/es-es\/#website"},"primaryImageOfPage":{"@id":"https:\/\/www.teka.com\/es-es\/inspiracion\/consejos-y-mantenimiento\/limpieza\/como-lavar-las-mascarillas-de-tela-reutilizables\/#primaryimage"},"image":{"@id":"https:\/\/www.teka.com\/es-es\/inspiracion\/consejos-y-mantenimiento\/limpieza\/como-lavar-las-mascarillas-de-tela-reutilizables\/#primaryimage"},"thumbnailUrl":"https:\/\/www.teka.com\/es-es\/wp-content\/uploads\/sites\/2\/2021\/02\/co\u0301mo-lavar-las-mascarillas-de-tela-lavadora.jpg","datePublished":"2021-02-25T11:58:27+00:00","description":"Las mascarillas reutilizables son una gran opci\u00f3n pero necesitan un cuidado especial. Vamos a ver c\u00f3mo lavar mascarillas de tela.","inLanguage":"es","potentialAction":[{"@type":"ReadAction","target":["https:\/\/www.teka.com\/es-es\/inspiracion\/consejos-y-mantenimiento\/limpieza\/como-lavar-las-mascarillas-de-tela-reutilizables\/"]}]},{"@type":"ImageObject","inLanguage":"es","@id":"https:\/\/www.teka.com\/es-es\/inspiracion\/consejos-y-mantenimiento\/limpieza\/como-lavar-las-mascarillas-de-tela-reutilizables\/#primaryimage","url":"https:\/\/www.teka.com\/es-es\/wp-content\/uploads\/sites\/2\/2021\/02\/co\u0301mo-lavar-las-mascarillas-de-tela-lavadora.jpg","contentUrl":"https:\/\/www.teka.com\/es-es\/wp-content\/uploads\/sites\/2\/2021\/02\/co\u0301mo-lavar-las-mascarillas-de-tela-lavadora.jpg","width":700,"height":436,"caption":"c\u00f3mo lavar mascarillas tela"},{"@type":"WebSite","@id":"https:\/\/www.teka.com\/es-es\/#website","url":"https:\/\/www.teka.com\/es-es\/","name":"Teka Espa\u00f1a","description":"","publisher":{"@id":"https:\/\/www.teka.com\/es-es\/#organization"},"potentialAction":[{"@type":"SearchAction","target":{"@type":"EntryPoint","urlTemplate":"https:\/\/www.teka.com\/es-es\/?s={search_term_string}"},"query-input":{"@type":"PropertyValueSpecification","valueRequired":true,"valueName":"search_term_string"}}],"inLanguage":"es"},{"@type":"Organization","@id":"https:\/\/www.teka.com\/es-es\/#organization","name":"Teka Espa\u00f1a","url":"https:\/\/www.teka.com\/es-es\/","logo":{"@type":"ImageObject","inLanguage":"es","@id":"https:\/\/www.teka.com\/es-es\/#\/schema\/logo\/image\/","url":"https:\/\/www.teka.com\/es-es\/wp-content\/uploads\/sites\/2\/2020\/08\/teka-new-logo.png","contentUrl":"https:\/\/www.teka.com\/es-es\/wp-content\/uploads\/sites\/2\/2020\/08\/teka-new-logo.png","width":1024,"height":1024,"caption":"Teka Espa\u00f1a"},"image":{"@id":"https:\/\/www.teka.com\/es-es\/#\/schema\/logo\/image\/"}},{"@type":"Person","@id":"https:\/\/www.teka.com\/es-es\/#\/schema\/person\/3c8d01225d6ee8c453254958581e098d","name":"lorgana","image":{"@type":"ImageObject","inLanguage":"es","@id":"https:\/\/secure.gravatar.com\/avatar\/85a1208c099e6872d44fb66cd1e58fd64310486e35e5a44526b47a239681dfc7?s=96&d=mm&r=g","url":"https:\/\/secure.gravatar.com\/avatar\/85a1208c099e6872d44fb66cd1e58fd64310486e35e5a44526b47a239681dfc7?s=96&d=mm&r=g","contentUrl":"https:\/\/secure.gravatar.com\/avatar\/85a1208c099e6872d44fb66cd1e58fd64310486e35e5a44526b47a239681dfc7?s=96&d=mm&r=g","caption":"lorgana"}}]}},"_links":{"self":[{"href":"https:\/\/www.teka.com\/es-es\/wp-json\/wp\/v2\/posts\/90776","targetHints":{"allow":["GET"]}}],"collection":[{"href":"https:\/\/www.teka.com\/es-es\/wp-json\/wp\/v2\/posts"}],"about":[{"href":"https:\/\/www.teka.com\/es-es\/wp-json\/wp\/v2\/types\/post"}],"author":[{"embeddable":true,"href":"https:\/\/www.teka.com\/es-es\/wp-json\/wp\/v2\/users\/50"}],"replies":[{"embeddable":true,"href":"https:\/\/www.teka.com\/es-es\/wp-json\/wp\/v2\/comments?post=90776"}],"version-history":[{"count":3,"href":"https:\/\/www.teka.com\/es-es\/wp-json\/wp\/v2\/posts\/90776\/revisions"}],"predecessor-version":[{"id":90832,"href":"https:\/\/www.teka.com\/es-es\/wp-json\/wp\/v2\/posts\/90776\/revisions\/90832"}],"wp:featuredmedia":[{"embeddable":true,"href":"https:\/\/www.teka.com\/es-es\/wp-json\/wp\/v2\/media\/90826"}],"wp:attachment":[{"href":"https:\/\/www.teka.com\/es-es\/wp-json\/wp\/v2\/media?parent=90776"}],"wp:term":[{"taxonomy":"category","embeddable":true,"href":"https:\/\/www.teka.com\/es-es\/wp-json\/wp\/v2\/categories?post=90776"},{"taxonomy":"post_tag","embeddable":true,"href":"https:\/\/www.teka.com\/es-es\/wp-json\/wp\/v2\/tags?post=90776"}],"curies":[{"name":"wp","href":"https:\/\/api.w.org\/{rel}","templated":true}]}}