{"id":91852,"date":"2021-03-29T10:25:06","date_gmt":"2021-03-29T08:25:06","guid":{"rendered":"https:\/\/www.teka.com\/es-es\/?p=91852"},"modified":"2021-03-30T10:30:39","modified_gmt":"2021-03-30T08:30:39","slug":"alimentos-de-temporada-en-primavera","status":"publish","type":"post","link":"https:\/\/www.teka.com\/es-es\/inspiracion\/recetas-y-gastronomia\/alimentos-de-temporada-en-primavera\/","title":{"rendered":"Alimentos de temporada en primavera"},"content":{"rendered":"<p>Es verdad que los entretiempos son complicados an\u00edmicamente pero tambi\u00e9n es cierto que se nos enamora un poco el alma, como en la tonadilla, cuando llega la primavera. No todo van a ser estornudos y astenia. Tambi\u00e9n llega el <strong>buen tiempo<\/strong> y sentir otra vez la calidez del sol en la piel junto a los colores vivos de la estaci\u00f3n nos pone de <strong>buen humor.<\/strong> Por supuesto, tambi\u00e9n nos llegan los preciados <strong>alimentos de temporada<\/strong>, los protagonistas de este post para ayudarnos a explicarte los beneficios de una alimentaci\u00f3n <a href=\"https:\/\/www.teka.com\/es-es\/inspiracion\/recetas-y-gastronomia\/8-platos-sanos-para-cocinar-en-pocos-minutos\/\" target=\"_blank\" rel=\"noopener\">sana<\/a> y equilibrada.<\/p>\n<p>A modo de examen sorpresa: \u00bfqu\u00e9 frutas y verduras de primavera conoces? Te soplamos algunos nombres para la cesta de la compra.<\/p>\n<h2>Alimentos de temporada en primavera<\/h2>\n<p>Cada<strong> estaci\u00f3n lleva asociados unos alimentos concretos<\/strong> que podemos consumir de mano de la gastronom\u00eda m\u00e1s tradicional. Nuestros abuelos disfrutaban de las<strong> cosechas de temporada<\/strong> y de las conservas caseras que preparaban con los productos frescos para disfrutarlos en los meses posteriores.<\/p>\n<p>Hoy en d\u00eda, tenemos la opci\u00f3n de comer pr\u00e1cticamente todo tipo de alimentos fuera de temporada. Sin embargo, cada vez compramos con m\u00e1s consciencia y nos interesamos por el origen de lo que comemos.<\/p>\n<p>Un apunte extra es que la <a href=\"https:\/\/www.cookinglovers.com\/es\/articulo\/66280\/consejos-y-trucos\/5-trucos-faciles-y-rapidos-para-cortar-fruta\/\" target=\"_blank\" rel=\"noopener\">fruta<\/a> y verdura de temporada es m\u00e1s <a href=\"https:\/\/www.teka.com\/es-es\/inspiracion\/consejos-y-mantenimiento\/10-consejos-para-ahorrar-energia-que-haran-tu-economia-mas-llevadera\/\" target=\"_blank\" rel=\"noopener\">econ\u00f3mica<\/a>, en general. Ya sabes, eso de comer naranjas en agosto y uvas en abril, depende de d\u00f3nde est\u00e9s ubicado, puede salir caro.<\/p>\n<p><img loading=\"lazy\" decoding=\"async\" class=\"alignnone size-full wp-image-65620\" src=\"https:\/\/www.teka.com\/es-es\/wp-content\/uploads\/sites\/2\/2019\/07\/que-es-real-food.jpg\" alt=\"\" width=\"700\" height=\"436\" srcset=\"https:\/\/www.teka.com\/es-es\/wp-content\/uploads\/sites\/2\/2019\/07\/que-es-real-food.jpg 700w, https:\/\/www.teka.com\/es-es\/wp-content\/uploads\/sites\/2\/2019\/07\/que-es-real-food-300x187.jpg 300w, https:\/\/www.teka.com\/es-es\/wp-content\/uploads\/sites\/2\/2019\/07\/que-es-real-food-400x250.jpg 400w\" sizes=\"(max-width: 700px) 100vw, 700px\" \/><\/p>\n<h2>Frutas de temporada en primavera<\/h2>\n<p>C\u00edtricos como <a href=\"https:\/\/www.teka.com\/es-es\/inspiracion\/recetas-y-gastronomia\/llena-tu-frigorifico-de-vitamina-c\/\">las naranjas, las mandarinas<\/a> o los kiwis van quedando atr\u00e1s y hacen su aparici\u00f3n las jugosas frutas primaverales. Entre las estrellas del men\u00fa tenemos: cerezas, albaricoques, <a href=\"https:\/\/www.cookinglovers.com\/es\/recetas\/crumble-de-manzana-y-arandanos\" target=\"_blank\" rel=\"noopener\">ar\u00e1ndanos<\/a>, fresones, ciruelas, n\u00edsperos, peras, pl\u00e1tanos, frutos rojos, pi\u00f1a, melocot\u00f3n, manzanas, nectarinas, mel\u00f3n y papaya.<\/p>\n<p>Queremos destacar el gran poder nutritivo de las <a href=\"https:\/\/www.cookinglovers.com\/es\/recetas\/parfait-de-fresas-remolacha-y-chia\" target=\"_blank\" rel=\"noopener\">fresas<\/a>, <a href=\"https:\/\/www.cookinglovers.com\/es\/recetas\/gallete-de-ciruelas\" target=\"_blank\" rel=\"noopener\">ciruelas<\/a> y cerezas y adem\u00e1s la versatilidad para introducirlas en la dieta.<\/p>\n<p><img loading=\"lazy\" decoding=\"async\" class=\"alignnone size-full wp-image-66286\" src=\"https:\/\/www.teka.com\/es-es\/wp-content\/uploads\/sites\/2\/2019\/09\/trucos-para-cortar-frutas.jpg\" alt=\"trucos con frutas\" width=\"700\" height=\"436\" srcset=\"https:\/\/www.teka.com\/es-es\/wp-content\/uploads\/sites\/2\/2019\/09\/trucos-para-cortar-frutas.jpg 700w, https:\/\/www.teka.com\/es-es\/wp-content\/uploads\/sites\/2\/2019\/09\/trucos-para-cortar-frutas-300x187.jpg 300w, https:\/\/www.teka.com\/es-es\/wp-content\/uploads\/sites\/2\/2019\/09\/trucos-para-cortar-frutas-400x250.jpg 400w\" sizes=\"(max-width: 700px) 100vw, 700px\" \/><\/p>\n<p>Las <strong>fresas <\/strong>son uno de las <strong>frutas de temporada<\/strong> estrella de estos meses en los que el tiempo ya comienza a ser c\u00e1lido. Son muy ricas en <a href=\"https:\/\/www.teka.com\/es-es\/inspiracion\/recetas-y-gastronomia\/llena-tu-frigorifico-de-vitamina-c\/\" target=\"_blank\" rel=\"noopener\">vitamina C<\/a>, minerales como el cobre y el magnesio, y \u00e1cido f\u00f3lico. Adem\u00e1s, por su alto contenido en fibra, resultan depurativas y convenientes para eliminar las <a href=\"https:\/\/www.teka.com\/es-es\/inspiracion\/recetas-y-gastronomia\/alimentos-para-mejorar-el-sistema-inmune\/\" target=\"_blank\" rel=\"noopener\">toxinas<\/a> del organismo. Nos ayudan a eliminar l\u00edquidos y a disminuir los niveles de colesterol. Y est\u00e1n buen\u00edsimas (argumento de peso donde los haya).<\/p>\n<p>En cuanto a las <strong>ciruelas<\/strong>, son la elecci\u00f3n perfecta si quieres controlar los kilos, pues apenas tienen calor\u00edas. Su alto porcentaje en agua las convierten en un potente hidratante. Adem\u00e1s, favorecen la digesti\u00f3n. Tambi\u00e9n son ricas en fibra, vitaminas A, C y E, hierro, calcio y magnesio.<\/p>\n<p>Por \u00faltimo, las <strong>cerezas <\/strong>son ricas en potasio y antocianina, un antioxidante que nos ayuda a prevenir enfermedades como la diabetes. Si padeces insomnio, consumir cerezas un rato antes de dormir te ser\u00e1 de gran ayuda, pues contienen <strong>melatonina<\/strong> que facilita un descanso reparador, que buena falta hace.<\/p>\n<h2>Verduras de temporada<\/h2>\n<p>Aunque en primavera a\u00fan podemos saborear muchas <a href=\"https:\/\/www.cookinglovers.com\/es\/recetas\/crema-de-verduras\" target=\"_blank\" rel=\"noopener\">verduras<\/a> de los meses m\u00e1s fr\u00edos, vamos incorporando alguna m\u00e1s junto a las hortalizas que se cosechan en primavera: lechuga, zanahoria, r\u00e1bano, <a href=\"https:\/\/www.cookinglovers.com\/es\/recetas\/crema-de-alcachofas-con-crujiente-de-jamon\" target=\"_blank\" rel=\"noopener\">alcachofas<\/a>, acelgas, <a href=\"https:\/\/www.cookinglovers.com\/es\/recetas\/galette-de-cebolla-y-puerros\" target=\"_blank\" rel=\"noopener\">puerro<\/a>, cebolla, br\u00f3coli, coles, esp\u00e1rrago, <a href=\"https:\/\/www.cookinglovers.com\/es\/recetas\/rosti-de-calabacin\" target=\"_blank\" rel=\"noopener\">calabac\u00edn<\/a>, <a href=\"https:\/\/www.cookinglovers.com\/es\/recetas\/berenjenas-con-miel-de-cana-al-estilo-asiatico\" target=\"_blank\" rel=\"noopener\">berenjena<\/a>, hinojo, tomate, pepino, patata nueva, calabaza y ajos tiernos.<\/p>\n<p><img loading=\"lazy\" decoding=\"async\" class=\"alignnone size-full wp-image-65623\" src=\"https:\/\/www.teka.com\/es-es\/wp-content\/uploads\/sites\/2\/2019\/07\/real-food-que\u0301-es.jpg\" alt=\"que es real food\" width=\"700\" height=\"436\" srcset=\"https:\/\/www.teka.com\/es-es\/wp-content\/uploads\/sites\/2\/2019\/07\/real-food-que\u0301-es.jpg 700w, https:\/\/www.teka.com\/es-es\/wp-content\/uploads\/sites\/2\/2019\/07\/real-food-que\u0301-es-300x187.jpg 300w, https:\/\/www.teka.com\/es-es\/wp-content\/uploads\/sites\/2\/2019\/07\/real-food-que\u0301-es-400x250.jpg 400w\" sizes=\"(max-width: 700px) 100vw, 700px\" \/><\/p>\n<p>Hacemos hincapi\u00e9 en el <strong>esp\u00e1rrago verde<\/strong>, gran fuente de vitaminas, potasio, magnesio y f\u00f3sforo. Ayuda a controlar la tensi\u00f3n arterial y tienen efecto diur\u00e9tico. Adem\u00e1s, el \u00e1cido f\u00f3lico que contiene es el mejor aliado para una piel sana.<\/p>\n<p>El <strong>calabac\u00edn <\/strong>es otra de las verduras m\u00e1s recomendables para los meses de primavera y verano por su alto poder hidratante. M\u00e1s del 98 % es agua. As\u00ed pues, est\u00e1 recomendado para prevenir piedras en el ri\u00f1\u00f3n y para socorrerte cuando no sepas qu\u00e9 hacer de primer plato. Que levante la cuchara el que no haya preparado en su vida una o veinte cremas de calabac\u00edn. Su alto contenido en vitamina C, por cierto, reforzar\u00e1 tu <a href=\"https:\/\/www.teka.com\/es-es\/inspiracion\/recetas-y-gastronomia\/food-for-inmunity-la-dieta-para-el-sistema-inmune\/\" target=\"_blank\" rel=\"noopener\">sistema inmune<\/a>.<\/p>\n<h2>Carnes y pescados en primavera<\/h2>\n<p>Por extra\u00f1o que nos pueda parecer, tambi\u00e9n hay pescado y carne de temporada. La explicaci\u00f3n la encontramos en que los animales tienen su propio ciclo biol\u00f3gico, de ah\u00ed que cada uno sea apropiado para consumirlo en una \u00e9poca en concreto.<\/p>\n<p>Estos meses son ideales para aumentar el consumo de <strong>pescado azul<\/strong>: <a href=\"https:\/\/www.cookinglovers.com\/es\/recetas\/ensalada-de-salmon-espinacas-y-fresas\" target=\"_blank\" rel=\"noopener\">salm\u00f3n<\/a>, trucha, arenque, sardina, <a href=\"https:\/\/www.cookinglovers.com\/es\/recetas\/tataki-de-atun\" target=\"_blank\" rel=\"noopener\">at\u00fan<\/a>, jurel y caballa. Por otra parte, puedes disfrutar de\u00a0<a href=\"https:\/\/www.cookinglovers.com\/es\/recetas\/bacalao-con-nata\" target=\"_blank\" rel=\"noopener\">bacalao<\/a> fresco, anguilas, dorada, lenguado, mero, <a href=\"https:\/\/www.cookinglovers.com\/es\/recetas\/merluza-al-papillote\" target=\"_blank\" rel=\"noopener\">merluza<\/a>, pez espada, raya, rape, perca y lubina.<\/p>\n<p><img loading=\"lazy\" decoding=\"async\" class=\"alignnone size-full wp-image-65045\" src=\"https:\/\/www.teka.com\/es-es\/wp-content\/uploads\/sites\/2\/2019\/06\/salmon-contra-estres.jpg\" alt=\"alimentos para estres\" width=\"700\" height=\"436\" srcset=\"https:\/\/www.teka.com\/es-es\/wp-content\/uploads\/sites\/2\/2019\/06\/salmon-contra-estres.jpg 700w, https:\/\/www.teka.com\/es-es\/wp-content\/uploads\/sites\/2\/2019\/06\/salmon-contra-estres-300x187.jpg 300w, https:\/\/www.teka.com\/es-es\/wp-content\/uploads\/sites\/2\/2019\/06\/salmon-contra-estres-400x250.jpg 400w\" sizes=\"(max-width: 700px) 100vw, 700px\" \/><\/p>\n<p>\u00bfY la carne? Aunque podemos consumir distintos tipos de carne durante todo el a\u00f1o, en primavera empieza la veda de <strong>caza.<\/strong> Es el punto que marca la temporada de caza para piezas como el jabal\u00ed, conejo de monte, codorniz, liebre o corzo.<\/p>\n<p>Introducir alimentos de temporada es una opci\u00f3n estupenda si pretendes seguir una <strong>dieta nutritiva y saludable<\/strong> tambi\u00e9n en primavera. Tenemos a nuestro alcance una gran variedad de alimentos naturales aptos para todos los est\u00f3magos.<\/p>\n<p>La alimentaci\u00f3n de temporada nos hace part\u00edcipes de un consumo <strong>responsable y sostenible<\/strong>. Y si adem\u00e1s de llenar la cesta de la compra (o el carrito, del que somos ac\u00e9rrimos seguidores), te animas a pasar a la segunda base, tenemos una buena remesa de <a href=\"https:\/\/www.cookinglovers.com\/es\/\" target=\"_blank\" rel=\"noopener\">recetas<\/a> que giran en torno al ingrediente de temporada que elijas. De hecho, te proponemos ideas de <a href=\"https:\/\/www.cookinglovers.com\/es\/batch-cooking\/\" target=\"_blank\" rel=\"noopener\">men\u00fas semanales<\/a> para ser pr\u00e1cticos y aprovechar tus ingredientes base al m\u00e1ximo sin dejar de lado el sabor. Ya solo te queda ponerte el delantal.<\/p>\n","protected":false},"excerpt":{"rendered":"<p>Es verdad que los entretiempos son complicados an\u00edmicamente pero tambi\u00e9n es cierto que se nos enamora un poco el alma, como en la tonadilla, cuando llega la primavera. No todo van a ser estornudos y astenia. Tambi\u00e9n llega el buen tiempo y sentir otra vez la calidez del sol en la piel junto a los [&hellip;]<\/p>\n","protected":false},"author":50,"featured_media":91870,"comment_status":"open","ping_status":"closed","sticky":false,"template":"","format":"standard","meta":{"_acf_changed":false,"_et_pb_use_builder":"","_et_pb_old_content":"","_et_gb_content_width":"","footnotes":""},"categories":[2807],"tags":[],"class_list":["post-91852","post","type-post","status-publish","format-standard","has-post-thumbnail","hentry","category-recetas-y-gastronomia"],"acf":[],"yoast_head":"<!-- This site is optimized with the Yoast SEO plugin v27.2 - https:\/\/yoast.com\/product\/yoast-seo-wordpress\/ -->\n<title>Alimentos de temporada en primavera | Teka Espa\u00f1a<\/title>\n<meta name=\"description\" content=\"Alimentos de temporada como sin\u00f3nimo de alimentaci\u00f3n saludable y equilibrada. Te damos la clave para elegir el producto fresco en primavera.\" \/>\n<meta name=\"robots\" content=\"index, follow, max-snippet:-1, max-image-preview:large, max-video-preview:-1\" \/>\n<link rel=\"canonical\" href=\"https:\/\/www.teka.com\/es-es\/inspiracion\/recetas-y-gastronomia\/alimentos-de-temporada-en-primavera\/\" \/>\n<meta property=\"og:locale\" content=\"es_ES\" \/>\n<meta property=\"og:type\" content=\"article\" \/>\n<meta property=\"og:title\" content=\"Alimentos de temporada en primavera\" \/>\n<meta property=\"og:description\" content=\"Alimentos de temporada como sin\u00f3nimo de alimentaci\u00f3n saludable y equilibrada. Te damos la clave para elegir el producto fresco en primavera.\" \/>\n<meta property=\"og:url\" content=\"https:\/\/www.teka.com\/es-es\/inspiracion\/recetas-y-gastronomia\/alimentos-de-temporada-en-primavera\/\" \/>\n<meta property=\"og:site_name\" content=\"Teka Espa\u00f1a\" \/>\n<meta property=\"article:published_time\" content=\"2021-03-29T08:25:06+00:00\" \/>\n<meta property=\"article:modified_time\" content=\"2021-03-30T08:30:39+00:00\" \/>\n<meta property=\"og:image\" content=\"https:\/\/www.teka.com\/es-es\/wp-content\/uploads\/sites\/2\/2021\/03\/alimentos-para-primavera.gif\" \/>\n\t<meta property=\"og:image:width\" content=\"700\" \/>\n\t<meta property=\"og:image:height\" content=\"436\" \/>\n\t<meta property=\"og:image:type\" content=\"image\/gif\" \/>\n<meta name=\"author\" content=\"lorgana\" \/>\n<meta name=\"twitter:card\" content=\"summary_large_image\" \/>\n<meta name=\"twitter:title\" content=\"Alimentos de temporada en primavera\" \/>\n<meta name=\"twitter:image\" content=\"https:\/\/www.teka.com\/es-es\/wp-content\/uploads\/sites\/2\/2021\/03\/alimentos-para-primavera.gif\" \/>\n<meta name=\"twitter:label1\" content=\"Escrito por\" \/>\n\t<meta name=\"twitter:data1\" content=\"lorgana\" \/>\n\t<meta name=\"twitter:label2\" content=\"Tiempo de lectura\" \/>\n\t<meta name=\"twitter:data2\" content=\"5 minutos\" \/>\n<script type=\"application\/ld+json\" class=\"yoast-schema-graph\">{\"@context\":\"https:\/\/schema.org\",\"@graph\":[{\"@type\":\"Article\",\"@id\":\"https:\/\/www.teka.com\/es-es\/inspiracion\/recetas-y-gastronomia\/alimentos-de-temporada-en-primavera\/#article\",\"isPartOf\":{\"@id\":\"https:\/\/www.teka.com\/es-es\/inspiracion\/recetas-y-gastronomia\/alimentos-de-temporada-en-primavera\/\"},\"author\":{\"name\":\"lorgana\",\"@id\":\"https:\/\/www.teka.com\/es-es\/#\/schema\/person\/3c8d01225d6ee8c453254958581e098d\"},\"headline\":\"Alimentos de temporada en primavera\",\"datePublished\":\"2021-03-29T08:25:06+00:00\",\"dateModified\":\"2021-03-30T08:30:39+00:00\",\"mainEntityOfPage\":{\"@id\":\"https:\/\/www.teka.com\/es-es\/inspiracion\/recetas-y-gastronomia\/alimentos-de-temporada-en-primavera\/\"},\"wordCount\":961,\"commentCount\":0,\"publisher\":{\"@id\":\"https:\/\/www.teka.com\/es-es\/#organization\"},\"image\":{\"@id\":\"https:\/\/www.teka.com\/es-es\/inspiracion\/recetas-y-gastronomia\/alimentos-de-temporada-en-primavera\/#primaryimage\"},\"thumbnailUrl\":\"https:\/\/www.teka.com\/es-es\/wp-content\/uploads\/sites\/2\/2021\/03\/alimentos-para-primavera.gif\",\"articleSection\":[\"Recetas y gastronom\u00eda\"],\"inLanguage\":\"es\",\"potentialAction\":[{\"@type\":\"CommentAction\",\"name\":\"Comment\",\"target\":[\"https:\/\/www.teka.com\/es-es\/inspiracion\/recetas-y-gastronomia\/alimentos-de-temporada-en-primavera\/#respond\"]}]},{\"@type\":\"WebPage\",\"@id\":\"https:\/\/www.teka.com\/es-es\/inspiracion\/recetas-y-gastronomia\/alimentos-de-temporada-en-primavera\/\",\"url\":\"https:\/\/www.teka.com\/es-es\/inspiracion\/recetas-y-gastronomia\/alimentos-de-temporada-en-primavera\/\",\"name\":\"Alimentos de temporada en primavera | Teka Espa\u00f1a\",\"isPartOf\":{\"@id\":\"https:\/\/www.teka.com\/es-es\/#website\"},\"primaryImageOfPage\":{\"@id\":\"https:\/\/www.teka.com\/es-es\/inspiracion\/recetas-y-gastronomia\/alimentos-de-temporada-en-primavera\/#primaryimage\"},\"image\":{\"@id\":\"https:\/\/www.teka.com\/es-es\/inspiracion\/recetas-y-gastronomia\/alimentos-de-temporada-en-primavera\/#primaryimage\"},\"thumbnailUrl\":\"https:\/\/www.teka.com\/es-es\/wp-content\/uploads\/sites\/2\/2021\/03\/alimentos-para-primavera.gif\",\"datePublished\":\"2021-03-29T08:25:06+00:00\",\"dateModified\":\"2021-03-30T08:30:39+00:00\",\"description\":\"Alimentos de temporada como sin\u00f3nimo de alimentaci\u00f3n saludable y equilibrada. Te damos la clave para elegir el producto fresco en primavera.\",\"inLanguage\":\"es\",\"potentialAction\":[{\"@type\":\"ReadAction\",\"target\":[\"https:\/\/www.teka.com\/es-es\/inspiracion\/recetas-y-gastronomia\/alimentos-de-temporada-en-primavera\/\"]}]},{\"@type\":\"ImageObject\",\"inLanguage\":\"es\",\"@id\":\"https:\/\/www.teka.com\/es-es\/inspiracion\/recetas-y-gastronomia\/alimentos-de-temporada-en-primavera\/#primaryimage\",\"url\":\"https:\/\/www.teka.com\/es-es\/wp-content\/uploads\/sites\/2\/2021\/03\/alimentos-para-primavera.gif\",\"contentUrl\":\"https:\/\/www.teka.com\/es-es\/wp-content\/uploads\/sites\/2\/2021\/03\/alimentos-para-primavera.gif\",\"width\":700,\"height\":436,\"caption\":\"alimentos de primavera\"},{\"@type\":\"WebSite\",\"@id\":\"https:\/\/www.teka.com\/es-es\/#website\",\"url\":\"https:\/\/www.teka.com\/es-es\/\",\"name\":\"Teka Espa\u00f1a\",\"description\":\"\",\"publisher\":{\"@id\":\"https:\/\/www.teka.com\/es-es\/#organization\"},\"potentialAction\":[{\"@type\":\"SearchAction\",\"target\":{\"@type\":\"EntryPoint\",\"urlTemplate\":\"https:\/\/www.teka.com\/es-es\/?s={search_term_string}\"},\"query-input\":{\"@type\":\"PropertyValueSpecification\",\"valueRequired\":true,\"valueName\":\"search_term_string\"}}],\"inLanguage\":\"es\"},{\"@type\":\"Organization\",\"@id\":\"https:\/\/www.teka.com\/es-es\/#organization\",\"name\":\"Teka Espa\u00f1a\",\"url\":\"https:\/\/www.teka.com\/es-es\/\",\"logo\":{\"@type\":\"ImageObject\",\"inLanguage\":\"es\",\"@id\":\"https:\/\/www.teka.com\/es-es\/#\/schema\/logo\/image\/\",\"url\":\"https:\/\/www.teka.com\/es-es\/wp-content\/uploads\/sites\/2\/2020\/08\/teka-new-logo.png\",\"contentUrl\":\"https:\/\/www.teka.com\/es-es\/wp-content\/uploads\/sites\/2\/2020\/08\/teka-new-logo.png\",\"width\":1024,\"height\":1024,\"caption\":\"Teka Espa\u00f1a\"},\"image\":{\"@id\":\"https:\/\/www.teka.com\/es-es\/#\/schema\/logo\/image\/\"}},{\"@type\":\"Person\",\"@id\":\"https:\/\/www.teka.com\/es-es\/#\/schema\/person\/3c8d01225d6ee8c453254958581e098d\",\"name\":\"lorgana\",\"image\":{\"@type\":\"ImageObject\",\"inLanguage\":\"es\",\"@id\":\"https:\/\/secure.gravatar.com\/avatar\/85a1208c099e6872d44fb66cd1e58fd64310486e35e5a44526b47a239681dfc7?s=96&d=mm&r=g\",\"url\":\"https:\/\/secure.gravatar.com\/avatar\/85a1208c099e6872d44fb66cd1e58fd64310486e35e5a44526b47a239681dfc7?s=96&d=mm&r=g\",\"contentUrl\":\"https:\/\/secure.gravatar.com\/avatar\/85a1208c099e6872d44fb66cd1e58fd64310486e35e5a44526b47a239681dfc7?s=96&d=mm&r=g\",\"caption\":\"lorgana\"}}]}<\/script>\n<!-- \/ Yoast SEO plugin. -->","yoast_head_json":{"title":"Alimentos de temporada en primavera | Teka Espa\u00f1a","description":"Alimentos de temporada como sin\u00f3nimo de alimentaci\u00f3n saludable y equilibrada. Te damos la clave para elegir el producto fresco en primavera.","robots":{"index":"index","follow":"follow","max-snippet":"max-snippet:-1","max-image-preview":"max-image-preview:large","max-video-preview":"max-video-preview:-1"},"canonical":"https:\/\/www.teka.com\/es-es\/inspiracion\/recetas-y-gastronomia\/alimentos-de-temporada-en-primavera\/","og_locale":"es_ES","og_type":"article","og_title":"Alimentos de temporada en primavera","og_description":"Alimentos de temporada como sin\u00f3nimo de alimentaci\u00f3n saludable y equilibrada. Te damos la clave para elegir el producto fresco en primavera.","og_url":"https:\/\/www.teka.com\/es-es\/inspiracion\/recetas-y-gastronomia\/alimentos-de-temporada-en-primavera\/","og_site_name":"Teka Espa\u00f1a","article_published_time":"2021-03-29T08:25:06+00:00","article_modified_time":"2021-03-30T08:30:39+00:00","og_image":[{"width":700,"height":436,"url":"https:\/\/www.teka.com\/es-es\/wp-content\/uploads\/sites\/2\/2021\/03\/alimentos-para-primavera.gif","type":"image\/gif"}],"author":"lorgana","twitter_card":"summary_large_image","twitter_title":"Alimentos de temporada en primavera","twitter_image":"https:\/\/www.teka.com\/es-es\/wp-content\/uploads\/sites\/2\/2021\/03\/alimentos-para-primavera.gif","twitter_misc":{"Escrito por":"lorgana","Tiempo de lectura":"5 minutos"},"schema":{"@context":"https:\/\/schema.org","@graph":[{"@type":"Article","@id":"https:\/\/www.teka.com\/es-es\/inspiracion\/recetas-y-gastronomia\/alimentos-de-temporada-en-primavera\/#article","isPartOf":{"@id":"https:\/\/www.teka.com\/es-es\/inspiracion\/recetas-y-gastronomia\/alimentos-de-temporada-en-primavera\/"},"author":{"name":"lorgana","@id":"https:\/\/www.teka.com\/es-es\/#\/schema\/person\/3c8d01225d6ee8c453254958581e098d"},"headline":"Alimentos de temporada en primavera","datePublished":"2021-03-29T08:25:06+00:00","dateModified":"2021-03-30T08:30:39+00:00","mainEntityOfPage":{"@id":"https:\/\/www.teka.com\/es-es\/inspiracion\/recetas-y-gastronomia\/alimentos-de-temporada-en-primavera\/"},"wordCount":961,"commentCount":0,"publisher":{"@id":"https:\/\/www.teka.com\/es-es\/#organization"},"image":{"@id":"https:\/\/www.teka.com\/es-es\/inspiracion\/recetas-y-gastronomia\/alimentos-de-temporada-en-primavera\/#primaryimage"},"thumbnailUrl":"https:\/\/www.teka.com\/es-es\/wp-content\/uploads\/sites\/2\/2021\/03\/alimentos-para-primavera.gif","articleSection":["Recetas y gastronom\u00eda"],"inLanguage":"es","potentialAction":[{"@type":"CommentAction","name":"Comment","target":["https:\/\/www.teka.com\/es-es\/inspiracion\/recetas-y-gastronomia\/alimentos-de-temporada-en-primavera\/#respond"]}]},{"@type":"WebPage","@id":"https:\/\/www.teka.com\/es-es\/inspiracion\/recetas-y-gastronomia\/alimentos-de-temporada-en-primavera\/","url":"https:\/\/www.teka.com\/es-es\/inspiracion\/recetas-y-gastronomia\/alimentos-de-temporada-en-primavera\/","name":"Alimentos de temporada en primavera | Teka Espa\u00f1a","isPartOf":{"@id":"https:\/\/www.teka.com\/es-es\/#website"},"primaryImageOfPage":{"@id":"https:\/\/www.teka.com\/es-es\/inspiracion\/recetas-y-gastronomia\/alimentos-de-temporada-en-primavera\/#primaryimage"},"image":{"@id":"https:\/\/www.teka.com\/es-es\/inspiracion\/recetas-y-gastronomia\/alimentos-de-temporada-en-primavera\/#primaryimage"},"thumbnailUrl":"https:\/\/www.teka.com\/es-es\/wp-content\/uploads\/sites\/2\/2021\/03\/alimentos-para-primavera.gif","datePublished":"2021-03-29T08:25:06+00:00","dateModified":"2021-03-30T08:30:39+00:00","description":"Alimentos de temporada como sin\u00f3nimo de alimentaci\u00f3n saludable y equilibrada. Te damos la clave para elegir el producto fresco en primavera.","inLanguage":"es","potentialAction":[{"@type":"ReadAction","target":["https:\/\/www.teka.com\/es-es\/inspiracion\/recetas-y-gastronomia\/alimentos-de-temporada-en-primavera\/"]}]},{"@type":"ImageObject","inLanguage":"es","@id":"https:\/\/www.teka.com\/es-es\/inspiracion\/recetas-y-gastronomia\/alimentos-de-temporada-en-primavera\/#primaryimage","url":"https:\/\/www.teka.com\/es-es\/wp-content\/uploads\/sites\/2\/2021\/03\/alimentos-para-primavera.gif","contentUrl":"https:\/\/www.teka.com\/es-es\/wp-content\/uploads\/sites\/2\/2021\/03\/alimentos-para-primavera.gif","width":700,"height":436,"caption":"alimentos de primavera"},{"@type":"WebSite","@id":"https:\/\/www.teka.com\/es-es\/#website","url":"https:\/\/www.teka.com\/es-es\/","name":"Teka Espa\u00f1a","description":"","publisher":{"@id":"https:\/\/www.teka.com\/es-es\/#organization"},"potentialAction":[{"@type":"SearchAction","target":{"@type":"EntryPoint","urlTemplate":"https:\/\/www.teka.com\/es-es\/?s={search_term_string}"},"query-input":{"@type":"PropertyValueSpecification","valueRequired":true,"valueName":"search_term_string"}}],"inLanguage":"es"},{"@type":"Organization","@id":"https:\/\/www.teka.com\/es-es\/#organization","name":"Teka Espa\u00f1a","url":"https:\/\/www.teka.com\/es-es\/","logo":{"@type":"ImageObject","inLanguage":"es","@id":"https:\/\/www.teka.com\/es-es\/#\/schema\/logo\/image\/","url":"https:\/\/www.teka.com\/es-es\/wp-content\/uploads\/sites\/2\/2020\/08\/teka-new-logo.png","contentUrl":"https:\/\/www.teka.com\/es-es\/wp-content\/uploads\/sites\/2\/2020\/08\/teka-new-logo.png","width":1024,"height":1024,"caption":"Teka Espa\u00f1a"},"image":{"@id":"https:\/\/www.teka.com\/es-es\/#\/schema\/logo\/image\/"}},{"@type":"Person","@id":"https:\/\/www.teka.com\/es-es\/#\/schema\/person\/3c8d01225d6ee8c453254958581e098d","name":"lorgana","image":{"@type":"ImageObject","inLanguage":"es","@id":"https:\/\/secure.gravatar.com\/avatar\/85a1208c099e6872d44fb66cd1e58fd64310486e35e5a44526b47a239681dfc7?s=96&d=mm&r=g","url":"https:\/\/secure.gravatar.com\/avatar\/85a1208c099e6872d44fb66cd1e58fd64310486e35e5a44526b47a239681dfc7?s=96&d=mm&r=g","contentUrl":"https:\/\/secure.gravatar.com\/avatar\/85a1208c099e6872d44fb66cd1e58fd64310486e35e5a44526b47a239681dfc7?s=96&d=mm&r=g","caption":"lorgana"}}]}},"_links":{"self":[{"href":"https:\/\/www.teka.com\/es-es\/wp-json\/wp\/v2\/posts\/91852","targetHints":{"allow":["GET"]}}],"collection":[{"href":"https:\/\/www.teka.com\/es-es\/wp-json\/wp\/v2\/posts"}],"about":[{"href":"https:\/\/www.teka.com\/es-es\/wp-json\/wp\/v2\/types\/post"}],"author":[{"embeddable":true,"href":"https:\/\/www.teka.com\/es-es\/wp-json\/wp\/v2\/users\/50"}],"replies":[{"embeddable":true,"href":"https:\/\/www.teka.com\/es-es\/wp-json\/wp\/v2\/comments?post=91852"}],"version-history":[{"count":5,"href":"https:\/\/www.teka.com\/es-es\/wp-json\/wp\/v2\/posts\/91852\/revisions"}],"predecessor-version":[{"id":91871,"href":"https:\/\/www.teka.com\/es-es\/wp-json\/wp\/v2\/posts\/91852\/revisions\/91871"}],"wp:featuredmedia":[{"embeddable":true,"href":"https:\/\/www.teka.com\/es-es\/wp-json\/wp\/v2\/media\/91870"}],"wp:attachment":[{"href":"https:\/\/www.teka.com\/es-es\/wp-json\/wp\/v2\/media?parent=91852"}],"wp:term":[{"taxonomy":"category","embeddable":true,"href":"https:\/\/www.teka.com\/es-es\/wp-json\/wp\/v2\/categories?post=91852"},{"taxonomy":"post_tag","embeddable":true,"href":"https:\/\/www.teka.com\/es-es\/wp-json\/wp\/v2\/tags?post=91852"}],"curies":[{"name":"wp","href":"https:\/\/api.w.org\/{rel}","templated":true}]}}