{"id":21848,"date":"2018-07-25T09:00:32","date_gmt":"2018-07-25T09:00:32","guid":{"rendered":"http:\/\/teka.com\/?p=21848"},"modified":"2018-12-13T14:46:28","modified_gmt":"2018-12-13T13:46:28","slug":"teka-estrena-en-espana-su-nueva-campana-de-comunicacion-a-nivel-mundial","status":"publish","type":"post","link":"https:\/\/www.teka.com\/es-mx\/noticias\/campanas-publicitarias\/teka-estrena-en-espana-su-nueva-campana-de-comunicacion-a-nivel-mundial\/","title":{"rendered":"Teka estrena, en Espa\u00f1a, su nueva campa\u00f1a de comunicaci\u00f3n a nivel mundial"},"content":{"rendered":"<p><strong>Madrid, 25 de julio de 2018.-<\/strong>\u00a0Teka estrena en Espa\u00f1a su nueva campa\u00f1a de comunicaci\u00f3n, donde da a conocer su nuevo posicionamiento de marca a nivel mundial.<\/p>\n<p><iframe loading=\"lazy\" width=\"1080\" height=\"608\" src=\"https:\/\/www.youtube.com\/embed\/aRQDXP3sSNg?feature=oembed\" frameborder=\"0\" allow=\"accelerometer; autoplay; encrypted-media; gyroscope; picture-in-picture\" allowfullscreen><\/iframe><\/p>\n<p>Con esta nueva campa\u00f1a, Teka renueva su imagen, posicion\u00e1ndose como una marca que est\u00e1 cerca de sus clientes y consumidores, entendiendo sus necesidades, e inspirando momentos inolvidables en la cocina a trav\u00e9s de una gama de productos innovadores y con un dise\u00f1o original.<\/p>\n<p>La cocina es m\u00e1s que un simple lugar para preparar los alimentos. Es el espacio donde sucede casi todo lo que nos importa, donde r\u00edes, compartes y sue\u00f1as\u2026 Es el lugar donde las cosas peque\u00f1as se vuelven esenciales. Para Teka, el momento de la comida, y de su preparaci\u00f3n, forman parte de los elementos culturales y emocionales m\u00e1s importantes de nuestro d\u00eda a d\u00eda.<\/p>\n<p>Bajo el lema \u201cDonde se cocina la vida\u201d, Teka\u00a0quiere transmitir que la cocina puede generar experiencias sorprendentes repletas de emociones que se mantienen en nuestros recuerdos durante toda la vida.<\/p>\n<p>Para ello, el anuncio que Teka estrena en Espa\u00f1a y posteriormente se emitir\u00e1 a nivel mundial, se ha rodado en formato cine y nos traslada a una historia que refleja algunas de las emociones que la cocina puede hacernos sentir. La pel\u00edcula est\u00e1 protagonizada por un padre y su hijo, quienes a trav\u00e9s de la memoria y la cocina experimentan un momento \u00fanico. La realizadora de esta conmovedora historia es la reconocida directora argentina Marina Seresesky, nominada a los Premios Goya el a\u00f1o pasado.<\/p>\n<p>Se ha cuidado hasta el \u00faltimo detalle del spot, incluida la m\u00fasica \u201cBird of Sorrow\u201d, para la que se ha contado con el compositor irland\u00e9s Glen Hansard, ganador de un \u00d3scar.<\/p>\n<p>Por su parte, Fran L\u00f3pez, Vicepresidente de Marketing de Grupo Teka, ha destacado que: \u201cCon esta campa\u00f1a, Teka estrena en Espa\u00f1a su nueva campa\u00f1a de comunicaci\u00f3n, donde da a conocer su nuevo posicionamiento de marca a nivel mundial, renovando su imagen y construyendo un v\u00ednculo a\u00fan m\u00e1s potente con los consumidores a trav\u00e9s de las emociones que se viven en la cocina, el centro neur\u00e1lgico de nuestros hogares\u201d. Y a\u00f1ade: \u201c<em>Con esta historia hemos querido reflejar c\u00f3mo la cocina y todos los momentos vividos en ella generan un v\u00ednculo emocional en las personas, y c\u00f3mo, nuestros electrodom\u00e9sticos, facilitan estas emociones a trav\u00e9s de la cocina<\/em>.\u201d<\/p>\n<p>Esta campa\u00f1a es una firme apuesta de Teka, con la que quiere ense\u00f1ar a sus consumidores la receta para disfrutar de las experiencias inolvidables que ofrecen sus soluciones para el equipamiento de la cocina. Una gama de productos que destaca por su herencia alemana. Reconocidos por su durabilidad y calidad.<\/p>\n<p>Natalia Mu\u00f1oz, Directora General y Vicepresidenta de Teka para el Mercado Espa\u00f1a destaca: \u201cEstamos convencidos de que estas emociones van a acompa\u00f1ar a Teka en su creciente incremento de valor en el mercado, y nos van a ayudar a consolidar el importante crecimiento de cuota que venimos experimentado en los \u00faltimos meses. Adem\u00e1s, el hecho de que la campa\u00f1a cuente con productos como la vitrocer\u00e1mica de inducci\u00f3n iKNOB, como actor principal, va a permitir que cada vez m\u00e1s clientes puedan conocer nuestros productos altamente innovadores con los que podr\u00e1n emocionarse y disfrutar en la cocina\u201d.<\/p>\n<p>Esta campa\u00f1a se realizar\u00e1 en televisi\u00f3n, revistas y medios online.<\/p>\n<ul>\n<li><strong>Televisi\u00f3n<\/strong>: Campa\u00f1a a nivel nacional en los principales grupos televisivos,\u00a0<em>Mediaset<\/em>,\u00a0<em>Atresmedia y Movistar TV<\/em>, en la franja horaria de\u00a0<em>prime time<\/em>\u00a0para obtener la m\u00e1xima notoriedad dentro de los programas l\u00edderes para el p\u00fablico objetivo de Teka. Los formatos del spot para la televisi\u00f3n ser\u00e1n de 2 minutos, 30 segundos, y recordatorios de 10 segundos para reforzar el mensaje principal de la campa\u00f1a.<\/li>\n<\/ul>\n<ul>\n<li><strong>Online<\/strong>: la estrategia se basar\u00e1 en una fuerte presencia en medios digitales a nivel nacional afines al\u00a0<em>target<\/em>\u00a0de la marca durante los pr\u00f3ximos meses. Adem\u00e1s, se ha lanzado el microsite\u00a0<a title=\"dondesecocinalavida.com\" href=\"http:\/\/dondesecocinalavida.com\/\" target=\"_blank\" rel=\"noopener\">dondesecocinalavida.com<\/a>, espacio en el que los usuarios podr\u00e1n visualizar la campa\u00f1a, contenido relacionado y compartir sus historias y experiencias relacionadas con la cocina. Teka tambi\u00e9n dar\u00e1 apoyo a la campa\u00f1a a trav\u00e9s de sus canales en las diferentes re<br \/>\ndes sociales.<\/li>\n<\/ul>\n<p>El hashtag oficial de la campa\u00f1a ser\u00e1 #DondeseCocinalaVida, etiqueta mediante la que se compartir\u00e1 contenido desde la marca.<\/p>\n<ul>\n<li><strong>Revistas:\u00a0<\/strong>presencia en las revistas m\u00e1s importantes de decoraci\u00f3n y femeninas, as\u00ed como suplementos y revistas del sector.<\/li>\n<\/ul>\n<p>&nbsp;<\/p>\n<p>&nbsp;<\/p>\n<p class=\"ms-rteFontSize-4\" style=\"text-align: center;\">\n","protected":false},"excerpt":{"rendered":"<p>Madrid, 25 de julio de 2018.-\u00a0Teka estrena en Espa\u00f1a su nueva campa\u00f1a de comunicaci\u00f3n, donde da a conocer su nuevo posicionamiento de marca a nivel mundial. Con esta nueva campa\u00f1a, Teka renueva su imagen, posicion\u00e1ndose como una marca que est\u00e1 cerca de sus clientes y consumidores, entendiendo sus necesidades, e inspirando momentos inolvidables en la [&hellip;]<\/p>\n","protected":false},"author":9,"featured_media":39228,"comment_status":"open","ping_status":"open","sticky":false,"template":"","format":"standard","meta":{"_acf_changed":false,"_et_pb_use_builder":"","_et_pb_old_content":"","_et_gb_content_width":"","footnotes":""},"categories":[2810],"tags":[],"class_list":["post-21848","post","type-post","status-publish","format-standard","has-post-thumbnail","hentry","category-campanas-publicitarias"],"acf":[],"yoast_head":"<!-- This site is optimized with the Yoast SEO plugin v27.2 - https:\/\/yoast.com\/product\/yoast-seo-wordpress\/ -->\n<title>Teka estrena en Espa\u00f1a su nueva campa\u00f1a de comunicaci\u00f3n<\/title>\n<meta name=\"description\" content=\"Teka estrena en Espa\u00f1a su nueva campa\u00f1a de comunicaci\u00f3n, donde da a conocer su nuevo posicionamiento de marca a nivel mundial.\" \/>\n<meta name=\"robots\" content=\"index, follow, max-snippet:-1, max-image-preview:large, max-video-preview:-1\" \/>\n<link rel=\"canonical\" href=\"https:\/\/www.teka.com\/es-mx\/noticias\/campanas-publicitarias\/teka-estrena-en-espana-su-nueva-campana-de-comunicacion-a-nivel-mundial\/\" \/>\n<meta property=\"og:locale\" content=\"es_MX\" \/>\n<meta property=\"og:type\" content=\"article\" \/>\n<meta property=\"og:title\" content=\"Teka estrena en Espa\u00f1a su nueva campa\u00f1a de comunicaci\u00f3n\" \/>\n<meta property=\"og:description\" content=\"Teka estrena en Espa\u00f1a su nueva campa\u00f1a de comunicaci\u00f3n, donde da a conocer su nuevo posicionamiento de marca a nivel mundial.\" \/>\n<meta property=\"og:url\" content=\"https:\/\/www.teka.com\/es-mx\/noticias\/campanas-publicitarias\/teka-estrena-en-espana-su-nueva-campana-de-comunicacion-a-nivel-mundial\/\" \/>\n<meta property=\"og:site_name\" content=\"Teka M\u00e9xico\" \/>\n<meta property=\"article:published_time\" content=\"2018-07-25T09:00:32+00:00\" \/>\n<meta property=\"article:modified_time\" content=\"2018-12-13T13:46:28+00:00\" \/>\n<meta property=\"og:image\" content=\"https:\/\/www.teka.com\/es-mx\/wp-content\/uploads\/sites\/11\/2018\/07\/donde-se-cocina-la-vida-teka.jpg\" \/>\n\t<meta property=\"og:image:width\" content=\"1000\" \/>\n\t<meta property=\"og:image:height\" content=\"512\" \/>\n\t<meta property=\"og:image:type\" content=\"image\/jpeg\" \/>\n<meta name=\"author\" content=\"Teka\" \/>\n<meta name=\"twitter:card\" content=\"summary_large_image\" \/>\n<meta name=\"twitter:label1\" content=\"Escrito por\" \/>\n\t<meta name=\"twitter:data1\" content=\"Teka\" \/>\n\t<meta name=\"twitter:label2\" content=\"Tiempo de lectura\" \/>\n\t<meta name=\"twitter:data2\" content=\"4 minutos\" \/>\n<script type=\"application\/ld+json\" class=\"yoast-schema-graph\">{\"@context\":\"https:\/\/schema.org\",\"@graph\":[{\"@type\":\"Article\",\"@id\":\"https:\/\/www.teka.com\/es-mx\/noticias\/campanas-publicitarias\/teka-estrena-en-espana-su-nueva-campana-de-comunicacion-a-nivel-mundial\/#article\",\"isPartOf\":{\"@id\":\"https:\/\/www.teka.com\/es-mx\/noticias\/campanas-publicitarias\/teka-estrena-en-espana-su-nueva-campana-de-comunicacion-a-nivel-mundial\/\"},\"author\":{\"name\":\"Teka\",\"@id\":\"https:\/\/www.teka.com\/es-mx\/#\/schema\/person\/389c2a8cea37a99bbd0e94669540e27f\"},\"headline\":\"Teka estrena, en Espa\u00f1a, su nueva campa\u00f1a de comunicaci\u00f3n a nivel mundial\",\"datePublished\":\"2018-07-25T09:00:32+00:00\",\"dateModified\":\"2018-12-13T13:46:28+00:00\",\"mainEntityOfPage\":{\"@id\":\"https:\/\/www.teka.com\/es-mx\/noticias\/campanas-publicitarias\/teka-estrena-en-espana-su-nueva-campana-de-comunicacion-a-nivel-mundial\/\"},\"wordCount\":802,\"commentCount\":0,\"publisher\":{\"@id\":\"https:\/\/www.teka.com\/es-mx\/#organization\"},\"image\":{\"@id\":\"https:\/\/www.teka.com\/es-mx\/noticias\/campanas-publicitarias\/teka-estrena-en-espana-su-nueva-campana-de-comunicacion-a-nivel-mundial\/#primaryimage\"},\"thumbnailUrl\":\"https:\/\/www.teka.com\/es-mx\/wp-content\/uploads\/sites\/11\/2018\/07\/donde-se-cocina-la-vida-teka.jpg\",\"articleSection\":[\"Campa\u00f1as publicitarias\"],\"inLanguage\":\"es\",\"potentialAction\":[{\"@type\":\"CommentAction\",\"name\":\"Comment\",\"target\":[\"https:\/\/www.teka.com\/es-mx\/noticias\/campanas-publicitarias\/teka-estrena-en-espana-su-nueva-campana-de-comunicacion-a-nivel-mundial\/#respond\"]}]},{\"@type\":\"WebPage\",\"@id\":\"https:\/\/www.teka.com\/es-mx\/noticias\/campanas-publicitarias\/teka-estrena-en-espana-su-nueva-campana-de-comunicacion-a-nivel-mundial\/\",\"url\":\"https:\/\/www.teka.com\/es-mx\/noticias\/campanas-publicitarias\/teka-estrena-en-espana-su-nueva-campana-de-comunicacion-a-nivel-mundial\/\",\"name\":\"Teka estrena en Espa\u00f1a su nueva campa\u00f1a de comunicaci\u00f3n\",\"isPartOf\":{\"@id\":\"https:\/\/www.teka.com\/es-mx\/#website\"},\"primaryImageOfPage\":{\"@id\":\"https:\/\/www.teka.com\/es-mx\/noticias\/campanas-publicitarias\/teka-estrena-en-espana-su-nueva-campana-de-comunicacion-a-nivel-mundial\/#primaryimage\"},\"image\":{\"@id\":\"https:\/\/www.teka.com\/es-mx\/noticias\/campanas-publicitarias\/teka-estrena-en-espana-su-nueva-campana-de-comunicacion-a-nivel-mundial\/#primaryimage\"},\"thumbnailUrl\":\"https:\/\/www.teka.com\/es-mx\/wp-content\/uploads\/sites\/11\/2018\/07\/donde-se-cocina-la-vida-teka.jpg\",\"datePublished\":\"2018-07-25T09:00:32+00:00\",\"dateModified\":\"2018-12-13T13:46:28+00:00\",\"description\":\"Teka estrena en Espa\u00f1a su nueva campa\u00f1a de comunicaci\u00f3n, donde da a conocer su nuevo posicionamiento de marca a nivel mundial.\",\"inLanguage\":\"es\",\"potentialAction\":[{\"@type\":\"ReadAction\",\"target\":[\"https:\/\/www.teka.com\/es-mx\/noticias\/campanas-publicitarias\/teka-estrena-en-espana-su-nueva-campana-de-comunicacion-a-nivel-mundial\/\"]}]},{\"@type\":\"ImageObject\",\"inLanguage\":\"es\",\"@id\":\"https:\/\/www.teka.com\/es-mx\/noticias\/campanas-publicitarias\/teka-estrena-en-espana-su-nueva-campana-de-comunicacion-a-nivel-mundial\/#primaryimage\",\"url\":\"https:\/\/www.teka.com\/es-mx\/wp-content\/uploads\/sites\/11\/2018\/07\/donde-se-cocina-la-vida-teka.jpg\",\"contentUrl\":\"https:\/\/www.teka.com\/es-mx\/wp-content\/uploads\/sites\/11\/2018\/07\/donde-se-cocina-la-vida-teka.jpg\",\"width\":1000,\"height\":512},{\"@type\":\"WebSite\",\"@id\":\"https:\/\/www.teka.com\/es-mx\/#website\",\"url\":\"https:\/\/www.teka.com\/es-mx\/\",\"name\":\"Teka M\u00e9xico\",\"description\":\"\",\"publisher\":{\"@id\":\"https:\/\/www.teka.com\/es-mx\/#organization\"},\"potentialAction\":[{\"@type\":\"SearchAction\",\"target\":{\"@type\":\"EntryPoint\",\"urlTemplate\":\"https:\/\/www.teka.com\/es-mx\/?s={search_term_string}\"},\"query-input\":{\"@type\":\"PropertyValueSpecification\",\"valueRequired\":true,\"valueName\":\"search_term_string\"}}],\"inLanguage\":\"es\"},{\"@type\":\"Organization\",\"@id\":\"https:\/\/www.teka.com\/es-mx\/#organization\",\"name\":\"Teka M\u00e9xico\",\"url\":\"https:\/\/www.teka.com\/es-mx\/\",\"logo\":{\"@type\":\"ImageObject\",\"inLanguage\":\"es\",\"@id\":\"https:\/\/www.teka.com\/es-mx\/#\/schema\/logo\/image\/\",\"url\":\"https:\/\/www.teka.com\/es-mx\/wp-content\/uploads\/sites\/11\/2024\/08\/Teka_100years_logo_red_greyscale_square_RGB-5.png\",\"contentUrl\":\"https:\/\/www.teka.com\/es-mx\/wp-content\/uploads\/sites\/11\/2024\/08\/Teka_100years_logo_red_greyscale_square_RGB-5.png\",\"width\":4042,\"height\":4042,\"caption\":\"Teka M\u00e9xico\"},\"image\":{\"@id\":\"https:\/\/www.teka.com\/es-mx\/#\/schema\/logo\/image\/\"}},{\"@type\":\"Person\",\"@id\":\"https:\/\/www.teka.com\/es-mx\/#\/schema\/person\/389c2a8cea37a99bbd0e94669540e27f\",\"name\":\"Teka\",\"image\":{\"@type\":\"ImageObject\",\"inLanguage\":\"es\",\"@id\":\"https:\/\/secure.gravatar.com\/avatar\/41b72a8245ca333f60e6170a3ee04507661b5bf1812cc8043faea03d116b3ab1?s=96&d=mm&r=g\",\"url\":\"https:\/\/secure.gravatar.com\/avatar\/41b72a8245ca333f60e6170a3ee04507661b5bf1812cc8043faea03d116b3ab1?s=96&d=mm&r=g\",\"contentUrl\":\"https:\/\/secure.gravatar.com\/avatar\/41b72a8245ca333f60e6170a3ee04507661b5bf1812cc8043faea03d116b3ab1?s=96&d=mm&r=g\",\"caption\":\"Teka\"}}]}<\/script>\n<!-- \/ Yoast SEO plugin. -->","yoast_head_json":{"title":"Teka estrena en Espa\u00f1a su nueva campa\u00f1a de comunicaci\u00f3n","description":"Teka estrena en Espa\u00f1a su nueva campa\u00f1a de comunicaci\u00f3n, donde da a conocer su nuevo posicionamiento de marca a nivel mundial.","robots":{"index":"index","follow":"follow","max-snippet":"max-snippet:-1","max-image-preview":"max-image-preview:large","max-video-preview":"max-video-preview:-1"},"canonical":"https:\/\/www.teka.com\/es-mx\/noticias\/campanas-publicitarias\/teka-estrena-en-espana-su-nueva-campana-de-comunicacion-a-nivel-mundial\/","og_locale":"es_MX","og_type":"article","og_title":"Teka estrena en Espa\u00f1a su nueva campa\u00f1a de comunicaci\u00f3n","og_description":"Teka estrena en Espa\u00f1a su nueva campa\u00f1a de comunicaci\u00f3n, donde da a conocer su nuevo posicionamiento de marca a nivel mundial.","og_url":"https:\/\/www.teka.com\/es-mx\/noticias\/campanas-publicitarias\/teka-estrena-en-espana-su-nueva-campana-de-comunicacion-a-nivel-mundial\/","og_site_name":"Teka M\u00e9xico","article_published_time":"2018-07-25T09:00:32+00:00","article_modified_time":"2018-12-13T13:46:28+00:00","og_image":[{"width":1000,"height":512,"url":"https:\/\/www.teka.com\/es-mx\/wp-content\/uploads\/sites\/11\/2018\/07\/donde-se-cocina-la-vida-teka.jpg","type":"image\/jpeg"}],"author":"Teka","twitter_card":"summary_large_image","twitter_misc":{"Escrito por":"Teka","Tiempo de lectura":"4 minutos"},"schema":{"@context":"https:\/\/schema.org","@graph":[{"@type":"Article","@id":"https:\/\/www.teka.com\/es-mx\/noticias\/campanas-publicitarias\/teka-estrena-en-espana-su-nueva-campana-de-comunicacion-a-nivel-mundial\/#article","isPartOf":{"@id":"https:\/\/www.teka.com\/es-mx\/noticias\/campanas-publicitarias\/teka-estrena-en-espana-su-nueva-campana-de-comunicacion-a-nivel-mundial\/"},"author":{"name":"Teka","@id":"https:\/\/www.teka.com\/es-mx\/#\/schema\/person\/389c2a8cea37a99bbd0e94669540e27f"},"headline":"Teka estrena, en Espa\u00f1a, su nueva campa\u00f1a de comunicaci\u00f3n a nivel mundial","datePublished":"2018-07-25T09:00:32+00:00","dateModified":"2018-12-13T13:46:28+00:00","mainEntityOfPage":{"@id":"https:\/\/www.teka.com\/es-mx\/noticias\/campanas-publicitarias\/teka-estrena-en-espana-su-nueva-campana-de-comunicacion-a-nivel-mundial\/"},"wordCount":802,"commentCount":0,"publisher":{"@id":"https:\/\/www.teka.com\/es-mx\/#organization"},"image":{"@id":"https:\/\/www.teka.com\/es-mx\/noticias\/campanas-publicitarias\/teka-estrena-en-espana-su-nueva-campana-de-comunicacion-a-nivel-mundial\/#primaryimage"},"thumbnailUrl":"https:\/\/www.teka.com\/es-mx\/wp-content\/uploads\/sites\/11\/2018\/07\/donde-se-cocina-la-vida-teka.jpg","articleSection":["Campa\u00f1as publicitarias"],"inLanguage":"es","potentialAction":[{"@type":"CommentAction","name":"Comment","target":["https:\/\/www.teka.com\/es-mx\/noticias\/campanas-publicitarias\/teka-estrena-en-espana-su-nueva-campana-de-comunicacion-a-nivel-mundial\/#respond"]}]},{"@type":"WebPage","@id":"https:\/\/www.teka.com\/es-mx\/noticias\/campanas-publicitarias\/teka-estrena-en-espana-su-nueva-campana-de-comunicacion-a-nivel-mundial\/","url":"https:\/\/www.teka.com\/es-mx\/noticias\/campanas-publicitarias\/teka-estrena-en-espana-su-nueva-campana-de-comunicacion-a-nivel-mundial\/","name":"Teka estrena en Espa\u00f1a su nueva campa\u00f1a de comunicaci\u00f3n","isPartOf":{"@id":"https:\/\/www.teka.com\/es-mx\/#website"},"primaryImageOfPage":{"@id":"https:\/\/www.teka.com\/es-mx\/noticias\/campanas-publicitarias\/teka-estrena-en-espana-su-nueva-campana-de-comunicacion-a-nivel-mundial\/#primaryimage"},"image":{"@id":"https:\/\/www.teka.com\/es-mx\/noticias\/campanas-publicitarias\/teka-estrena-en-espana-su-nueva-campana-de-comunicacion-a-nivel-mundial\/#primaryimage"},"thumbnailUrl":"https:\/\/www.teka.com\/es-mx\/wp-content\/uploads\/sites\/11\/2018\/07\/donde-se-cocina-la-vida-teka.jpg","datePublished":"2018-07-25T09:00:32+00:00","dateModified":"2018-12-13T13:46:28+00:00","description":"Teka estrena en Espa\u00f1a su nueva campa\u00f1a de comunicaci\u00f3n, donde da a conocer su nuevo posicionamiento de marca a nivel mundial.","inLanguage":"es","potentialAction":[{"@type":"ReadAction","target":["https:\/\/www.teka.com\/es-mx\/noticias\/campanas-publicitarias\/teka-estrena-en-espana-su-nueva-campana-de-comunicacion-a-nivel-mundial\/"]}]},{"@type":"ImageObject","inLanguage":"es","@id":"https:\/\/www.teka.com\/es-mx\/noticias\/campanas-publicitarias\/teka-estrena-en-espana-su-nueva-campana-de-comunicacion-a-nivel-mundial\/#primaryimage","url":"https:\/\/www.teka.com\/es-mx\/wp-content\/uploads\/sites\/11\/2018\/07\/donde-se-cocina-la-vida-teka.jpg","contentUrl":"https:\/\/www.teka.com\/es-mx\/wp-content\/uploads\/sites\/11\/2018\/07\/donde-se-cocina-la-vida-teka.jpg","width":1000,"height":512},{"@type":"WebSite","@id":"https:\/\/www.teka.com\/es-mx\/#website","url":"https:\/\/www.teka.com\/es-mx\/","name":"Teka M\u00e9xico","description":"","publisher":{"@id":"https:\/\/www.teka.com\/es-mx\/#organization"},"potentialAction":[{"@type":"SearchAction","target":{"@type":"EntryPoint","urlTemplate":"https:\/\/www.teka.com\/es-mx\/?s={search_term_string}"},"query-input":{"@type":"PropertyValueSpecification","valueRequired":true,"valueName":"search_term_string"}}],"inLanguage":"es"},{"@type":"Organization","@id":"https:\/\/www.teka.com\/es-mx\/#organization","name":"Teka M\u00e9xico","url":"https:\/\/www.teka.com\/es-mx\/","logo":{"@type":"ImageObject","inLanguage":"es","@id":"https:\/\/www.teka.com\/es-mx\/#\/schema\/logo\/image\/","url":"https:\/\/www.teka.com\/es-mx\/wp-content\/uploads\/sites\/11\/2024\/08\/Teka_100years_logo_red_greyscale_square_RGB-5.png","contentUrl":"https:\/\/www.teka.com\/es-mx\/wp-content\/uploads\/sites\/11\/2024\/08\/Teka_100years_logo_red_greyscale_square_RGB-5.png","width":4042,"height":4042,"caption":"Teka M\u00e9xico"},"image":{"@id":"https:\/\/www.teka.com\/es-mx\/#\/schema\/logo\/image\/"}},{"@type":"Person","@id":"https:\/\/www.teka.com\/es-mx\/#\/schema\/person\/389c2a8cea37a99bbd0e94669540e27f","name":"Teka","image":{"@type":"ImageObject","inLanguage":"es","@id":"https:\/\/secure.gravatar.com\/avatar\/41b72a8245ca333f60e6170a3ee04507661b5bf1812cc8043faea03d116b3ab1?s=96&d=mm&r=g","url":"https:\/\/secure.gravatar.com\/avatar\/41b72a8245ca333f60e6170a3ee04507661b5bf1812cc8043faea03d116b3ab1?s=96&d=mm&r=g","contentUrl":"https:\/\/secure.gravatar.com\/avatar\/41b72a8245ca333f60e6170a3ee04507661b5bf1812cc8043faea03d116b3ab1?s=96&d=mm&r=g","caption":"Teka"}}]}},"_links":{"self":[{"href":"https:\/\/www.teka.com\/es-mx\/wp-json\/wp\/v2\/posts\/21848","targetHints":{"allow":["GET"]}}],"collection":[{"href":"https:\/\/www.teka.com\/es-mx\/wp-json\/wp\/v2\/posts"}],"about":[{"href":"https:\/\/www.teka.com\/es-mx\/wp-json\/wp\/v2\/types\/post"}],"author":[{"embeddable":true,"href":"https:\/\/www.teka.com\/es-mx\/wp-json\/wp\/v2\/users\/9"}],"replies":[{"embeddable":true,"href":"https:\/\/www.teka.com\/es-mx\/wp-json\/wp\/v2\/comments?post=21848"}],"version-history":[{"count":2,"href":"https:\/\/www.teka.com\/es-mx\/wp-json\/wp\/v2\/posts\/21848\/revisions"}],"predecessor-version":[{"id":62969,"href":"https:\/\/www.teka.com\/es-mx\/wp-json\/wp\/v2\/posts\/21848\/revisions\/62969"}],"wp:featuredmedia":[{"embeddable":true,"href":"https:\/\/www.teka.com\/es-mx\/wp-json\/wp\/v2\/media\/39228"}],"wp:attachment":[{"href":"https:\/\/www.teka.com\/es-mx\/wp-json\/wp\/v2\/media?parent=21848"}],"wp:term":[{"taxonomy":"category","embeddable":true,"href":"https:\/\/www.teka.com\/es-mx\/wp-json\/wp\/v2\/categories?post=21848"},{"taxonomy":"post_tag","embeddable":true,"href":"https:\/\/www.teka.com\/es-mx\/wp-json\/wp\/v2\/tags?post=21848"}],"curies":[{"name":"wp","href":"https:\/\/api.w.org\/{rel}","templated":true}]}}