{"id":71200,"date":"2024-12-04T12:40:51","date_gmt":"2024-12-04T17:40:51","guid":{"rendered":"https:\/\/www.teka.com\/es-pe\/?p=71200"},"modified":"2024-12-04T15:06:47","modified_gmt":"2024-12-04T20:06:47","slug":"el-pollo-asado-perfecto-para-tu-cena-navidena","status":"publish","type":"post","link":"https:\/\/www.teka.com\/es-pe\/inspiracion\/cocina\/recetas\/el-pollo-asado-perfecto-para-tu-cena-navidena\/","title":{"rendered":"El pollo asado perfecto para tu cena navide\u00f1a"},"content":{"rendered":"<div style=\"width: 1080px;\" class=\"wp-video\"><video class=\"wp-video-shortcode\" id=\"video-71200-1\" width=\"1080\" height=\"608\" loop autoplay preload=\"auto\" controls=\"controls\"><source type=\"video\/mp4\" src=\"https:\/\/www.teka.com\/es-pe\/wp-content\/uploads\/sites\/26\/2024\/12\/nuevo.mp4?_=1\" \/><a href=\"https:\/\/www.teka.com\/es-pe\/wp-content\/uploads\/sites\/26\/2024\/12\/nuevo.mp4\">https:\/\/www.teka.com\/es-pe\/wp-content\/uploads\/sites\/26\/2024\/12\/nuevo.mp4<\/a><\/video><\/div>\n<h5><\/h5>\n<h5><strong>Pollo asado con papas crujientes: una receta perfecta para Navidad<\/strong><\/h5>\n<p>Sorprende a tu familia con este delicioso <strong>pollo asado<\/strong> acompa\u00f1ado de <strong>papas<\/strong> y una <strong>salsa irresistible.\u00a0<\/strong><\/p>\n<p><strong>Ingredientes:<\/strong><\/p>\n<p style=\"padding-left: 40px;\"><strong>Para el pollo:<\/strong><\/p>\n<ul>\n<li style=\"list-style-type: none;\">\n<ul>\n<li>100 g de mantequilla<\/li>\n<li>2 dientes de ajo<\/li>\n<li>1 cda de sal<\/li>\n<li>\u00bd cda de pimienta negra<\/li>\n<li>1 pollo entero<\/li>\n<li>1 lim\u00f3n<\/li>\n<li>Hierbas arom\u00e1ticas (<em>romero, salvia, tomillo, etc.<\/em>)<\/li>\n<\/ul>\n<\/li>\n<\/ul>\n<p style=\"padding-left: 40px;\"><strong>Para las papas:<\/strong><\/p>\n<ul>\n<li style=\"list-style-type: none;\">\n<ul>\n<li>Papas guarnici\u00f3n<\/li>\n<li>Sal<\/li>\n<li>Aceite de oliva<\/li>\n<li>Mantequilla<\/li>\n<\/ul>\n<\/li>\n<\/ul>\n<p style=\"padding-left: 40px;\"><strong>Para la salsa:<\/strong><\/p>\n<ul>\n<li style=\"list-style-type: none;\">\n<ul>\n<li>Jugos de cocci\u00f3n del pollo<\/li>\n<li>100 ml de caldo de pollo<\/li>\n<li>30 ml de vino blanco<\/li>\n<li>1 cda de maicena<\/li>\n<li>3 cdas de agua<\/li>\n<\/ul>\n<\/li>\n<\/ul>\n<p><strong>C\u00f3mo se prepara:<\/strong><\/p>\n<ol>\n<li style=\"list-style-type: none;\">\n<ol>\n<li>En una picadora, triturar la mantequilla con los dientes de ajo pelados, sal y pimienta negra. Untar el pollo con esta mantequilla e introducirla debajo de la piel para lograr ese acabado crujiente.<\/li>\n<li>Rellenar el pollo con el lim\u00f3n cortado en cuartos y las hierbas arom\u00e1ticas (las podemos amarrar con una cuerda). Llevar al horno con vapor durante 50 minutos a 185\u00baC. Sacar del horno tras este tiempo y dejar que repose 10 minutos. Retirar los jugos del pollo.<\/li>\n<li><strong>Para las papas: <\/strong>Poner las papas a cocer en una olla con abundante agua y un pu\u00f1ado de sal. Dejar que hiervan unos 15 minutos y colar. Pasarlas una vez fr\u00edas a una fuente de horno y ali\u00f1arlas con una pizca de sal, un chorrito de aceite de oliva y unos trocitos de mantequilla.<\/li>\n<li>Llevar al horno (sin vapor) a 200\u00baC y cocinar durante 5 minutos. Tras este tiempo, introducir el pollo de nuevo en el horno y cocinar junto a las papas durante\u00a0 10 minutos m\u00e1s para que la piel se dore.<\/li>\n<li>Preparar <strong>la salsa <\/strong>mezclando en un cazo los jugos de cocci\u00f3n del pollo, el caldo y el vino blanco. Cuando rompa a hervir, a\u00f1adir la maicena diluida en un tres cucharadas de agua y cocinar hasta que la salsa espese.<\/li>\n<\/ol>\n<\/li>\n<\/ol>\n<p><strong>Modelo:<\/strong> Horno<strong> HSB 635 S<\/strong><\/p>\n<p><strong>Link del producto:<\/strong>\u00a0<a href=\"https:\/\/www.teka.com\/es-pe\/producto\/hsb-635-s_111010043\/\">https:\/\/www.teka.com\/es-pe\/producto\/hsb-635-s_111010043\/<\/a><\/p>\n","protected":false},"excerpt":{"rendered":"<p>Pollo asado con papas crujientes: una receta perfecta para Navidad Sorprende a tu familia con este delicioso pollo asado acompa\u00f1ado de papas y una salsa irresistible.\u00a0 Ingredientes: Para el pollo: 100 g de mantequilla 2 dientes de ajo 1 cda de sal \u00bd cda de pimienta negra 1 pollo entero 1 lim\u00f3n Hierbas arom\u00e1ticas (romero, [&hellip;]<\/p>\n","protected":false},"author":176,"featured_media":71205,"comment_status":"open","ping_status":"open","sticky":false,"template":"","format":"standard","meta":{"_acf_changed":false,"_et_pb_use_builder":"","_et_pb_old_content":"","_et_gb_content_width":"","footnotes":""},"categories":[614,2815],"tags":[],"class_list":["post-71200","post","type-post","status-publish","format-standard","has-post-thumbnail","hentry","category-inspiracion","category-recetas"],"acf":[],"yoast_head":"<!-- This site is optimized with the Yoast SEO plugin v27.5 - https:\/\/yoast.com\/product\/yoast-seo-wordpress\/ -->\n<title>El pollo asado perfecto para tu cena navide\u00f1a | Teka Per\u00fa<\/title>\n<meta name=\"robots\" content=\"index, follow, max-snippet:-1, max-image-preview:large, max-video-preview:-1\" \/>\n<link rel=\"canonical\" href=\"https:\/\/www.teka.com\/es-pe\/inspiracion\/cocina\/recetas\/el-pollo-asado-perfecto-para-tu-cena-navidena\/\" \/>\n<meta property=\"og:locale\" content=\"es_ES\" \/>\n<meta property=\"og:type\" content=\"article\" \/>\n<meta property=\"og:title\" content=\"El pollo asado perfecto para tu cena navide\u00f1a | Teka Per\u00fa\" \/>\n<meta property=\"og:description\" content=\"Pollo asado con papas crujientes: una receta perfecta para Navidad Sorprende a tu familia con este delicioso pollo asado acompa\u00f1ado de papas y una salsa irresistible.\u00a0 Ingredientes: Para el pollo: 100 g de mantequilla 2 dientes de ajo 1 cda de sal \u00bd cda de pimienta negra 1 pollo entero 1 lim\u00f3n Hierbas arom\u00e1ticas (romero, [&hellip;]\" \/>\n<meta property=\"og:url\" content=\"https:\/\/www.teka.com\/es-pe\/inspiracion\/cocina\/recetas\/el-pollo-asado-perfecto-para-tu-cena-navidena\/\" \/>\n<meta property=\"og:site_name\" content=\"Teka Per\u00fa\" \/>\n<meta property=\"article:published_time\" content=\"2024-12-04T17:40:51+00:00\" \/>\n<meta property=\"article:modified_time\" content=\"2024-12-04T20:06:47+00:00\" \/>\n<meta property=\"og:image\" content=\"https:\/\/www.teka.com\/es-pe\/wp-content\/uploads\/sites\/26\/2024\/12\/pollo-asado@72x.png\" \/>\n\t<meta property=\"og:image:width\" content=\"1686\" \/>\n\t<meta property=\"og:image:height\" content=\"868\" \/>\n\t<meta property=\"og:image:type\" content=\"image\/png\" \/>\n<meta name=\"author\" content=\"tekamktpe\" \/>\n<meta name=\"twitter:card\" content=\"summary_large_image\" \/>\n<meta name=\"twitter:label1\" content=\"Escrito por\" \/>\n\t<meta name=\"twitter:data1\" content=\"tekamktpe\" \/>\n\t<meta name=\"twitter:label2\" content=\"Tiempo de lectura\" \/>\n\t<meta name=\"twitter:data2\" content=\"2 minutos\" \/>\n<script type=\"application\/ld+json\" class=\"yoast-schema-graph\">{\"@context\":\"https:\\\/\\\/schema.org\",\"@graph\":[{\"@type\":\"Article\",\"@id\":\"https:\\\/\\\/www.teka.com\\\/es-pe\\\/inspiracion\\\/cocina\\\/recetas\\\/el-pollo-asado-perfecto-para-tu-cena-navidena\\\/#article\",\"isPartOf\":{\"@id\":\"https:\\\/\\\/www.teka.com\\\/es-pe\\\/inspiracion\\\/cocina\\\/recetas\\\/el-pollo-asado-perfecto-para-tu-cena-navidena\\\/\"},\"author\":{\"name\":\"tekamktpe\",\"@id\":\"https:\\\/\\\/www.teka.com\\\/es-pe\\\/#\\\/schema\\\/person\\\/00e8b2f88602e33dc1204c9b6aaa4f78\"},\"headline\":\"El pollo asado perfecto para tu cena navide\u00f1a\",\"datePublished\":\"2024-12-04T17:40:51+00:00\",\"dateModified\":\"2024-12-04T20:06:47+00:00\",\"mainEntityOfPage\":{\"@id\":\"https:\\\/\\\/www.teka.com\\\/es-pe\\\/inspiracion\\\/cocina\\\/recetas\\\/el-pollo-asado-perfecto-para-tu-cena-navidena\\\/\"},\"wordCount\":354,\"commentCount\":0,\"publisher\":{\"@id\":\"https:\\\/\\\/www.teka.com\\\/es-pe\\\/#organization\"},\"image\":{\"@id\":\"https:\\\/\\\/www.teka.com\\\/es-pe\\\/inspiracion\\\/cocina\\\/recetas\\\/el-pollo-asado-perfecto-para-tu-cena-navidena\\\/#primaryimage\"},\"thumbnailUrl\":\"https:\\\/\\\/www.teka.com\\\/es-pe\\\/wp-content\\\/uploads\\\/sites\\\/26\\\/2024\\\/12\\\/pollo-asado@72x.png\",\"articleSection\":[\"Inspiraci\u00f3n\",\"Recetas\"],\"inLanguage\":\"es\",\"potentialAction\":[{\"@type\":\"CommentAction\",\"name\":\"Comment\",\"target\":[\"https:\\\/\\\/www.teka.com\\\/es-pe\\\/inspiracion\\\/cocina\\\/recetas\\\/el-pollo-asado-perfecto-para-tu-cena-navidena\\\/#respond\"]}]},{\"@type\":\"WebPage\",\"@id\":\"https:\\\/\\\/www.teka.com\\\/es-pe\\\/inspiracion\\\/cocina\\\/recetas\\\/el-pollo-asado-perfecto-para-tu-cena-navidena\\\/\",\"url\":\"https:\\\/\\\/www.teka.com\\\/es-pe\\\/inspiracion\\\/cocina\\\/recetas\\\/el-pollo-asado-perfecto-para-tu-cena-navidena\\\/\",\"name\":\"El pollo asado perfecto para tu cena navide\u00f1a | Teka Per\u00fa\",\"isPartOf\":{\"@id\":\"https:\\\/\\\/www.teka.com\\\/es-pe\\\/#website\"},\"primaryImageOfPage\":{\"@id\":\"https:\\\/\\\/www.teka.com\\\/es-pe\\\/inspiracion\\\/cocina\\\/recetas\\\/el-pollo-asado-perfecto-para-tu-cena-navidena\\\/#primaryimage\"},\"image\":{\"@id\":\"https:\\\/\\\/www.teka.com\\\/es-pe\\\/inspiracion\\\/cocina\\\/recetas\\\/el-pollo-asado-perfecto-para-tu-cena-navidena\\\/#primaryimage\"},\"thumbnailUrl\":\"https:\\\/\\\/www.teka.com\\\/es-pe\\\/wp-content\\\/uploads\\\/sites\\\/26\\\/2024\\\/12\\\/pollo-asado@72x.png\",\"datePublished\":\"2024-12-04T17:40:51+00:00\",\"dateModified\":\"2024-12-04T20:06:47+00:00\",\"inLanguage\":\"es\",\"potentialAction\":[{\"@type\":\"ReadAction\",\"target\":[\"https:\\\/\\\/www.teka.com\\\/es-pe\\\/inspiracion\\\/cocina\\\/recetas\\\/el-pollo-asado-perfecto-para-tu-cena-navidena\\\/\"]}]},{\"@type\":\"ImageObject\",\"inLanguage\":\"es\",\"@id\":\"https:\\\/\\\/www.teka.com\\\/es-pe\\\/inspiracion\\\/cocina\\\/recetas\\\/el-pollo-asado-perfecto-para-tu-cena-navidena\\\/#primaryimage\",\"url\":\"https:\\\/\\\/www.teka.com\\\/es-pe\\\/wp-content\\\/uploads\\\/sites\\\/26\\\/2024\\\/12\\\/pollo-asado@72x.png\",\"contentUrl\":\"https:\\\/\\\/www.teka.com\\\/es-pe\\\/wp-content\\\/uploads\\\/sites\\\/26\\\/2024\\\/12\\\/pollo-asado@72x.png\",\"width\":1686,\"height\":868},{\"@type\":\"WebSite\",\"@id\":\"https:\\\/\\\/www.teka.com\\\/es-pe\\\/#website\",\"url\":\"https:\\\/\\\/www.teka.com\\\/es-pe\\\/\",\"name\":\"Teka Per\u00fa\",\"description\":\"Teka Per\u00fa Descubre lo mejor en electrodom\u00e9sticos, lavaderos, grifer\u00edas y m\u00e1s con calidad europea.\",\"publisher\":{\"@id\":\"https:\\\/\\\/www.teka.com\\\/es-pe\\\/#organization\"},\"potentialAction\":[{\"@type\":\"SearchAction\",\"target\":{\"@type\":\"EntryPoint\",\"urlTemplate\":\"https:\\\/\\\/www.teka.com\\\/es-pe\\\/?s={search_term_string}\"},\"query-input\":{\"@type\":\"PropertyValueSpecification\",\"valueRequired\":true,\"valueName\":\"search_term_string\"}}],\"inLanguage\":\"es\"},{\"@type\":\"Organization\",\"@id\":\"https:\\\/\\\/www.teka.com\\\/es-pe\\\/#organization\",\"name\":\"Teka Per\u00fa\",\"url\":\"https:\\\/\\\/www.teka.com\\\/es-pe\\\/\",\"logo\":{\"@type\":\"ImageObject\",\"inLanguage\":\"es\",\"@id\":\"https:\\\/\\\/www.teka.com\\\/es-pe\\\/#\\\/schema\\\/logo\\\/image\\\/\",\"url\":\"https:\\\/\\\/www.teka.com\\\/es-pe\\\/wp-content\\\/uploads\\\/sites\\\/26\\\/2018\\\/10\\\/404-teka.png\",\"contentUrl\":\"https:\\\/\\\/www.teka.com\\\/es-pe\\\/wp-content\\\/uploads\\\/sites\\\/26\\\/2018\\\/10\\\/404-teka.png\",\"width\":200,\"height\":200,\"caption\":\"Teka Per\u00fa\"},\"image\":{\"@id\":\"https:\\\/\\\/www.teka.com\\\/es-pe\\\/#\\\/schema\\\/logo\\\/image\\\/\"}},{\"@type\":\"Person\",\"@id\":\"https:\\\/\\\/www.teka.com\\\/es-pe\\\/#\\\/schema\\\/person\\\/00e8b2f88602e33dc1204c9b6aaa4f78\",\"name\":\"tekamktpe\",\"image\":{\"@type\":\"ImageObject\",\"inLanguage\":\"es\",\"@id\":\"https:\\\/\\\/secure.gravatar.com\\\/avatar\\\/d72633977ed1401bbfe48a57d3d384379fae7d228b0f83b9504be27d281c6edd?s=96&d=mm&r=g\",\"url\":\"https:\\\/\\\/secure.gravatar.com\\\/avatar\\\/d72633977ed1401bbfe48a57d3d384379fae7d228b0f83b9504be27d281c6edd?s=96&d=mm&r=g\",\"contentUrl\":\"https:\\\/\\\/secure.gravatar.com\\\/avatar\\\/d72633977ed1401bbfe48a57d3d384379fae7d228b0f83b9504be27d281c6edd?s=96&d=mm&r=g\",\"caption\":\"tekamktpe\"}}]}<\/script>\n<!-- \/ Yoast SEO plugin. -->","yoast_head_json":{"title":"El pollo asado perfecto para tu cena navide\u00f1a | Teka Per\u00fa","robots":{"index":"index","follow":"follow","max-snippet":"max-snippet:-1","max-image-preview":"max-image-preview:large","max-video-preview":"max-video-preview:-1"},"canonical":"https:\/\/www.teka.com\/es-pe\/inspiracion\/cocina\/recetas\/el-pollo-asado-perfecto-para-tu-cena-navidena\/","og_locale":"es_ES","og_type":"article","og_title":"El pollo asado perfecto para tu cena navide\u00f1a | Teka Per\u00fa","og_description":"Pollo asado con papas crujientes: una receta perfecta para Navidad Sorprende a tu familia con este delicioso pollo asado acompa\u00f1ado de papas y una salsa irresistible.\u00a0 Ingredientes: Para el pollo: 100 g de mantequilla 2 dientes de ajo 1 cda de sal \u00bd cda de pimienta negra 1 pollo entero 1 lim\u00f3n Hierbas arom\u00e1ticas (romero, [&hellip;]","og_url":"https:\/\/www.teka.com\/es-pe\/inspiracion\/cocina\/recetas\/el-pollo-asado-perfecto-para-tu-cena-navidena\/","og_site_name":"Teka Per\u00fa","article_published_time":"2024-12-04T17:40:51+00:00","article_modified_time":"2024-12-04T20:06:47+00:00","og_image":[{"width":1686,"height":868,"url":"https:\/\/www.teka.com\/es-pe\/wp-content\/uploads\/sites\/26\/2024\/12\/pollo-asado@72x.png","type":"image\/png"}],"author":"tekamktpe","twitter_card":"summary_large_image","twitter_misc":{"Escrito por":"tekamktpe","Tiempo de lectura":"2 minutos"},"schema":{"@context":"https:\/\/schema.org","@graph":[{"@type":"Article","@id":"https:\/\/www.teka.com\/es-pe\/inspiracion\/cocina\/recetas\/el-pollo-asado-perfecto-para-tu-cena-navidena\/#article","isPartOf":{"@id":"https:\/\/www.teka.com\/es-pe\/inspiracion\/cocina\/recetas\/el-pollo-asado-perfecto-para-tu-cena-navidena\/"},"author":{"name":"tekamktpe","@id":"https:\/\/www.teka.com\/es-pe\/#\/schema\/person\/00e8b2f88602e33dc1204c9b6aaa4f78"},"headline":"El pollo asado perfecto para tu cena navide\u00f1a","datePublished":"2024-12-04T17:40:51+00:00","dateModified":"2024-12-04T20:06:47+00:00","mainEntityOfPage":{"@id":"https:\/\/www.teka.com\/es-pe\/inspiracion\/cocina\/recetas\/el-pollo-asado-perfecto-para-tu-cena-navidena\/"},"wordCount":354,"commentCount":0,"publisher":{"@id":"https:\/\/www.teka.com\/es-pe\/#organization"},"image":{"@id":"https:\/\/www.teka.com\/es-pe\/inspiracion\/cocina\/recetas\/el-pollo-asado-perfecto-para-tu-cena-navidena\/#primaryimage"},"thumbnailUrl":"https:\/\/www.teka.com\/es-pe\/wp-content\/uploads\/sites\/26\/2024\/12\/pollo-asado@72x.png","articleSection":["Inspiraci\u00f3n","Recetas"],"inLanguage":"es","potentialAction":[{"@type":"CommentAction","name":"Comment","target":["https:\/\/www.teka.com\/es-pe\/inspiracion\/cocina\/recetas\/el-pollo-asado-perfecto-para-tu-cena-navidena\/#respond"]}]},{"@type":"WebPage","@id":"https:\/\/www.teka.com\/es-pe\/inspiracion\/cocina\/recetas\/el-pollo-asado-perfecto-para-tu-cena-navidena\/","url":"https:\/\/www.teka.com\/es-pe\/inspiracion\/cocina\/recetas\/el-pollo-asado-perfecto-para-tu-cena-navidena\/","name":"El pollo asado perfecto para tu cena navide\u00f1a | Teka Per\u00fa","isPartOf":{"@id":"https:\/\/www.teka.com\/es-pe\/#website"},"primaryImageOfPage":{"@id":"https:\/\/www.teka.com\/es-pe\/inspiracion\/cocina\/recetas\/el-pollo-asado-perfecto-para-tu-cena-navidena\/#primaryimage"},"image":{"@id":"https:\/\/www.teka.com\/es-pe\/inspiracion\/cocina\/recetas\/el-pollo-asado-perfecto-para-tu-cena-navidena\/#primaryimage"},"thumbnailUrl":"https:\/\/www.teka.com\/es-pe\/wp-content\/uploads\/sites\/26\/2024\/12\/pollo-asado@72x.png","datePublished":"2024-12-04T17:40:51+00:00","dateModified":"2024-12-04T20:06:47+00:00","inLanguage":"es","potentialAction":[{"@type":"ReadAction","target":["https:\/\/www.teka.com\/es-pe\/inspiracion\/cocina\/recetas\/el-pollo-asado-perfecto-para-tu-cena-navidena\/"]}]},{"@type":"ImageObject","inLanguage":"es","@id":"https:\/\/www.teka.com\/es-pe\/inspiracion\/cocina\/recetas\/el-pollo-asado-perfecto-para-tu-cena-navidena\/#primaryimage","url":"https:\/\/www.teka.com\/es-pe\/wp-content\/uploads\/sites\/26\/2024\/12\/pollo-asado@72x.png","contentUrl":"https:\/\/www.teka.com\/es-pe\/wp-content\/uploads\/sites\/26\/2024\/12\/pollo-asado@72x.png","width":1686,"height":868},{"@type":"WebSite","@id":"https:\/\/www.teka.com\/es-pe\/#website","url":"https:\/\/www.teka.com\/es-pe\/","name":"Teka Per\u00fa","description":"Teka Per\u00fa Descubre lo mejor en electrodom\u00e9sticos, lavaderos, grifer\u00edas y m\u00e1s con calidad europea.","publisher":{"@id":"https:\/\/www.teka.com\/es-pe\/#organization"},"potentialAction":[{"@type":"SearchAction","target":{"@type":"EntryPoint","urlTemplate":"https:\/\/www.teka.com\/es-pe\/?s={search_term_string}"},"query-input":{"@type":"PropertyValueSpecification","valueRequired":true,"valueName":"search_term_string"}}],"inLanguage":"es"},{"@type":"Organization","@id":"https:\/\/www.teka.com\/es-pe\/#organization","name":"Teka Per\u00fa","url":"https:\/\/www.teka.com\/es-pe\/","logo":{"@type":"ImageObject","inLanguage":"es","@id":"https:\/\/www.teka.com\/es-pe\/#\/schema\/logo\/image\/","url":"https:\/\/www.teka.com\/es-pe\/wp-content\/uploads\/sites\/26\/2018\/10\/404-teka.png","contentUrl":"https:\/\/www.teka.com\/es-pe\/wp-content\/uploads\/sites\/26\/2018\/10\/404-teka.png","width":200,"height":200,"caption":"Teka Per\u00fa"},"image":{"@id":"https:\/\/www.teka.com\/es-pe\/#\/schema\/logo\/image\/"}},{"@type":"Person","@id":"https:\/\/www.teka.com\/es-pe\/#\/schema\/person\/00e8b2f88602e33dc1204c9b6aaa4f78","name":"tekamktpe","image":{"@type":"ImageObject","inLanguage":"es","@id":"https:\/\/secure.gravatar.com\/avatar\/d72633977ed1401bbfe48a57d3d384379fae7d228b0f83b9504be27d281c6edd?s=96&d=mm&r=g","url":"https:\/\/secure.gravatar.com\/avatar\/d72633977ed1401bbfe48a57d3d384379fae7d228b0f83b9504be27d281c6edd?s=96&d=mm&r=g","contentUrl":"https:\/\/secure.gravatar.com\/avatar\/d72633977ed1401bbfe48a57d3d384379fae7d228b0f83b9504be27d281c6edd?s=96&d=mm&r=g","caption":"tekamktpe"}}]}},"_links":{"self":[{"href":"https:\/\/www.teka.com\/es-pe\/wp-json\/wp\/v2\/posts\/71200","targetHints":{"allow":["GET"]}}],"collection":[{"href":"https:\/\/www.teka.com\/es-pe\/wp-json\/wp\/v2\/posts"}],"about":[{"href":"https:\/\/www.teka.com\/es-pe\/wp-json\/wp\/v2\/types\/post"}],"author":[{"embeddable":true,"href":"https:\/\/www.teka.com\/es-pe\/wp-json\/wp\/v2\/users\/176"}],"replies":[{"embeddable":true,"href":"https:\/\/www.teka.com\/es-pe\/wp-json\/wp\/v2\/comments?post=71200"}],"version-history":[{"count":11,"href":"https:\/\/www.teka.com\/es-pe\/wp-json\/wp\/v2\/posts\/71200\/revisions"}],"predecessor-version":[{"id":71216,"href":"https:\/\/www.teka.com\/es-pe\/wp-json\/wp\/v2\/posts\/71200\/revisions\/71216"}],"wp:featuredmedia":[{"embeddable":true,"href":"https:\/\/www.teka.com\/es-pe\/wp-json\/wp\/v2\/media\/71205"}],"wp:attachment":[{"href":"https:\/\/www.teka.com\/es-pe\/wp-json\/wp\/v2\/media?parent=71200"}],"wp:term":[{"taxonomy":"category","embeddable":true,"href":"https:\/\/www.teka.com\/es-pe\/wp-json\/wp\/v2\/categories?post=71200"},{"taxonomy":"post_tag","embeddable":true,"href":"https:\/\/www.teka.com\/es-pe\/wp-json\/wp\/v2\/tags?post=71200"}],"curies":[{"name":"wp","href":"https:\/\/api.w.org\/{rel}","templated":true}]}}