{"id":150215,"date":"2026-04-13T08:27:18","date_gmt":"2026-04-13T08:27:18","guid":{"rendered":"https:\/\/www.teka.com\/it-it\/?p=150215"},"modified":"2026-04-20T09:15:20","modified_gmt":"2026-04-20T09:15:20","slug":"teka-al-fuorisalone-2026-con-memoteca-a-teka-journey-in-piazza-gae-aulenti","status":"publish","type":"post","link":"https:\/\/www.teka.com\/it-it\/news\/teka-al-fuorisalone-2026-con-memoteca-a-teka-journey-in-piazza-gae-aulenti\/","title":{"rendered":"Teka al Fuorisalone 2026 con \u201cMemoteca \u2013 A Teka Journey\u201d in Piazza Gae Aulenti"},"content":{"rendered":"<p>In occasione del Fuorisalone 2026, <a href=\"https:\/\/www.teka.com\/global\/\"><strong>Teka<\/strong><\/a>, storico marchio tedesco, specializzato nella progettazione e produzione di elettrodomestici, lavelli e rubinetti in acciaio inox e oggi parte del <strong>Gruppo Midea<\/strong>, sar\u00e0 protagonista a Milano con <strong>\u201cMemoteca \u2013 A Teka Journey\u201d<\/strong>, il pop-up immersivo che animer\u00e0 <strong>Piazza Gae Aulenti<\/strong> dal <strong>21 al 26 aprile<\/strong>, nel cuore della Milano Design Week.<\/p>\n<p>Con questa presenza, il brand prende parte a uno degli appuntamenti pi\u00f9 rilevanti a livello internazionale per il mondo del design, scegliendo uno dei luoghi pi\u00f9 iconici e contemporanei della citt\u00e0 per raccontare la propria visione della casa e, in particolare, della cucina come spazio sempre pi\u00f9 centrale nella quotidianit\u00e0. Il pop-up, realizzato insieme a <strong>XPO Designs<\/strong>, porta inoltre per la prima volta in Italia una struttura firmata dall\u2019azienda, rafforzando il valore progettuale e distintivo dell\u2019iniziativa. In questo contesto TEKA d\u00e0 forma a un\u2019installazione immersiva pensata per tradurre in chiave fisica e narrativa l\u2019universo del brand in un contesto ad alto valore simbolico.<br \/>\n<img loading=\"lazy\" decoding=\"async\" class=\"aligncenter wp-image-150201 \" src=\"https:\/\/www.teka.com\/it-it\/wp-content\/uploads\/sites\/137\/2026\/04\/59b82380-e548-4ff9-b049-cf3ae9e6a801-scaled.jpg\" alt=\"\" width=\"773\" height=\"546\" \/><\/p>\n<p>\u201cMemoteca \u2013 A Teka Journey\u201d nasce come <strong>concept ombrello<\/strong> che racchiude e d\u00e0 forma ai principali territori di espressione del brand: design, lifestyle e innovazione, traducendoli in un\u2019esperienza accessibile e coinvolgente per il pubblico. All\u2019interno di questo racconto trovano spazio tre direttrici chiave della visione di TEKA: la collaborazione con il Van Gogh Museum di Amsterdam, il dialogo con il mondo del design attraverso Italdesign, punto di riferimento internazionale nel car e product design, e la campagna globale \u201cEternal Flavour\u201d, unite in un unico percorso narrativo pensato per connettere prodotto ed emozione.<\/p>\n<p>\u00c8 proprio in questa cornice che prendono vita le due collezioni emblematiche: la <strong>Van Gogh Museum Edition<\/strong>, ispirata alle tonalit\u00e0 dei \u201cSunflowers\u201d e caratterizzata da finitura champagne e dettagli grafici che richiamano l\u2019universo visivo dell\u2019artista, e la <strong>Infinity | G1 Edition<\/strong>, sviluppata con Italdesign Giugiaro, che propone una visione integrata di cucina attraverso elettrodomestici e soluzioni coordinate, riconoscibili per l\u2019estetica in vetro nero e acciaio con finitura nero opaco e dettagli in rame.<\/p>\n<p>Concepito come un\u2019esperienza sensoriale e immersiva, il pop-up presenta gli <strong>elettrodomestici <\/strong>come <strong>vere e proprie opere d\u2019arte <\/strong>da osservare, esplorare e vivere: oggetti che vanno oltre la funzione per diventare contenitori di memoria, cultura e quotidianit\u00e0. Il percorso invita i visitatori a entrare in contatto diretto con il brand, attraverso un linguaggio che unisce estetica, tecnologia e dimensione emotiva.<\/p>\n<p>All\u2019interno dello spazio, diverse attivazioni accompagneranno il pubblico lungo un viaggio esperienziale pensato per stimolare i sensi e favorire l\u2019interazione: dalle aree dedicate alla scoperta dei prodotti, ai momenti di creazione di contenuti, fino a un programma di incontri e talk aperti al pubblico.<\/p>\n<p>Nel corso della settimana, \u201cMemoteca \u2013 A Teka Journey\u201d sar\u00e0 animato da un palinsesto articolato di attivit\u00e0, tra cui <strong>talk<\/strong>, <strong>momenti di confronto con designer<\/strong>, <strong>studenti<\/strong> e <strong>professionisti<\/strong>, ed esperienze interattive aperte al pubblico. Tra queste, un ruolo centrale \u00e8 occupato da <strong>\u201cTeka Memories\u201d<\/strong>, il format partecipativo che interpreta in chiave esperienziale la campagna globale <em>\u201cEternal Flavour\u201d<\/em>. Durante la Design Week, infatti, il pop-up ospiter\u00e0 un\u2019attivit\u00e0 di <strong>casting on-site per selezionare il nuovo volto della versione italiana dello spot<\/strong>, invitando i visitatori a condividere la propria \u201cricetta del cuore\u201d e offrendo loro la possibilit\u00e0 di diventare parte attiva del racconto del brand.<\/p>\n<p><img loading=\"lazy\" decoding=\"async\" class=\"aligncenter wp-image-150202 \" src=\"https:\/\/www.teka.com\/it-it\/wp-content\/uploads\/sites\/137\/2026\/04\/959524fa-3f48-461a-8b48-c0ba9b87dae1.png\" alt=\"\" width=\"376\" height=\"658\" \/><\/p>\n<p>Un\u2019iniziativa che porta per la prima volta il pubblico al centro della campagna di comunicazione, trasformando l\u2019esperienza fisica in contenuto e relazione. L\u2019attivit\u00e0 sar\u00e0 accompagnata anche dalla produzione di contenuti video e digitali, amplificando ulteriormente il coinvolgimento e la visibilit\u00e0 del progetto.<\/p>\n<p>Con \u201cMemoteca \u2013 A Teka Journey\u201d, TEKA porta al Fuorisalone un\u2019esperienza pensata per essere vissuta e condivisa, in cui il design incontra le emozioni quotidiane e i piccoli gesti che definiscono il vivere domestico. Un invito a fermarsi, esplorare e lasciarsi trasportare da ricordi, suggestioni e nuove ispirazioni.<\/p>\n","protected":false},"excerpt":{"rendered":"<p>In occasione del Fuorisalone 2026, Teka, storico marchio tedesco, specializzato nella progettazione e produzione di elettrodomestici, lavelli e rubinetti in acciaio inox e oggi parte del Gruppo Midea, sar\u00e0 protagonista a Milano con \u201cMemoteca \u2013 A Teka Journey\u201d, il pop-up immersivo che animer\u00e0 Piazza Gae Aulenti dal 21 al 26 aprile, nel cuore della Milano [&hellip;]<\/p>\n","protected":false},"author":204,"featured_media":150220,"comment_status":"open","ping_status":"open","sticky":false,"template":"","format":"standard","meta":{"_acf_changed":false,"_et_pb_use_builder":"","_et_pb_old_content":"","_et_gb_content_width":"","footnotes":""},"categories":[597,613],"tags":[],"class_list":["post-150215","post","type-post","status-publish","format-standard","has-post-thumbnail","hentry","category-corporate","category-news"],"acf":[],"yoast_head":"<!-- This site is optimized with the Yoast SEO plugin v27.2 - https:\/\/yoast.com\/product\/yoast-seo-wordpress\/ -->\n<title>Teka al Fuorisalone 2026 con \u201cMemoteca \u2013 A Teka Journey\u201d in Piazza Gae Aulenti | Teka Italia<\/title>\n<meta name=\"robots\" content=\"index, follow, max-snippet:-1, max-image-preview:large, max-video-preview:-1\" \/>\n<link rel=\"canonical\" href=\"https:\/\/www.teka.com\/it-it\/news\/teka-al-fuorisalone-2026-con-memoteca-a-teka-journey-in-piazza-gae-aulenti\/\" \/>\n<meta property=\"og:locale\" content=\"it_IT\" \/>\n<meta property=\"og:type\" content=\"article\" \/>\n<meta property=\"og:title\" content=\"Teka al Fuorisalone 2026 con \u201cMemoteca \u2013 A Teka Journey\u201d in Piazza Gae Aulenti | Teka Italia\" \/>\n<meta property=\"og:description\" content=\"In occasione del Fuorisalone 2026, Teka, storico marchio tedesco, specializzato nella progettazione e produzione di elettrodomestici, lavelli e rubinetti in acciaio inox e oggi parte del Gruppo Midea, sar\u00e0 protagonista a Milano con \u201cMemoteca \u2013 A Teka Journey\u201d, il pop-up immersivo che animer\u00e0 Piazza Gae Aulenti dal 21 al 26 aprile, nel cuore della Milano [&hellip;]\" \/>\n<meta property=\"og:url\" content=\"https:\/\/www.teka.com\/it-it\/news\/teka-al-fuorisalone-2026-con-memoteca-a-teka-journey-in-piazza-gae-aulenti\/\" \/>\n<meta property=\"og:site_name\" content=\"Teka Italia\" \/>\n<meta property=\"article:published_time\" content=\"2026-04-13T08:27:18+00:00\" \/>\n<meta property=\"article:modified_time\" content=\"2026-04-20T09:15:20+00:00\" \/>\n<meta property=\"og:image\" content=\"https:\/\/www.teka.com\/it-it\/wp-content\/uploads\/sites\/137\/2025\/04\/TEKA_DW_26_KV_TEASER_cs-1024x671.jpg\" \/>\n\t<meta property=\"og:image:width\" content=\"1024\" \/>\n\t<meta property=\"og:image:height\" content=\"671\" \/>\n\t<meta property=\"og:image:type\" content=\"image\/jpeg\" \/>\n<meta name=\"author\" content=\"vnista\" \/>\n<meta name=\"twitter:card\" content=\"summary_large_image\" \/>\n<meta name=\"twitter:label1\" content=\"Scritto da\" \/>\n\t<meta name=\"twitter:data1\" content=\"vnista\" \/>\n\t<meta name=\"twitter:label2\" content=\"Tempo di lettura stimato\" \/>\n\t<meta name=\"twitter:data2\" content=\"4 minuti\" \/>\n<script type=\"application\/ld+json\" class=\"yoast-schema-graph\">{\"@context\":\"https:\/\/schema.org\",\"@graph\":[{\"@type\":\"Article\",\"@id\":\"https:\/\/www.teka.com\/it-it\/news\/teka-al-fuorisalone-2026-con-memoteca-a-teka-journey-in-piazza-gae-aulenti\/#article\",\"isPartOf\":{\"@id\":\"https:\/\/www.teka.com\/it-it\/news\/teka-al-fuorisalone-2026-con-memoteca-a-teka-journey-in-piazza-gae-aulenti\/\"},\"author\":{\"name\":\"vnista\",\"@id\":\"https:\/\/www.teka.com\/it-it\/#\/schema\/person\/d181ec33a8545af3b6fc0fec5ec236ed\"},\"headline\":\"Teka al Fuorisalone 2026 con \u201cMemoteca \u2013 A Teka Journey\u201d in Piazza Gae Aulenti\",\"datePublished\":\"2026-04-13T08:27:18+00:00\",\"dateModified\":\"2026-04-20T09:15:20+00:00\",\"mainEntityOfPage\":{\"@id\":\"https:\/\/www.teka.com\/it-it\/news\/teka-al-fuorisalone-2026-con-memoteca-a-teka-journey-in-piazza-gae-aulenti\/\"},\"wordCount\":640,\"commentCount\":0,\"image\":{\"@id\":\"https:\/\/www.teka.com\/it-it\/news\/teka-al-fuorisalone-2026-con-memoteca-a-teka-journey-in-piazza-gae-aulenti\/#primaryimage\"},\"thumbnailUrl\":\"https:\/\/www.teka.com\/it-it\/wp-content\/uploads\/sites\/137\/2025\/04\/TEKA_DW_26_KV_TEASER_cs.jpg\",\"articleSection\":[\"Corporate News\",\"News\"],\"inLanguage\":\"it-IT\",\"potentialAction\":[{\"@type\":\"CommentAction\",\"name\":\"Comment\",\"target\":[\"https:\/\/www.teka.com\/it-it\/news\/teka-al-fuorisalone-2026-con-memoteca-a-teka-journey-in-piazza-gae-aulenti\/#respond\"]}]},{\"@type\":\"WebPage\",\"@id\":\"https:\/\/www.teka.com\/it-it\/news\/teka-al-fuorisalone-2026-con-memoteca-a-teka-journey-in-piazza-gae-aulenti\/\",\"url\":\"https:\/\/www.teka.com\/it-it\/news\/teka-al-fuorisalone-2026-con-memoteca-a-teka-journey-in-piazza-gae-aulenti\/\",\"name\":\"Teka al Fuorisalone 2026 con \u201cMemoteca \u2013 A Teka Journey\u201d in Piazza Gae Aulenti | Teka Italia\",\"isPartOf\":{\"@id\":\"https:\/\/www.teka.com\/it-it\/#website\"},\"primaryImageOfPage\":{\"@id\":\"https:\/\/www.teka.com\/it-it\/news\/teka-al-fuorisalone-2026-con-memoteca-a-teka-journey-in-piazza-gae-aulenti\/#primaryimage\"},\"image\":{\"@id\":\"https:\/\/www.teka.com\/it-it\/news\/teka-al-fuorisalone-2026-con-memoteca-a-teka-journey-in-piazza-gae-aulenti\/#primaryimage\"},\"thumbnailUrl\":\"https:\/\/www.teka.com\/it-it\/wp-content\/uploads\/sites\/137\/2025\/04\/TEKA_DW_26_KV_TEASER_cs.jpg\",\"datePublished\":\"2026-04-13T08:27:18+00:00\",\"dateModified\":\"2026-04-20T09:15:20+00:00\",\"author\":{\"@id\":\"https:\/\/www.teka.com\/it-it\/#\/schema\/person\/d181ec33a8545af3b6fc0fec5ec236ed\"},\"inLanguage\":\"it-IT\",\"potentialAction\":[{\"@type\":\"ReadAction\",\"target\":[\"https:\/\/www.teka.com\/it-it\/news\/teka-al-fuorisalone-2026-con-memoteca-a-teka-journey-in-piazza-gae-aulenti\/\"]}]},{\"@type\":\"ImageObject\",\"inLanguage\":\"it-IT\",\"@id\":\"https:\/\/www.teka.com\/it-it\/news\/teka-al-fuorisalone-2026-con-memoteca-a-teka-journey-in-piazza-gae-aulenti\/#primaryimage\",\"url\":\"https:\/\/www.teka.com\/it-it\/wp-content\/uploads\/sites\/137\/2025\/04\/TEKA_DW_26_KV_TEASER_cs.jpg\",\"contentUrl\":\"https:\/\/www.teka.com\/it-it\/wp-content\/uploads\/sites\/137\/2025\/04\/TEKA_DW_26_KV_TEASER_cs.jpg\",\"width\":2560,\"height\":1678},{\"@type\":\"WebSite\",\"@id\":\"https:\/\/www.teka.com\/it-it\/#website\",\"url\":\"https:\/\/www.teka.com\/it-it\/\",\"name\":\"Teka Italia\",\"description\":\"\",\"potentialAction\":[{\"@type\":\"SearchAction\",\"target\":{\"@type\":\"EntryPoint\",\"urlTemplate\":\"https:\/\/www.teka.com\/it-it\/?s={search_term_string}\"},\"query-input\":{\"@type\":\"PropertyValueSpecification\",\"valueRequired\":true,\"valueName\":\"search_term_string\"}}],\"inLanguage\":\"it-IT\"},{\"@type\":\"Person\",\"@id\":\"https:\/\/www.teka.com\/it-it\/#\/schema\/person\/d181ec33a8545af3b6fc0fec5ec236ed\",\"name\":\"vnista\",\"image\":{\"@type\":\"ImageObject\",\"inLanguage\":\"it-IT\",\"@id\":\"https:\/\/secure.gravatar.com\/avatar\/4519fa42677fa7cec05599d5419c789e0671a4f50e7cb630f6405050d4b7b5db?s=96&d=mm&r=g\",\"url\":\"https:\/\/secure.gravatar.com\/avatar\/4519fa42677fa7cec05599d5419c789e0671a4f50e7cb630f6405050d4b7b5db?s=96&d=mm&r=g\",\"contentUrl\":\"https:\/\/secure.gravatar.com\/avatar\/4519fa42677fa7cec05599d5419c789e0671a4f50e7cb630f6405050d4b7b5db?s=96&d=mm&r=g\",\"caption\":\"vnista\"}}]}<\/script>\n<!-- \/ Yoast SEO plugin. -->","yoast_head_json":{"title":"Teka al Fuorisalone 2026 con \u201cMemoteca \u2013 A Teka Journey\u201d in Piazza Gae Aulenti | Teka Italia","robots":{"index":"index","follow":"follow","max-snippet":"max-snippet:-1","max-image-preview":"max-image-preview:large","max-video-preview":"max-video-preview:-1"},"canonical":"https:\/\/www.teka.com\/it-it\/news\/teka-al-fuorisalone-2026-con-memoteca-a-teka-journey-in-piazza-gae-aulenti\/","og_locale":"it_IT","og_type":"article","og_title":"Teka al Fuorisalone 2026 con \u201cMemoteca \u2013 A Teka Journey\u201d in Piazza Gae Aulenti | Teka Italia","og_description":"In occasione del Fuorisalone 2026, Teka, storico marchio tedesco, specializzato nella progettazione e produzione di elettrodomestici, lavelli e rubinetti in acciaio inox e oggi parte del Gruppo Midea, sar\u00e0 protagonista a Milano con \u201cMemoteca \u2013 A Teka Journey\u201d, il pop-up immersivo che animer\u00e0 Piazza Gae Aulenti dal 21 al 26 aprile, nel cuore della Milano [&hellip;]","og_url":"https:\/\/www.teka.com\/it-it\/news\/teka-al-fuorisalone-2026-con-memoteca-a-teka-journey-in-piazza-gae-aulenti\/","og_site_name":"Teka Italia","article_published_time":"2026-04-13T08:27:18+00:00","article_modified_time":"2026-04-20T09:15:20+00:00","og_image":[{"width":1024,"height":671,"url":"https:\/\/www.teka.com\/it-it\/wp-content\/uploads\/sites\/137\/2025\/04\/TEKA_DW_26_KV_TEASER_cs-1024x671.jpg","type":"image\/jpeg"}],"author":"vnista","twitter_card":"summary_large_image","twitter_misc":{"Scritto da":"vnista","Tempo di lettura stimato":"4 minuti"},"schema":{"@context":"https:\/\/schema.org","@graph":[{"@type":"Article","@id":"https:\/\/www.teka.com\/it-it\/news\/teka-al-fuorisalone-2026-con-memoteca-a-teka-journey-in-piazza-gae-aulenti\/#article","isPartOf":{"@id":"https:\/\/www.teka.com\/it-it\/news\/teka-al-fuorisalone-2026-con-memoteca-a-teka-journey-in-piazza-gae-aulenti\/"},"author":{"name":"vnista","@id":"https:\/\/www.teka.com\/it-it\/#\/schema\/person\/d181ec33a8545af3b6fc0fec5ec236ed"},"headline":"Teka al Fuorisalone 2026 con \u201cMemoteca \u2013 A Teka Journey\u201d in Piazza Gae Aulenti","datePublished":"2026-04-13T08:27:18+00:00","dateModified":"2026-04-20T09:15:20+00:00","mainEntityOfPage":{"@id":"https:\/\/www.teka.com\/it-it\/news\/teka-al-fuorisalone-2026-con-memoteca-a-teka-journey-in-piazza-gae-aulenti\/"},"wordCount":640,"commentCount":0,"image":{"@id":"https:\/\/www.teka.com\/it-it\/news\/teka-al-fuorisalone-2026-con-memoteca-a-teka-journey-in-piazza-gae-aulenti\/#primaryimage"},"thumbnailUrl":"https:\/\/www.teka.com\/it-it\/wp-content\/uploads\/sites\/137\/2025\/04\/TEKA_DW_26_KV_TEASER_cs.jpg","articleSection":["Corporate News","News"],"inLanguage":"it-IT","potentialAction":[{"@type":"CommentAction","name":"Comment","target":["https:\/\/www.teka.com\/it-it\/news\/teka-al-fuorisalone-2026-con-memoteca-a-teka-journey-in-piazza-gae-aulenti\/#respond"]}]},{"@type":"WebPage","@id":"https:\/\/www.teka.com\/it-it\/news\/teka-al-fuorisalone-2026-con-memoteca-a-teka-journey-in-piazza-gae-aulenti\/","url":"https:\/\/www.teka.com\/it-it\/news\/teka-al-fuorisalone-2026-con-memoteca-a-teka-journey-in-piazza-gae-aulenti\/","name":"Teka al Fuorisalone 2026 con \u201cMemoteca \u2013 A Teka Journey\u201d in Piazza Gae Aulenti | Teka Italia","isPartOf":{"@id":"https:\/\/www.teka.com\/it-it\/#website"},"primaryImageOfPage":{"@id":"https:\/\/www.teka.com\/it-it\/news\/teka-al-fuorisalone-2026-con-memoteca-a-teka-journey-in-piazza-gae-aulenti\/#primaryimage"},"image":{"@id":"https:\/\/www.teka.com\/it-it\/news\/teka-al-fuorisalone-2026-con-memoteca-a-teka-journey-in-piazza-gae-aulenti\/#primaryimage"},"thumbnailUrl":"https:\/\/www.teka.com\/it-it\/wp-content\/uploads\/sites\/137\/2025\/04\/TEKA_DW_26_KV_TEASER_cs.jpg","datePublished":"2026-04-13T08:27:18+00:00","dateModified":"2026-04-20T09:15:20+00:00","author":{"@id":"https:\/\/www.teka.com\/it-it\/#\/schema\/person\/d181ec33a8545af3b6fc0fec5ec236ed"},"inLanguage":"it-IT","potentialAction":[{"@type":"ReadAction","target":["https:\/\/www.teka.com\/it-it\/news\/teka-al-fuorisalone-2026-con-memoteca-a-teka-journey-in-piazza-gae-aulenti\/"]}]},{"@type":"ImageObject","inLanguage":"it-IT","@id":"https:\/\/www.teka.com\/it-it\/news\/teka-al-fuorisalone-2026-con-memoteca-a-teka-journey-in-piazza-gae-aulenti\/#primaryimage","url":"https:\/\/www.teka.com\/it-it\/wp-content\/uploads\/sites\/137\/2025\/04\/TEKA_DW_26_KV_TEASER_cs.jpg","contentUrl":"https:\/\/www.teka.com\/it-it\/wp-content\/uploads\/sites\/137\/2025\/04\/TEKA_DW_26_KV_TEASER_cs.jpg","width":2560,"height":1678},{"@type":"WebSite","@id":"https:\/\/www.teka.com\/it-it\/#website","url":"https:\/\/www.teka.com\/it-it\/","name":"Teka Italia","description":"","potentialAction":[{"@type":"SearchAction","target":{"@type":"EntryPoint","urlTemplate":"https:\/\/www.teka.com\/it-it\/?s={search_term_string}"},"query-input":{"@type":"PropertyValueSpecification","valueRequired":true,"valueName":"search_term_string"}}],"inLanguage":"it-IT"},{"@type":"Person","@id":"https:\/\/www.teka.com\/it-it\/#\/schema\/person\/d181ec33a8545af3b6fc0fec5ec236ed","name":"vnista","image":{"@type":"ImageObject","inLanguage":"it-IT","@id":"https:\/\/secure.gravatar.com\/avatar\/4519fa42677fa7cec05599d5419c789e0671a4f50e7cb630f6405050d4b7b5db?s=96&d=mm&r=g","url":"https:\/\/secure.gravatar.com\/avatar\/4519fa42677fa7cec05599d5419c789e0671a4f50e7cb630f6405050d4b7b5db?s=96&d=mm&r=g","contentUrl":"https:\/\/secure.gravatar.com\/avatar\/4519fa42677fa7cec05599d5419c789e0671a4f50e7cb630f6405050d4b7b5db?s=96&d=mm&r=g","caption":"vnista"}}]}},"_links":{"self":[{"href":"https:\/\/www.teka.com\/it-it\/wp-json\/wp\/v2\/posts\/150215","targetHints":{"allow":["GET"]}}],"collection":[{"href":"https:\/\/www.teka.com\/it-it\/wp-json\/wp\/v2\/posts"}],"about":[{"href":"https:\/\/www.teka.com\/it-it\/wp-json\/wp\/v2\/types\/post"}],"author":[{"embeddable":true,"href":"https:\/\/www.teka.com\/it-it\/wp-json\/wp\/v2\/users\/204"}],"replies":[{"embeddable":true,"href":"https:\/\/www.teka.com\/it-it\/wp-json\/wp\/v2\/comments?post=150215"}],"version-history":[{"count":4,"href":"https:\/\/www.teka.com\/it-it\/wp-json\/wp\/v2\/posts\/150215\/revisions"}],"predecessor-version":[{"id":150224,"href":"https:\/\/www.teka.com\/it-it\/wp-json\/wp\/v2\/posts\/150215\/revisions\/150224"}],"wp:featuredmedia":[{"embeddable":true,"href":"https:\/\/www.teka.com\/it-it\/wp-json\/wp\/v2\/media\/150220"}],"wp:attachment":[{"href":"https:\/\/www.teka.com\/it-it\/wp-json\/wp\/v2\/media?parent=150215"}],"wp:term":[{"taxonomy":"category","embeddable":true,"href":"https:\/\/www.teka.com\/it-it\/wp-json\/wp\/v2\/categories?post=150215"},{"taxonomy":"post_tag","embeddable":true,"href":"https:\/\/www.teka.com\/it-it\/wp-json\/wp\/v2\/tags?post=150215"}],"curies":[{"name":"wp","href":"https:\/\/api.w.org\/{rel}","templated":true}]}}