{"id":61807,"date":"2021-08-26T08:28:52","date_gmt":"2021-08-26T08:28:52","guid":{"rendered":"https:\/\/www.teka.com\/pl-pl\/?p=61807"},"modified":"2023-05-24T14:29:53","modified_gmt":"2023-05-24T14:29:53","slug":"szuflada-do-pakowania-prozniowego-co-to-jest","status":"publish","type":"post","link":"https:\/\/www.teka.com\/pl-pl\/inspiracja\/innowacje\/szuflada-do-pakowania-prozniowego-co-to-jest\/","title":{"rendered":"Szuflada do pakowania pr\u00f3\u017cniowego \u2013 co to jest?"},"content":{"rendered":"<p style=\"text-align: justify\">Ka\u017cdy z nas z pewno\u015bci\u0105 cho\u0107 raz w \u017cyciu spotka\u0142 si\u0119 z sytuacj\u0105, kiedy okaza\u0142o si\u0119, \u017ce w lod\u00f3wce znajduje si\u0119 wi\u0119cej jedzenia, ni\u017c zdo\u0142amy przeje\u015b\u0107. Gotowe posi\u0142ki maj\u0105 kr\u00f3tki czas przechowywania, gdy\u017c zwyczajnie ulegaj\u0105 fermentacji oraz pojawia si\u0119 na nich ple\u015b\u0144. A jak ju\u017c proces ten si\u0119 zacznie, nie pozostaje nam nic innego, jak pozby\u0107 si\u0119 popsutego jedzenia, by unikn\u0105\u0107 nieprzyjemnych konsekwencji ze strony uk\u0142adu pokarmowego. Sposobem na zbyt du\u017c\u0105 ilo\u015b\u0107 jedzenia w lod\u00f3wce jest jego mro\u017cenie. Ale nie tylko. Doskona\u0142ym pomys\u0142em na ograniczenie marnowania \u017cywno\u015bci jest tak\u017ce pakowanie pr\u00f3\u017cniowe poporcjowanych produkt\u00f3w, w czym pomo\u017ce szuflada do pakowania pr\u00f3\u017cniowego. Co to jest, do czego mo\u017cna jej u\u017cywa\u0107 i jakie korzy\u015bci mo\u017ce nam przynie\u015b\u0107 pakowanie pr\u00f3\u017cniowe \u2013 dowiesz si\u0119 z poni\u017cszego tekstu.<\/p>\n<h2>Spis tre\u015bci:<\/h2>\n<ol>\n<li><a href=\"#section1\">Czym jest pakowanie pr\u00f3\u017cniowe?<\/a><\/li>\n<li><a href=\"#section2\">Co nadaje si\u0119 do pakowania pr\u00f3\u017cniowego, a co nie?<\/a><\/li>\n<li><a href=\"#section3\">Jak d\u0142ugo mo\u017cna przechowywa\u0107 po\u017cywienie w opakowaniach pr\u00f3\u017cniowych?<\/a><\/li>\n<li><a href=\"#section4\">Szuflada do pakowania pr\u00f3\u017cniowego \u2013 jak z niej korzysta\u0107<\/a><\/li>\n<li><a href=\"#section5\">Zdrowe i smaczne jedzenie ka\u017cdego dnia<\/a><\/li>\n<li><a href=\"#section6\">Oszcz\u0119dzaj miejsce, zadbaj o wygl\u0105d kuchni<\/a><\/li>\n<\/ol>\n<h2><img loading=\"lazy\" decoding=\"async\" class=\"alignnone size-full wp-image-61812\" src=\"https:\/\/www.teka.com\/pl-pl\/wp-content\/uploads\/sites\/15\/2021\/08\/szuflada-do-pakowania-prozniowego-front.png\" alt=\"szuflada do pakowania pr\u00f3\u017cniowego front\" width=\"1300\" height=\"731\" srcset=\"https:\/\/www.teka.com\/pl-pl\/wp-content\/uploads\/sites\/15\/2021\/08\/szuflada-do-pakowania-prozniowego-front.png 1300w, https:\/\/www.teka.com\/pl-pl\/wp-content\/uploads\/sites\/15\/2021\/08\/szuflada-do-pakowania-prozniowego-front-1280x720.png 1280w, https:\/\/www.teka.com\/pl-pl\/wp-content\/uploads\/sites\/15\/2021\/08\/szuflada-do-pakowania-prozniowego-front-980x551.png 980w, https:\/\/www.teka.com\/pl-pl\/wp-content\/uploads\/sites\/15\/2021\/08\/szuflada-do-pakowania-prozniowego-front-480x270.png 480w\" sizes=\"(min-width: 0px) and (max-width: 480px) 480px, (min-width: 481px) and (max-width: 980px) 980px, (min-width: 981px) and (max-width: 1280px) 1280px, (min-width: 1281px) 1300px, 100vw\" \/><\/h2>\n<h2 id=\"section1\" style=\"text-align: justify;\">Czym jest pakowanie pr\u00f3\u017cniowe?<\/h2>\n<p style=\"text-align: justify\">Najpro\u015bciej rzecz ujmuj\u0105c, pakowanie pr\u00f3\u017cniowe jest usuwaniem tlenu z pojemnika, w jakim umie\u015bcili\u015bmy \u017cywno\u015b\u0107, kt\u00f3r\u0105 chcemy przechowa\u0107. Po usuni\u0119ciu powietrza, jest on szczelnie zamykany. Szczelno\u015b\u0107 pojemnika jest podstawowym warunkiem skutecznego i trwa\u0142ego usuni\u0119cia gazu. Czy b\u0119dzie to plastikowa, czy szklana miseczka z przykrywk\u0105 b\u0105d\u017a woreczek zgrzewany z obu stron \u2013 musz\u0105 spe\u0142nia\u0107 ten jeden warunek \u2013 nie mog\u0105 by\u0107 uszkodzone i musz\u0105 si\u0119 hermetycznie zamyka\u0107. Jedzenie psuje si\u0119, gdy ma dost\u0119p do tlenu. Namna\u017caj\u0105 si\u0119 bakterie, pojawiaj\u0105 si\u0119 zarodniki ple\u015bni. Kiedy odetniemy lub znacznie ograniczymy jego dost\u0119p do po\u017cywienia, spowodujemy znaczne spowolnienie proces\u00f3w psucia, a co za tym idzie \u2013 umo\u017cliwimy d\u0142u\u017csze i bezpieczniejsze przechowywanie \u017cywno\u015bci. Wszystko w duchu <a href=\"https:\/\/www.teka.com\/pl-pl\/inspiracja\/foodwaste-jak-przygotowywac-posilki-aby-nie-marnowac-jedzenia\/\">\u201eless waste\u201d<\/a>.<\/p>\n<p><img loading=\"lazy\" decoding=\"async\" class=\"alignnone size-full wp-image-61813\" src=\"https:\/\/www.teka.com\/pl-pl\/wp-content\/uploads\/sites\/15\/2021\/08\/co-mozna-pakowac-prozniowo.jpg\" alt=\"co mo\u017cna pakowa\u0107 pr\u00f3\u017cniowo\" width=\"1299\" height=\"801\" srcset=\"https:\/\/www.teka.com\/pl-pl\/wp-content\/uploads\/sites\/15\/2021\/08\/co-mozna-pakowac-prozniowo.jpg 1299w, https:\/\/www.teka.com\/pl-pl\/wp-content\/uploads\/sites\/15\/2021\/08\/co-mozna-pakowac-prozniowo-1280x789.jpg 1280w, https:\/\/www.teka.com\/pl-pl\/wp-content\/uploads\/sites\/15\/2021\/08\/co-mozna-pakowac-prozniowo-980x604.jpg 980w, https:\/\/www.teka.com\/pl-pl\/wp-content\/uploads\/sites\/15\/2021\/08\/co-mozna-pakowac-prozniowo-480x296.jpg 480w\" sizes=\"(min-width: 0px) and (max-width: 480px) 480px, (min-width: 481px) and (max-width: 980px) 980px, (min-width: 981px) and (max-width: 1280px) 1280px, (min-width: 1281px) 1299px, 100vw\" \/><\/p>\n<h2 id=\"section2\" style=\"text-align: justify;\">Co nadaje si\u0119 do pakowania pr\u00f3\u017cniowego, a co nie?<\/h2>\n<p style=\"text-align: justify\">Pakowanie pr\u00f3\u017cniowe znane jest ju\u017c od wielu lat. Bardzo popularnym rozwi\u0105zaniem jest stosowanie work\u00f3w pr\u00f3\u017cniowych do przechowywania sezonowych ubra\u0144, czy zapasowych komplet\u00f3w po\u015bcieli. W celu odessania nadmiaru powietrza wykorzystujemy odkurzacz. Pod\u0142\u0105czamy rur\u0119 ss\u0105c\u0105 do wentyla worka na ubrania i w\u0142\u0105czamy ssanie. Po chwili mo\u017cemy zakr\u0119ci\u0107 wentyl i gotowe. Tak sk\u0142adowane przedmioty zajmuj\u0105 znacznie mniej miejsca i mo\u017cemy by\u0107 spokojni \u2013 odpakujemy je w stanie idealnym. A jedzenie? Je r\u00f3wnie\u017c mo\u017cemy pakowa\u0107 pr\u00f3\u017cniowo, cho\u0107 niekoniecznie w celu zmniejszenia jego obj\u0119to\u015bci. W zasadzie ka\u017cdy produkt spo\u017cywczy mo\u017cemy dzi\u015b zapakowa\u0107 w ten spos\u00f3b. Oczywi\u015bcie, s\u0105 produkty, kt\u00f3re trzeba wcze\u015bniej podda\u0107 wst\u0119pnej obr\u00f3bce, jak na przyk\u0142ad mro\u017cenie (w przypadku zup czy sos\u00f3w). Z powodzeniem zapakujemy ryby (tak surowe, jak i <a href=\"https:\/\/youtu.be\/rqzE_sDmxcY\">ugotowane<\/a>, pieczone czy w\u0119dzone), mi\u0119so, pieczywo, warzywa i owoce. W przypadku produkt\u00f3w p\u0142ynnych, kt\u00f3re mog\u0142yby zosta\u0107 zassane do kompresora (i go uszkodzi\u0107), zalecane jest uprzednie odparowanie nadmiaru wody, b\u0105d\u017a, jak ju\u017c wspominali\u015bmy wy\u017cej &#8211; zamro\u017cenie.<\/p>\n<h2 id=\"section3\" style=\"text-align: justify;\">Jak d\u0142ugo mo\u017cna przechowywa\u0107 po\u017cywienie w opakowaniach pr\u00f3\u017cniowych?<\/h2>\n<p style=\"text-align: justify\">Ograniczenie dost\u0119pu tlenu do jedzenia znacznie wyd\u0142u\u017ca jego przydatno\u015b\u0107 do spo\u017cycia. Nie ma si\u0119 jednak co oszukiwa\u0107, \u017ce uda nam si\u0119 przesun\u0105\u0107 t\u0119 dat\u0119 o kilka lat. Ile zatem wytrzymaj\u0105 poszczeg\u00f3lne produkty zapakowane pr\u00f3\u017cniowo?<\/p>\n<ul>\n<li>\u015awie\u017ce mi\u0119so (dr\u00f3b, wieprzowina, wo\u0142owina, ryby): 6 \u2013 7 dni<\/li>\n<li>Przetworzone mi\u0119so: do 3 tygodni<\/li>\n<li>Warzywa i owoce: 20 \u2013 25 dni<\/li>\n<li>Ciastka, makarony: do 12 miesi\u0119cy<\/li>\n<\/ul>\n<p style=\"text-align: justify\">Nale\u017cy r\u00f3wnie\u017c pami\u0119ta\u0107, \u017ce pakowanie pr\u00f3\u017cniowe nie zast\u0119puje odpowiedniego przechowywania po\u017cywienia. Mi\u0119so i gotowe dania nadal trzeba trzyma\u0107 w lod\u00f3wce.<\/p>\n<h2><img loading=\"lazy\" decoding=\"async\" class=\"alignnone size-full wp-image-61811\" src=\"https:\/\/www.teka.com\/pl-pl\/wp-content\/uploads\/sites\/15\/2021\/08\/szuflada-prozniowa-w-srodku-londom-brick.png\" alt=\"Szuflada do pakowania pr\u00f3\u017cniowego - jak jej u\u017cywa\u0107\" width=\"1300\" height=\"731\" srcset=\"https:\/\/www.teka.com\/pl-pl\/wp-content\/uploads\/sites\/15\/2021\/08\/szuflada-prozniowa-w-srodku-londom-brick.png 1300w, https:\/\/www.teka.com\/pl-pl\/wp-content\/uploads\/sites\/15\/2021\/08\/szuflada-prozniowa-w-srodku-londom-brick-1280x720.png 1280w, https:\/\/www.teka.com\/pl-pl\/wp-content\/uploads\/sites\/15\/2021\/08\/szuflada-prozniowa-w-srodku-londom-brick-980x551.png 980w, https:\/\/www.teka.com\/pl-pl\/wp-content\/uploads\/sites\/15\/2021\/08\/szuflada-prozniowa-w-srodku-londom-brick-480x270.png 480w\" sizes=\"(min-width: 0px) and (max-width: 480px) 480px, (min-width: 481px) and (max-width: 980px) 980px, (min-width: 981px) and (max-width: 1280px) 1280px, (min-width: 1281px) 1300px, 100vw\" \/><\/h2>\n<h2 id=\"section4\" style=\"text-align: justify;\">Szuflada do pakowania pr\u00f3\u017cniowego \u2013 jak z niej korzysta\u0107<\/h2>\n<p style=\"text-align: justify\">Przed umieszczeniem jedzenia w woreczku pr\u00f3\u017cniowym, nale\u017cy je oczy\u015bci\u0107 i w miar\u0119 mo\u017cliwo\u015bci osuszy\u0107. Kolejne czynno\u015bci opiszemy krok po kroku:<\/p>\n<ol>\n<li>Wysu\u0144 odpowiedni\u0105 d\u0142ugo\u015b\u0107 r\u0119kawa foliowego (dopasuj j\u0105 do wielko\u015bci porcji, jaka ma by\u0107 spakowana i zostaw jeszcze troch\u0119 wolnego miejsca).<\/li>\n<li>Odetnij r\u0119kaw korzystaj\u0105c ze znajduj\u0105cej si\u0119 w szufladzie gilotyny. Przesu\u0144 ni\u0105 kilkukrotnie do przodu i do ty\u0142u.<\/li>\n<li>Odepnij boczne klipsy mocuj\u0105ce na kompresorze i otw\u00f3rz pokryw\u0119.<\/li>\n<li>Umie\u015b\u0107 foli\u0119 (odci\u0119t\u0105 stron\u0105) na pasku zgrzewania tak, by ko\u0144c\u00f3wka si\u0119ga\u0142a oko\u0142o 1 cm poza pasek zgrzewania, zamknij pokryw\u0119 i zapnij klipsy boczne.<\/li>\n<li>U\u017cyj czerwonego przycisku startu i przytrzymaj go 3 sekundy, by zgrza\u0107 foli\u0119. W czasie pracy zgrzewarki dioda pod\u015bwietli si\u0119 na czerwono, a po jej zako\u0144czeniu zmieni kolor na zielony.<\/li>\n<li>Odepnij klipsy boczne i wyjmij foli\u0119. Masz teraz woreczek gotowy do dalszego u\u017cycia.<\/li>\n<li>Umie\u015b\u0107 jedzenie w woreczku. Pami\u0119taj, \u017ce musisz pozostawi\u0107 zapas pomi\u0119dzy g\u00f3rn\u0105 kraw\u0119dzi\u0105 woreczka, a produktami, kt\u00f3re w nim umieszczasz.<\/li>\n<li>Z\u0142\u0105cz r\u00f3wno g\u00f3rne brzegi woreczka i u\u0142\u00f3\u017c je w mechanizmie kompresora tak, by dosi\u0119ga\u0142y do dw\u00f3ch wypustek znajduj\u0105cych si\u0119 w \u015brodku urz\u0105dzenia.<\/li>\n<li>Zapnij boczne klipsy mocuj\u0105ce.<\/li>\n<li>Naci\u015bnij przycisk z pod\u015bwietlon\u0105 na zielono diod\u0105. Zacznie ona \u015bwieci\u0107 pulsuj\u0105cym \u015bwiat\u0142em, a urz\u0105dzenie rozpocznie odsysanie tlenu z woreczka. Ko\u0144c\u00f3wka znajduj\u0105ca si\u0119 w kompresorze zostanie zgrzana automatycznie.<\/li>\n<li>Po zako\u0144czeniu procesu us\u0142yszysz sygna\u0142 akustyczny.<\/li>\n<li>Delikatnie poci\u0105gnij silikonowy wentyl znajduj\u0105cy si\u0119 na pokrywie kompresora, odepnij boczne klipsy i wyci\u0105gnij zapakowany i zgrzany woreczek.<\/li>\n<li>Gotowe! Mo\u017cesz teraz w\u0142o\u017cy\u0107 jedzenie do lod\u00f3wki i cieszy\u0107 si\u0119 jego \u015bwie\u017co\u015bci\u0105 przez wiele kolejnych dni.<\/li>\n<\/ol>\n<h2 id=\"section5\" style=\"text-align: justify;\">Zdrowe i smaczne jedzenie ka\u017cdego dnia<\/h2>\n<p style=\"text-align: justify\">Korzystanie z szuflady do pakowania pr\u00f3\u017cniowego to nie tylko spos\u00f3b na zabezpieczenie zbyt du\u017cej ilo\u015bci jedzenia. To r\u00f3wnie\u017c wielka pomoc dla rodzic\u00f3w pozostawiaj\u0105cych swoim dzieciom przygotowane uprzednio obiady. Kiedy pociecha jest na tyle samodzielna, \u017ce mo\u017ce ju\u017c obs\u0142ugiwa\u0107 kuchenk\u0119 mikrofalow\u0105 b\u0105d\u017a p\u0142yt\u0119 grzewcz\u0105, taki obiad b\u0119dzie dla niej du\u017cym udogodnieniem. Wystarczy, \u017ce rozetnie woreczek i po wy\u0142o\u017ceniu jego zawarto\u015bci na talerz, podgrzeje posi\u0142ek. Dziecko b\u0119dzie najedzone, a Ty b\u0119dziesz mie\u0107 pewno\u015b\u0107, \u017ce zjad\u0142o pe\u0142nowarto\u015bciowy posi\u0142ek, a nie s\u0142odkie przek\u0105ski.<\/p>\n<p style=\"text-align: justify\">Dania umieszczone w woreczkach pr\u00f3\u017cniowych mo\u017cna tak\u017ce przygotowywa\u0107 technik\u0105 sous vide (z j. fr. <em>w pr\u00f3\u017cni<\/em>). Polega ona na powolnym gotowaniu (w temperaturze nie przekraczaj\u0105cej 100 st. C) produkt\u00f3w spo\u017cywczych umieszczonych uprzednio w woreczku pr\u00f3\u017cniowym. Potrawy przyrz\u0105dzane w ten spos\u00f3b zachowuj\u0105 wszystkie witaminy i mikroelementy, kt\u00f3re normalnie uwolni\u0142yby si\u0119 do wody. S\u0105 soczyste, pe\u0142ne smaku i aromatu. Co wi\u0119cej, gotowanie sous vide sprawia, \u017ce podczas procesu obr\u00f3bki termicznej po kuchni nie rozchodz\u0105 si\u0119 \u017cadne zapachy, a po zako\u0144czeniu gotowania masz zdecydowanie mniej naczy\u0144 do zmywania.<\/p>\n<h2><img loading=\"lazy\" decoding=\"async\" class=\"alignnone size-full wp-image-61810\" src=\"https:\/\/www.teka.com\/pl-pl\/wp-content\/uploads\/sites\/15\/2021\/08\/Biala-szuflada-do-pakowania-prozniowego-w-zabudowie.jpg\" alt=\"Bia\u0142a szuflada do pakowania pr\u00f3\u017cniowego w zabudowie\" width=\"1300\" height=\"732\" srcset=\"https:\/\/www.teka.com\/pl-pl\/wp-content\/uploads\/sites\/15\/2021\/08\/Biala-szuflada-do-pakowania-prozniowego-w-zabudowie.jpg 1300w, https:\/\/www.teka.com\/pl-pl\/wp-content\/uploads\/sites\/15\/2021\/08\/Biala-szuflada-do-pakowania-prozniowego-w-zabudowie-1280x721.jpg 1280w, https:\/\/www.teka.com\/pl-pl\/wp-content\/uploads\/sites\/15\/2021\/08\/Biala-szuflada-do-pakowania-prozniowego-w-zabudowie-980x552.jpg 980w, https:\/\/www.teka.com\/pl-pl\/wp-content\/uploads\/sites\/15\/2021\/08\/Biala-szuflada-do-pakowania-prozniowego-w-zabudowie-480x270.jpg 480w\" sizes=\"(min-width: 0px) and (max-width: 480px) 480px, (min-width: 481px) and (max-width: 980px) 980px, (min-width: 981px) and (max-width: 1280px) 1280px, (min-width: 1281px) 1300px, 100vw\" \/><\/h2>\n<h2 id=\"section6\" style=\"text-align: justify;\">Oszcz\u0119dzaj miejsce, zadbaj o wygl\u0105d kuchni<\/h2>\n<p style=\"text-align: justify\">Szuflada do pakowania pr\u00f3\u017cniowego ma jeszcze jedn\u0105, istotn\u0105 zalet\u0119. Doskonale komponuje si\u0119 z wystrojem kuchni. Dzi\u0119ki wymiennym frontom, szuflad\u0119 Teka mo\u017cesz dopasowa\u0107 kolorystycznie do ka\u017cdego typu piekarnika. Niezale\u017cnie, czy wybra\u0142e\u015b klasycznie czarne AGD, postawi\u0142e\u015b na biel, czy zdecydowa\u0142e\u015b si\u0119 na loftowy br\u0105z, Twoja kuchnia b\u0119dzie wygl\u0105da\u0107 doskonale. Co wi\u0119cej, <a href=\"https:\/\/www.teka.com\/pl-pl\/produkt\/vs-1520-gs_111600004\/\">szuflada do pakowania pr\u00f3\u017cniowego Teka<\/a> jest rozwi\u0105zaniem do zabudowy, w zwi\u0105zku z czym nie tracisz cennego miejsca na blacie b\u0105d\u017a w szafkach kuchennych.<\/p>\n<p style=\"text-align: justify\">Je\u015bli zatem zale\u017cy Ci na tym, by nie marnowa\u0107 jedzenia, dba\u0107 o swoich bliskich i jednocze\u015bnie poznawa\u0107 nowe smaki dzi\u0119ki technice gotowania sous vide, szuflada do pakowania pr\u00f3\u017cniowego to co\u015b, z czego b\u0119dziesz bardzo zadowolony.<\/p>\n","protected":false},"excerpt":{"rendered":"<p>Szuflada do pakowania pr\u00f3\u017cniowego to rozwi\u0105zanie nie tylko dla szef\u00f3w kuchni. Umo\u017cliwia przed\u0142u\u017cenie \u015bwie\u017co\u015bci po\u017cywienia, dzi\u0119ki czemu marnujemy mniej jedzenia. Zobacz, jak u\u017cywa\u0107 szuflady i jakie s\u0105 korzy\u015bci z jej posiadania.<\/p>\n","protected":false},"author":147,"featured_media":61808,"comment_status":"open","ping_status":"open","sticky":false,"template":"","format":"standard","meta":{"_acf_changed":false,"_et_pb_use_builder":"","_et_pb_old_content":"","_et_gb_content_width":"","footnotes":""},"categories":[595,328750],"tags":[328306,328307,328308,328309,328310,328311,328312,328313,328314,328315,328316,328317],"class_list":["post-61807","post","type-post","status-publish","format-standard","has-post-thumbnail","hentry","category-innowacje","category-teka-wyjasnia-inspiracja","tag-szuflada-do-pakowania-prozniowego","tag-pakowanie-prozniowe","tag-less-waste","tag-sous-vide","tag-co-mozna-pakowac-prozniowo","tag-przechowywanie-miesa","tag-przechowywanie-ryb","tag-szuflada-do-zabudowy","tag-pakowanie-jedzenia","tag-pakowanie-obiadu-dla-dziecka","tag-przechowywanie-jedzenia","tag-woreczki-do-pakowania-prozniowego"],"acf":[],"yoast_head":"<!-- This site is optimized with the Yoast SEO plugin v27.5 - https:\/\/yoast.com\/product\/yoast-seo-wordpress\/ -->\n<title>Szuflada do pakowania pr\u00f3\u017cniowego \u2013 co to jest? | Teka Polska<\/title>\n<meta name=\"description\" content=\"Szuflada do pakowania pr\u00f3\u017cniowego to rozwi\u0105zanie, kt\u00f3re pozwoli Ci d\u0142u\u017cej przechowywa\u0107 jedzenie, zachowuj\u0105c jego \u015bwie\u017co\u015b\u0107.\" \/>\n<meta name=\"robots\" content=\"index, follow, max-snippet:-1, max-image-preview:large, max-video-preview:-1\" \/>\n<link rel=\"canonical\" href=\"https:\/\/www.teka.com\/pl-pl\/inspiracja\/innowacje\/szuflada-do-pakowania-prozniowego-co-to-jest\/\" \/>\n<meta property=\"og:locale\" content=\"pl_PL\" \/>\n<meta property=\"og:type\" content=\"article\" \/>\n<meta property=\"og:title\" content=\"Szuflada do pakowania pr\u00f3\u017cniowego \u2013 co to jest? | Teka Polska\" \/>\n<meta property=\"og:description\" content=\"Szuflada do pakowania pr\u00f3\u017cniowego to rozwi\u0105zanie, kt\u00f3re pozwoli Ci d\u0142u\u017cej przechowywa\u0107 jedzenie, zachowuj\u0105c jego \u015bwie\u017co\u015b\u0107.\" \/>\n<meta property=\"og:url\" content=\"https:\/\/www.teka.com\/pl-pl\/inspiracja\/innowacje\/szuflada-do-pakowania-prozniowego-co-to-jest\/\" \/>\n<meta property=\"og:site_name\" content=\"Teka Polska\" \/>\n<meta property=\"article:published_time\" content=\"2021-08-26T08:28:52+00:00\" \/>\n<meta property=\"article:modified_time\" content=\"2023-05-24T14:29:53+00:00\" \/>\n<meta property=\"og:image\" content=\"https:\/\/www.teka.com\/pl-pl\/wp-content\/uploads\/sites\/15\/2021\/08\/filet-z-lososia-zapakowany-prozniowo-scaled.jpg\" \/>\n\t<meta property=\"og:image:width\" content=\"2560\" \/>\n\t<meta property=\"og:image:height\" content=\"1709\" \/>\n\t<meta property=\"og:image:type\" content=\"image\/jpeg\" \/>\n<meta name=\"author\" content=\"rmitura\" \/>\n<meta name=\"twitter:card\" content=\"summary_large_image\" \/>\n<meta name=\"twitter:label1\" content=\"Napisane przez\" \/>\n\t<meta name=\"twitter:data1\" content=\"rmitura\" \/>\n\t<meta name=\"twitter:label2\" content=\"Szacowany czas czytania\" \/>\n\t<meta name=\"twitter:data2\" content=\"7 minut\" \/>\n<script type=\"application\/ld+json\" class=\"yoast-schema-graph\">{\"@context\":\"https:\\\/\\\/schema.org\",\"@graph\":[{\"@type\":\"Article\",\"@id\":\"https:\\\/\\\/www.teka.com\\\/pl-pl\\\/inspiracja\\\/innowacje\\\/szuflada-do-pakowania-prozniowego-co-to-jest\\\/#article\",\"isPartOf\":{\"@id\":\"https:\\\/\\\/www.teka.com\\\/pl-pl\\\/inspiracja\\\/innowacje\\\/szuflada-do-pakowania-prozniowego-co-to-jest\\\/\"},\"author\":{\"name\":\"rmitura\",\"@id\":\"https:\\\/\\\/www.teka.com\\\/pl-pl\\\/#\\\/schema\\\/person\\\/d35dd146c3ff0b5ded2c3a533ce7eb89\"},\"headline\":\"Szuflada do pakowania pr\u00f3\u017cniowego \u2013 co to jest?\",\"datePublished\":\"2021-08-26T08:28:52+00:00\",\"dateModified\":\"2023-05-24T14:29:53+00:00\",\"mainEntityOfPage\":{\"@id\":\"https:\\\/\\\/www.teka.com\\\/pl-pl\\\/inspiracja\\\/innowacje\\\/szuflada-do-pakowania-prozniowego-co-to-jest\\\/\"},\"wordCount\":1304,\"commentCount\":0,\"image\":{\"@id\":\"https:\\\/\\\/www.teka.com\\\/pl-pl\\\/inspiracja\\\/innowacje\\\/szuflada-do-pakowania-prozniowego-co-to-jest\\\/#primaryimage\"},\"thumbnailUrl\":\"https:\\\/\\\/www.teka.com\\\/pl-pl\\\/wp-content\\\/uploads\\\/sites\\\/15\\\/2021\\\/08\\\/filet-z-lososia-zapakowany-prozniowo-scaled.jpg\",\"keywords\":[\"szuflada do pakowania pr\u00f3\u017cniowego\",\"pakowanie pr\u00f3\u017cniowe\",\"less waste\",\"sous vide\",\"co mo\u017cna pakowa\u0107 pr\u00f3\u017cniowo\",\"przechowywanie mi\u0119sa\",\"przechowywanie ryb\",\"szuflada do zabudowy\",\"pakowanie jedzenia\",\"pakowanie obiadu dla dziecka\",\"przechowywanie jedzenia\",\"woreczki do pakowania pr\u00f3\u017cniowego\"],\"articleSection\":[\"Innowacje\",\"TEKA wyja\u015bnia\"],\"inLanguage\":\"pl-PL\",\"potentialAction\":[{\"@type\":\"CommentAction\",\"name\":\"Comment\",\"target\":[\"https:\\\/\\\/www.teka.com\\\/pl-pl\\\/inspiracja\\\/innowacje\\\/szuflada-do-pakowania-prozniowego-co-to-jest\\\/#respond\"]}]},{\"@type\":\"WebPage\",\"@id\":\"https:\\\/\\\/www.teka.com\\\/pl-pl\\\/inspiracja\\\/innowacje\\\/szuflada-do-pakowania-prozniowego-co-to-jest\\\/\",\"url\":\"https:\\\/\\\/www.teka.com\\\/pl-pl\\\/inspiracja\\\/innowacje\\\/szuflada-do-pakowania-prozniowego-co-to-jest\\\/\",\"name\":\"Szuflada do pakowania pr\u00f3\u017cniowego \u2013 co to jest? | Teka Polska\",\"isPartOf\":{\"@id\":\"https:\\\/\\\/www.teka.com\\\/pl-pl\\\/#website\"},\"primaryImageOfPage\":{\"@id\":\"https:\\\/\\\/www.teka.com\\\/pl-pl\\\/inspiracja\\\/innowacje\\\/szuflada-do-pakowania-prozniowego-co-to-jest\\\/#primaryimage\"},\"image\":{\"@id\":\"https:\\\/\\\/www.teka.com\\\/pl-pl\\\/inspiracja\\\/innowacje\\\/szuflada-do-pakowania-prozniowego-co-to-jest\\\/#primaryimage\"},\"thumbnailUrl\":\"https:\\\/\\\/www.teka.com\\\/pl-pl\\\/wp-content\\\/uploads\\\/sites\\\/15\\\/2021\\\/08\\\/filet-z-lososia-zapakowany-prozniowo-scaled.jpg\",\"datePublished\":\"2021-08-26T08:28:52+00:00\",\"dateModified\":\"2023-05-24T14:29:53+00:00\",\"author\":{\"@id\":\"https:\\\/\\\/www.teka.com\\\/pl-pl\\\/#\\\/schema\\\/person\\\/d35dd146c3ff0b5ded2c3a533ce7eb89\"},\"description\":\"Szuflada do pakowania pr\u00f3\u017cniowego to rozwi\u0105zanie, kt\u00f3re pozwoli Ci d\u0142u\u017cej przechowywa\u0107 jedzenie, zachowuj\u0105c jego \u015bwie\u017co\u015b\u0107.\",\"inLanguage\":\"pl-PL\",\"potentialAction\":[{\"@type\":\"ReadAction\",\"target\":[\"https:\\\/\\\/www.teka.com\\\/pl-pl\\\/inspiracja\\\/innowacje\\\/szuflada-do-pakowania-prozniowego-co-to-jest\\\/\"]}]},{\"@type\":\"ImageObject\",\"inLanguage\":\"pl-PL\",\"@id\":\"https:\\\/\\\/www.teka.com\\\/pl-pl\\\/inspiracja\\\/innowacje\\\/szuflada-do-pakowania-prozniowego-co-to-jest\\\/#primaryimage\",\"url\":\"https:\\\/\\\/www.teka.com\\\/pl-pl\\\/wp-content\\\/uploads\\\/sites\\\/15\\\/2021\\\/08\\\/filet-z-lososia-zapakowany-prozniowo-scaled.jpg\",\"contentUrl\":\"https:\\\/\\\/www.teka.com\\\/pl-pl\\\/wp-content\\\/uploads\\\/sites\\\/15\\\/2021\\\/08\\\/filet-z-lososia-zapakowany-prozniowo-scaled.jpg\",\"width\":2560,\"height\":1709,\"caption\":\"filet z \u0142ososia zapakowany pr\u00f3\u017cniowo\"},{\"@type\":\"WebSite\",\"@id\":\"https:\\\/\\\/www.teka.com\\\/pl-pl\\\/#website\",\"url\":\"https:\\\/\\\/www.teka.com\\\/pl-pl\\\/\",\"name\":\"Teka Polska\",\"description\":\"Tw\u00f3j przepis na \u017cycie\",\"potentialAction\":[{\"@type\":\"SearchAction\",\"target\":{\"@type\":\"EntryPoint\",\"urlTemplate\":\"https:\\\/\\\/www.teka.com\\\/pl-pl\\\/?s={search_term_string}\"},\"query-input\":{\"@type\":\"PropertyValueSpecification\",\"valueRequired\":true,\"valueName\":\"search_term_string\"}}],\"inLanguage\":\"pl-PL\"},{\"@type\":\"Person\",\"@id\":\"https:\\\/\\\/www.teka.com\\\/pl-pl\\\/#\\\/schema\\\/person\\\/d35dd146c3ff0b5ded2c3a533ce7eb89\",\"name\":\"rmitura\",\"image\":{\"@type\":\"ImageObject\",\"inLanguage\":\"pl-PL\",\"@id\":\"https:\\\/\\\/secure.gravatar.com\\\/avatar\\\/894fb191f3e042001314fd2efdb25f07be2951d44b25ee15da94a6e1ae6a6803?s=96&d=mm&r=g\",\"url\":\"https:\\\/\\\/secure.gravatar.com\\\/avatar\\\/894fb191f3e042001314fd2efdb25f07be2951d44b25ee15da94a6e1ae6a6803?s=96&d=mm&r=g\",\"contentUrl\":\"https:\\\/\\\/secure.gravatar.com\\\/avatar\\\/894fb191f3e042001314fd2efdb25f07be2951d44b25ee15da94a6e1ae6a6803?s=96&d=mm&r=g\",\"caption\":\"rmitura\"}}]}<\/script>\n<!-- \/ Yoast SEO plugin. -->","yoast_head_json":{"title":"Szuflada do pakowania pr\u00f3\u017cniowego \u2013 co to jest? | Teka Polska","description":"Szuflada do pakowania pr\u00f3\u017cniowego to rozwi\u0105zanie, kt\u00f3re pozwoli Ci d\u0142u\u017cej przechowywa\u0107 jedzenie, zachowuj\u0105c jego \u015bwie\u017co\u015b\u0107.","robots":{"index":"index","follow":"follow","max-snippet":"max-snippet:-1","max-image-preview":"max-image-preview:large","max-video-preview":"max-video-preview:-1"},"canonical":"https:\/\/www.teka.com\/pl-pl\/inspiracja\/innowacje\/szuflada-do-pakowania-prozniowego-co-to-jest\/","og_locale":"pl_PL","og_type":"article","og_title":"Szuflada do pakowania pr\u00f3\u017cniowego \u2013 co to jest? | Teka Polska","og_description":"Szuflada do pakowania pr\u00f3\u017cniowego to rozwi\u0105zanie, kt\u00f3re pozwoli Ci d\u0142u\u017cej przechowywa\u0107 jedzenie, zachowuj\u0105c jego \u015bwie\u017co\u015b\u0107.","og_url":"https:\/\/www.teka.com\/pl-pl\/inspiracja\/innowacje\/szuflada-do-pakowania-prozniowego-co-to-jest\/","og_site_name":"Teka Polska","article_published_time":"2021-08-26T08:28:52+00:00","article_modified_time":"2023-05-24T14:29:53+00:00","og_image":[{"width":2560,"height":1709,"url":"https:\/\/www.teka.com\/pl-pl\/wp-content\/uploads\/sites\/15\/2021\/08\/filet-z-lososia-zapakowany-prozniowo-scaled.jpg","type":"image\/jpeg"}],"author":"rmitura","twitter_card":"summary_large_image","twitter_misc":{"Napisane przez":"rmitura","Szacowany czas czytania":"7 minut"},"schema":{"@context":"https:\/\/schema.org","@graph":[{"@type":"Article","@id":"https:\/\/www.teka.com\/pl-pl\/inspiracja\/innowacje\/szuflada-do-pakowania-prozniowego-co-to-jest\/#article","isPartOf":{"@id":"https:\/\/www.teka.com\/pl-pl\/inspiracja\/innowacje\/szuflada-do-pakowania-prozniowego-co-to-jest\/"},"author":{"name":"rmitura","@id":"https:\/\/www.teka.com\/pl-pl\/#\/schema\/person\/d35dd146c3ff0b5ded2c3a533ce7eb89"},"headline":"Szuflada do pakowania pr\u00f3\u017cniowego \u2013 co to jest?","datePublished":"2021-08-26T08:28:52+00:00","dateModified":"2023-05-24T14:29:53+00:00","mainEntityOfPage":{"@id":"https:\/\/www.teka.com\/pl-pl\/inspiracja\/innowacje\/szuflada-do-pakowania-prozniowego-co-to-jest\/"},"wordCount":1304,"commentCount":0,"image":{"@id":"https:\/\/www.teka.com\/pl-pl\/inspiracja\/innowacje\/szuflada-do-pakowania-prozniowego-co-to-jest\/#primaryimage"},"thumbnailUrl":"https:\/\/www.teka.com\/pl-pl\/wp-content\/uploads\/sites\/15\/2021\/08\/filet-z-lososia-zapakowany-prozniowo-scaled.jpg","keywords":["szuflada do pakowania pr\u00f3\u017cniowego","pakowanie pr\u00f3\u017cniowe","less waste","sous vide","co mo\u017cna pakowa\u0107 pr\u00f3\u017cniowo","przechowywanie mi\u0119sa","przechowywanie ryb","szuflada do zabudowy","pakowanie jedzenia","pakowanie obiadu dla dziecka","przechowywanie jedzenia","woreczki do pakowania pr\u00f3\u017cniowego"],"articleSection":["Innowacje","TEKA wyja\u015bnia"],"inLanguage":"pl-PL","potentialAction":[{"@type":"CommentAction","name":"Comment","target":["https:\/\/www.teka.com\/pl-pl\/inspiracja\/innowacje\/szuflada-do-pakowania-prozniowego-co-to-jest\/#respond"]}]},{"@type":"WebPage","@id":"https:\/\/www.teka.com\/pl-pl\/inspiracja\/innowacje\/szuflada-do-pakowania-prozniowego-co-to-jest\/","url":"https:\/\/www.teka.com\/pl-pl\/inspiracja\/innowacje\/szuflada-do-pakowania-prozniowego-co-to-jest\/","name":"Szuflada do pakowania pr\u00f3\u017cniowego \u2013 co to jest? | Teka Polska","isPartOf":{"@id":"https:\/\/www.teka.com\/pl-pl\/#website"},"primaryImageOfPage":{"@id":"https:\/\/www.teka.com\/pl-pl\/inspiracja\/innowacje\/szuflada-do-pakowania-prozniowego-co-to-jest\/#primaryimage"},"image":{"@id":"https:\/\/www.teka.com\/pl-pl\/inspiracja\/innowacje\/szuflada-do-pakowania-prozniowego-co-to-jest\/#primaryimage"},"thumbnailUrl":"https:\/\/www.teka.com\/pl-pl\/wp-content\/uploads\/sites\/15\/2021\/08\/filet-z-lososia-zapakowany-prozniowo-scaled.jpg","datePublished":"2021-08-26T08:28:52+00:00","dateModified":"2023-05-24T14:29:53+00:00","author":{"@id":"https:\/\/www.teka.com\/pl-pl\/#\/schema\/person\/d35dd146c3ff0b5ded2c3a533ce7eb89"},"description":"Szuflada do pakowania pr\u00f3\u017cniowego to rozwi\u0105zanie, kt\u00f3re pozwoli Ci d\u0142u\u017cej przechowywa\u0107 jedzenie, zachowuj\u0105c jego \u015bwie\u017co\u015b\u0107.","inLanguage":"pl-PL","potentialAction":[{"@type":"ReadAction","target":["https:\/\/www.teka.com\/pl-pl\/inspiracja\/innowacje\/szuflada-do-pakowania-prozniowego-co-to-jest\/"]}]},{"@type":"ImageObject","inLanguage":"pl-PL","@id":"https:\/\/www.teka.com\/pl-pl\/inspiracja\/innowacje\/szuflada-do-pakowania-prozniowego-co-to-jest\/#primaryimage","url":"https:\/\/www.teka.com\/pl-pl\/wp-content\/uploads\/sites\/15\/2021\/08\/filet-z-lososia-zapakowany-prozniowo-scaled.jpg","contentUrl":"https:\/\/www.teka.com\/pl-pl\/wp-content\/uploads\/sites\/15\/2021\/08\/filet-z-lososia-zapakowany-prozniowo-scaled.jpg","width":2560,"height":1709,"caption":"filet z \u0142ososia zapakowany pr\u00f3\u017cniowo"},{"@type":"WebSite","@id":"https:\/\/www.teka.com\/pl-pl\/#website","url":"https:\/\/www.teka.com\/pl-pl\/","name":"Teka Polska","description":"Tw\u00f3j przepis na \u017cycie","potentialAction":[{"@type":"SearchAction","target":{"@type":"EntryPoint","urlTemplate":"https:\/\/www.teka.com\/pl-pl\/?s={search_term_string}"},"query-input":{"@type":"PropertyValueSpecification","valueRequired":true,"valueName":"search_term_string"}}],"inLanguage":"pl-PL"},{"@type":"Person","@id":"https:\/\/www.teka.com\/pl-pl\/#\/schema\/person\/d35dd146c3ff0b5ded2c3a533ce7eb89","name":"rmitura","image":{"@type":"ImageObject","inLanguage":"pl-PL","@id":"https:\/\/secure.gravatar.com\/avatar\/894fb191f3e042001314fd2efdb25f07be2951d44b25ee15da94a6e1ae6a6803?s=96&d=mm&r=g","url":"https:\/\/secure.gravatar.com\/avatar\/894fb191f3e042001314fd2efdb25f07be2951d44b25ee15da94a6e1ae6a6803?s=96&d=mm&r=g","contentUrl":"https:\/\/secure.gravatar.com\/avatar\/894fb191f3e042001314fd2efdb25f07be2951d44b25ee15da94a6e1ae6a6803?s=96&d=mm&r=g","caption":"rmitura"}}]}},"_links":{"self":[{"href":"https:\/\/www.teka.com\/pl-pl\/wp-json\/wp\/v2\/posts\/61807","targetHints":{"allow":["GET"]}}],"collection":[{"href":"https:\/\/www.teka.com\/pl-pl\/wp-json\/wp\/v2\/posts"}],"about":[{"href":"https:\/\/www.teka.com\/pl-pl\/wp-json\/wp\/v2\/types\/post"}],"author":[{"embeddable":true,"href":"https:\/\/www.teka.com\/pl-pl\/wp-json\/wp\/v2\/users\/147"}],"replies":[{"embeddable":true,"href":"https:\/\/www.teka.com\/pl-pl\/wp-json\/wp\/v2\/comments?post=61807"}],"version-history":[{"count":11,"href":"https:\/\/www.teka.com\/pl-pl\/wp-json\/wp\/v2\/posts\/61807\/revisions"}],"predecessor-version":[{"id":124796,"href":"https:\/\/www.teka.com\/pl-pl\/wp-json\/wp\/v2\/posts\/61807\/revisions\/124796"}],"wp:featuredmedia":[{"embeddable":true,"href":"https:\/\/www.teka.com\/pl-pl\/wp-json\/wp\/v2\/media\/61808"}],"wp:attachment":[{"href":"https:\/\/www.teka.com\/pl-pl\/wp-json\/wp\/v2\/media?parent=61807"}],"wp:term":[{"taxonomy":"category","embeddable":true,"href":"https:\/\/www.teka.com\/pl-pl\/wp-json\/wp\/v2\/categories?post=61807"},{"taxonomy":"post_tag","embeddable":true,"href":"https:\/\/www.teka.com\/pl-pl\/wp-json\/wp\/v2\/tags?post=61807"}],"curies":[{"name":"wp","href":"https:\/\/api.w.org\/{rel}","templated":true}]}}