{"id":124146,"date":"2023-09-29T11:38:13","date_gmt":"2023-09-29T11:38:13","guid":{"rendered":"https:\/\/www.teka.com\/pt-pt\/?p=124146"},"modified":"2023-09-29T11:57:25","modified_gmt":"2023-09-29T11:57:25","slug":"9-razoes-pelas-quais-e-importante-reciclar-em-casa","status":"publish","type":"post","link":"https:\/\/www.teka.com\/pt-pt\/inspiracao\/9-razoes-pelas-quais-e-importante-reciclar-em-casa\/","title":{"rendered":"9 raz\u00f5es pelas quais \u00e9 importante reciclar em casa"},"content":{"rendered":"<p data-sourcepos=\"7:1-7:435\"><img loading=\"lazy\" decoding=\"async\" class=\"aligncenter size-full wp-image-124147\" src=\"https:\/\/www.teka.com\/pt-pt\/wp-content\/uploads\/sites\/8\/2023\/08\/reciclar-en-casa.jpg\" alt=\"reciclar em casa\" width=\"1300\" height=\"394\" srcset=\"https:\/\/www.teka.com\/pt-pt\/wp-content\/uploads\/sites\/8\/2023\/08\/reciclar-en-casa.jpg 1300w, https:\/\/www.teka.com\/pt-pt\/wp-content\/uploads\/sites\/8\/2023\/08\/reciclar-en-casa-1280x388.jpg 1280w, https:\/\/www.teka.com\/pt-pt\/wp-content\/uploads\/sites\/8\/2023\/08\/reciclar-en-casa-980x297.jpg 980w, https:\/\/www.teka.com\/pt-pt\/wp-content\/uploads\/sites\/8\/2023\/08\/reciclar-en-casa-480x145.jpg 480w\" sizes=\"(min-width: 0px) and (max-width: 480px) 480px, (min-width: 481px) and (max-width: 980px) 980px, (min-width: 981px) and (max-width: 1280px) 1280px, (min-width: 1281px) 1300px, 100vw\" \/><\/p>\n<p data-sourcepos=\"7:1-7:435\">O planeta, para ser sustent\u00e1vel, precisa de uma redu\u00e7\u00e3o imediata do consumo de recursos. Nesta tarefa estamos todos envolvidos, desde os governos e grandes empresas at\u00e9 ao cidad\u00e3o comum. Reciclar \u00e9 uma a\u00e7\u00e3o que deve envolver todos os <strong>membros da fam\u00edlia<\/strong>, \u00e9 simples e cria bons h\u00e1bitos. Mas vamos explicar-lhe outras raz\u00f5es pelas quais \u00e9 importante reciclar em casa e como o fazer corretamente:<\/p>\n<p data-sourcepos=\"7:1-7:435\">\n<h6><strong>1- Diminuir o consumo de energia<\/strong><\/h6>\n<p data-sourcepos=\"11:1-11:202\">Ao reciclar, eliminamos, ou pelo menos reduzimos, o trabalho de <strong>extra\u00e7\u00e3o e de produ\u00e7\u00e3o<\/strong> de mat\u00e9rias-primas, o que provoca uma redu\u00e7\u00e3o dr\u00e1stica no consumo de energia necess\u00e1rio para realizar estes processos.<\/p>\n<p data-sourcepos=\"11:1-11:202\">Ao reduzir o consumo de energia, reduzimos as emiss\u00f5es de CO2 para a atmosfera. Isso ajuda a que haja uma redu\u00e7\u00e3o no aquecimento global e no efeito estufa, por isso reciclar em casa ajuda diretamente o planeta.<\/p>\n<p data-sourcepos=\"11:1-11:202\">\n<h6><strong>2- Reduz a polui\u00e7\u00e3o do ar<\/strong><\/h6>\n<p><img loading=\"lazy\" decoding=\"async\" class=\"alignnone wp-image-124268 size-full\" src=\"https:\/\/www.teka.com\/pt-pt\/wp-content\/uploads\/sites\/8\/2023\/08\/ventana-abierta-con-cortinas.jpg\" alt=\"reciclar o ar\" width=\"700\" height=\"436\" srcset=\"https:\/\/www.teka.com\/pt-pt\/wp-content\/uploads\/sites\/8\/2023\/08\/ventana-abierta-con-cortinas.jpg 700w, https:\/\/www.teka.com\/pt-pt\/wp-content\/uploads\/sites\/8\/2023\/08\/ventana-abierta-con-cortinas-480x299.jpg 480w\" sizes=\"(min-width: 0px) and (max-width: 480px) 480px, (min-width: 481px) 700px, 100vw\" \/><\/p>\n<p data-sourcepos=\"17:1-17:174\">Mas uma redu\u00e7\u00e3o de CO2 na atmosfera n\u00e3o provoca s\u00f3 uma redu\u00e7\u00e3o do aquecimento global. Atualmente, a qualidade do ar na maioria das cidades \u00e9 melhor\u00e1vel ou, mesmo, m\u00e1.<\/p>\n<p data-sourcepos=\"19:1-19:309\">Segundo a Organiza\u00e7\u00e3o Mundial de Sa\u00fade, h\u00e1 uma rela\u00e7\u00e3o direta entre as doen\u00e7as cardiovasculares e respirat\u00f3rias e a qualidade do ar que respiramos, por isso menos polui\u00e7\u00e3o vai significar uma melhor sa\u00fade global, especialmente nas gera\u00e7\u00f5es futuras. Este investimento em sa\u00fade ser\u00e1 eficaz a m\u00e9dio e longo prazo.<\/p>\n<p data-sourcepos=\"19:1-19:309\">\n<h6><strong>3- Redu\u00e7\u00e3o do volume total de res\u00edduos<\/strong><\/h6>\n<p data-sourcepos=\"23:1-23:198\">Por pura matem\u00e1tica, a redu\u00e7\u00e3o de res\u00edduos recicl\u00e1veis vai provocar uma <strong>redu\u00e7\u00e3o do volume total de res\u00edduos<\/strong> que tem de ser gerido, que \u00e9 composto pela soma de res\u00edduos recicl\u00e1veis e n\u00e3o recicl\u00e1veis.<\/p>\n<p data-sourcepos=\"25:1-25:25\"><strong><img loading=\"lazy\" decoding=\"async\" class=\"alignnone wp-image-124267 size-full\" src=\"https:\/\/www.teka.com\/pt-pt\/wp-content\/uploads\/sites\/8\/2023\/08\/COMO-RECICLAR-EN-CASA.png\" alt=\"como reciclar em casa\" width=\"700\" height=\"436\" srcset=\"https:\/\/www.teka.com\/pt-pt\/wp-content\/uploads\/sites\/8\/2023\/08\/COMO-RECICLAR-EN-CASA.png 700w, https:\/\/www.teka.com\/pt-pt\/wp-content\/uploads\/sites\/8\/2023\/08\/COMO-RECICLAR-EN-CASA-480x299.png 480w\" sizes=\"(min-width: 0px) and (max-width: 480px) 480px, (min-width: 481px) 700px, 100vw\" \/><\/strong><\/p>\n<p data-sourcepos=\"27:1-27:325\">Reduzir os res\u00edduos tem um duplo efeito, por um lado ajuda a gerir o total de <strong>res\u00edduos<\/strong> e o colapso dos aterros sanit\u00e1rios associados a esta gest\u00e3o, por outro lado reduz drasticamente os recursos que geramos globalmente para a gest\u00e3o de res\u00edduos. Uma poupan\u00e7a de energia e dinheiro que, como sociedade, pode ser muito valiosa.<\/p>\n<h6 data-sourcepos=\"27:1-27:325\"><strong>4- Menos uso de mat\u00e9rias-primas<\/strong><\/h6>\n<p data-sourcepos=\"31:1-31:264\">Ao reciclar vidro, papel ou pl\u00e1stico n\u00e3o precisamos de usar <strong>tantas mat\u00e9rias-primas<\/strong> para fabricar novos produtos. Assim, pouparemos uma boa quantidade de recursos naturais (pense que para fabricar uma tonelada de papel s\u00e3o necess\u00e1rias 3.300 quilogramas de madeira).<\/p>\n<p data-sourcepos=\"33:1-33:383\">Se pouparmos recursos naturais, o planeta n\u00e3o s\u00f3 funciona de uma forma mais sustent\u00e1vel, mas tamb\u00e9m se recupera. Por cada tonelada de papel reciclado, salvam-se cinco \u00e1rvores e cada \u00e1rvore capta anualmente cerca de <strong>150 kg de CO2<\/strong>. Isto significa que a reciclagem ajuda a que haja mais \u00e1rvores e estas, automaticamente, colaboram com a refloresta\u00e7\u00e3o do planeta e com a descontamina\u00e7\u00e3o.<\/p>\n<p data-sourcepos=\"33:1-33:383\">\n<h6><strong>5- Cria\u00e7\u00e3o de novos produtos<\/strong><\/h6>\n<p data-sourcepos=\"37:1-37:25\"><strong><img loading=\"lazy\" decoding=\"async\" class=\"alignnone wp-image-124266 size-full\" src=\"https:\/\/www.teka.com\/pt-pt\/wp-content\/uploads\/sites\/8\/2023\/08\/reciclar-correctamente.jpg\" alt=\"reciclar corretamente\" width=\"700\" height=\"436\" srcset=\"https:\/\/www.teka.com\/pt-pt\/wp-content\/uploads\/sites\/8\/2023\/08\/reciclar-correctamente.jpg 700w, https:\/\/www.teka.com\/pt-pt\/wp-content\/uploads\/sites\/8\/2023\/08\/reciclar-correctamente-480x299.jpg 480w\" sizes=\"(min-width: 0px) and (max-width: 480px) 480px, (min-width: 481px) 700px, 100vw\" \/><\/strong><\/p>\n<p data-sourcepos=\"39:1-39:383\">Outra raz\u00e3o pela qual \u00e9 importante reciclar em casa \u00e9 porque assim, colaboramos com a cria\u00e7\u00e3o de <strong>novos produtos<\/strong>: montes de objetos do quotidiano t\u00eam a sua origem no reciclagem. H\u00e1 caixas de sapatos que se originam gra\u00e7as \u00e0 reciclagem de Tetra Pak, h\u00e1 rodas de materiais leves que s\u00e3o fabricadas com latas de refrigerante e tecidos modernos cuja origem est\u00e1 nas garrafas de pl\u00e1stico.<\/p>\n<p data-sourcepos=\"41:1-41:170\">Para a fabrica\u00e7\u00e3o destes produtos s\u00e3o necess\u00e1rios muito <strong>menos \u00e1gua e energia<\/strong>, por isso gera-se menos polui\u00e7\u00e3o no processo, pelo que o benef\u00edcio da sua fabrica\u00e7\u00e3o \u00e9 duplo.<\/p>\n<p data-sourcepos=\"41:1-41:170\">\n<h6><strong>6- O ecodesign<\/strong><\/h6>\n<p data-sourcepos=\"45:1-45:211\">Esta cria\u00e7\u00e3o de <strong>novos produtos<\/strong> deu origem ao nascimento do ecodesign. \u00c9 uma corrente que se encarrega do design de produtos usando materiais t\u00e3o diversos como pneus e sinais de tr\u00e2nsito para criar novos objetos.<\/p>\n<p data-sourcepos=\"47:1-47:36\"><img loading=\"lazy\" decoding=\"async\" class=\"alignnone wp-image-124265 size-full\" src=\"https:\/\/www.teka.com\/pt-pt\/wp-content\/uploads\/sites\/8\/2023\/08\/cubertero-DIY-1.jpg\" alt=\"suporte para talheres\" width=\"775\" height=\"436\" srcset=\"https:\/\/www.teka.com\/pt-pt\/wp-content\/uploads\/sites\/8\/2023\/08\/cubertero-DIY-1.jpg 775w, https:\/\/www.teka.com\/pt-pt\/wp-content\/uploads\/sites\/8\/2023\/08\/cubertero-DIY-1-480x270.jpg 480w\" sizes=\"(min-width: 0px) and (max-width: 480px) 480px, (min-width: 481px) 775px, 100vw\" \/><\/p>\n<p data-sourcepos=\"49:1-49:326\">Mas dentro desta corrente tamb\u00e9m h\u00e1 uma que reutiliza os objetos com usos totalmente novos e, desta forma, <strong>prolongam a sua vida \u00fatil<\/strong>. Pode usar garrafas como vasos para hortas urbanas, garrafas de vidro como porta-velas, etc. investige ou crie as suas pr\u00f3prias ideias, porque elas t\u00eam sempre esse ponto de criatividade extra.<\/p>\n<p data-sourcepos=\"49:1-49:326\">\n<h6><strong>7- Aumenta a vida \u00fatil dos materiais<\/strong><\/h6>\n<p data-sourcepos=\"53:1-53:213\">Reutilizar e reciclar \u00e9 tamb\u00e9m lutar contra a obsolesc\u00eancia programada dos objetos. D\u00e1-lhes uma <strong>nova vida<\/strong> e podemos us\u00e1-los durante mais tempo, poupando assim dinheiro que ser\u00e1 muito \u00fatil para a economia familiar.<\/p>\n<p data-sourcepos=\"55:1-55:175\">E isto tamb\u00e9m \u00e9 alargado a grande escala, uma vez que prolongar a vida dos produtos provoca uma <strong>poupan\u00e7a a n\u00edvel global<\/strong>, uma poupan\u00e7a de energia e dinheiro a n\u00edvel mundial.<\/p>\n<p data-sourcepos=\"55:1-55:175\">\n<h6 class=\"markdown markdown-main-panel\" dir=\"ltr\"><strong>8- A reciclagem cria postos de trabalho<\/strong><\/h6>\n<p><img loading=\"lazy\" decoding=\"async\" class=\"alignnone wp-image-124264 size-full\" src=\"https:\/\/www.teka.com\/pt-pt\/wp-content\/uploads\/sites\/8\/2023\/08\/como-reciclar-en-casa-1.jpg\" alt=\"ecopontos \" width=\"700\" height=\"436\" srcset=\"https:\/\/www.teka.com\/pt-pt\/wp-content\/uploads\/sites\/8\/2023\/08\/como-reciclar-en-casa-1.jpg 700w, https:\/\/www.teka.com\/pt-pt\/wp-content\/uploads\/sites\/8\/2023\/08\/como-reciclar-en-casa-1-480x299.jpg 480w\" sizes=\"(min-width: 0px) and (max-width: 480px) 480px, (min-width: 481px) 700px, 100vw\" \/><\/p>\n<p>Na maioria das cidades e pa\u00edses, a gest\u00e3o de <strong>res\u00edduos<\/strong> recicl\u00e1veis \u200b\u200bcria novas empresas ou organiza\u00e7\u00f5es oficiais que criam <strong>novos empregos<\/strong>. Todas t\u00eam colaboradores dedicados \u00e0 gest\u00e3o de res\u00edduos n\u00e3o recicl\u00e1veis, mas a <strong>gest\u00e3o<\/strong> de recicl\u00e1veis \u200b\u200bexige a contrata\u00e7\u00e3o de nova m\u00e3o de obra. A reciclagem melhora o ambiente, mas tamb\u00e9m a economia das sociedades que por ela optam.<\/p>\n<p>&nbsp;<\/p>\n<h6><strong>9- Uma atividade familiar\u00a0<\/strong><\/h6>\n<p>Al\u00e9m dos benef\u00edcios para a sociedade e para a natureza que vimos acima, a reciclagem traz muitos benef\u00edcios para o dia a dia da sua casa. Trata-se de criar uma casa mais confort\u00e1vel e acolhedora; mas tamb\u00e9m que se criem uma s\u00e9rie de valores dos quais inevitavelmente precisaremos no futuro. Mesmo a n\u00edvel arquitet\u00f3nico, as casas ecol\u00f3gicas j\u00e1 s\u00e3o uma realidade, para o nosso bem-estar e do planeta.<\/p>\n<p><img loading=\"lazy\" decoding=\"async\" class=\"alignnone wp-image-124262 size-full\" src=\"https:\/\/www.teka.com\/pt-pt\/wp-content\/uploads\/sites\/8\/2023\/08\/reciclar-plastico-casa.png\" alt=\"reciclar pl\u00e1stico \" width=\"700\" height=\"436\" srcset=\"https:\/\/www.teka.com\/pt-pt\/wp-content\/uploads\/sites\/8\/2023\/08\/reciclar-plastico-casa.png 700w, https:\/\/www.teka.com\/pt-pt\/wp-content\/uploads\/sites\/8\/2023\/08\/reciclar-plastico-casa-480x299.png 480w\" sizes=\"(min-width: 0px) and (max-width: 480px) 480px, (min-width: 481px) 700px, 100vw\" \/><\/p>\n<p>A reutiliza\u00e7\u00e3o envolve todos os membros da fam\u00edlia, n\u00e3o s\u00f3 porque permite ensinar aos mais pequenos a separar e os seus benef\u00edcios, mas tamb\u00e9m porque permite encontrar novas formas de dar uma segunda vida aos objetos. Assim, ensina-se o valor do consumo respons\u00e1vel, para que aprendam porque \u00e9 importante reciclar em casa.<\/p>\n<p>Como v\u00ea, a reciclagem \u00e9 uma atividade composta por pequenos gestos individuais e grandes gestos pol\u00edticos. Incorpor\u00e1-los no nosso dia a dia \u00e9 uma grande ajuda ao nosso planeta e uma forma de acelerar a sua recupera\u00e7\u00e3o.<\/p>\n","protected":false},"excerpt":{"rendered":"<p>O planeta, para ser sustent\u00e1vel, precisa de uma redu\u00e7\u00e3o imediata do consumo de recursos. Nesta tarefa estamos todos envolvidos, desde os governos e grandes empresas at\u00e9 ao cidad\u00e3o comum. Reciclar \u00e9 uma a\u00e7\u00e3o que deve envolver todos os membros da fam\u00edlia, \u00e9 simples e cria bons h\u00e1bitos. Mas vamos explicar-lhe outras raz\u00f5es pelas quais \u00e9 [&hellip;]<\/p>\n","protected":false},"author":130,"featured_media":124147,"comment_status":"open","ping_status":"open","sticky":false,"template":"","format":"standard","meta":{"_acf_changed":false,"_et_pb_use_builder":"","_et_pb_old_content":"","_et_gb_content_width":"","footnotes":""},"categories":[614,646],"tags":[422979,423101,423102,423103,423104,423105,423106],"class_list":["post-124146","post","type-post","status-publish","format-standard","has-post-thumbnail","hentry","category-inspiracao","category-dicas","tag-habitos-sustentaveis","tag-reciclar","tag-reciclagem","tag-residuos","tag-planeta","tag-ecodesign","tag-sustentabilidade"],"acf":[],"yoast_head":"<!-- This site is optimized with the Yoast SEO plugin v27.5 - https:\/\/yoast.com\/product\/yoast-seo-wordpress\/ -->\n<title>9 raz\u00f5es pelas quais \u00e9 importante reciclar em casa | Teka Portugal<\/title>\n<meta name=\"description\" content=\"Reciclar em casa \u00e9 uma a\u00e7\u00e3o que deve envolver todos os membros da fam\u00edlia, \u00e9 simples e cria bons h\u00e1bitos.\" \/>\n<meta name=\"robots\" content=\"index, follow, max-snippet:-1, max-image-preview:large, max-video-preview:-1\" \/>\n<link rel=\"canonical\" href=\"https:\/\/www.teka.com\/pt-pt\/inspiracao\/9-razoes-pelas-quais-e-importante-reciclar-em-casa\/\" \/>\n<meta property=\"og:locale\" content=\"pt_PT\" \/>\n<meta property=\"og:type\" content=\"article\" \/>\n<meta property=\"og:title\" content=\"9 raz\u00f5es pelas quais \u00e9 importante reciclar em casa | Teka Portugal\" \/>\n<meta property=\"og:description\" content=\"Reciclar em casa \u00e9 uma a\u00e7\u00e3o que deve envolver todos os membros da fam\u00edlia, \u00e9 simples e cria bons h\u00e1bitos.\" \/>\n<meta property=\"og:url\" content=\"https:\/\/www.teka.com\/pt-pt\/inspiracao\/9-razoes-pelas-quais-e-importante-reciclar-em-casa\/\" \/>\n<meta property=\"og:site_name\" content=\"Teka Portugal\" \/>\n<meta property=\"article:published_time\" content=\"2023-09-29T11:38:13+00:00\" \/>\n<meta property=\"article:modified_time\" content=\"2023-09-29T11:57:25+00:00\" \/>\n<meta property=\"og:image\" content=\"https:\/\/www.teka.com\/pt-pt\/wp-content\/uploads\/sites\/8\/2023\/08\/reciclar-en-casa.jpg\" \/>\n\t<meta property=\"og:image:width\" content=\"1300\" \/>\n\t<meta property=\"og:image:height\" content=\"394\" \/>\n\t<meta property=\"og:image:type\" content=\"image\/jpeg\" \/>\n<meta name=\"author\" content=\"sofia\" \/>\n<meta name=\"twitter:card\" content=\"summary_large_image\" \/>\n<meta name=\"twitter:label1\" content=\"Escrito por\" \/>\n\t<meta name=\"twitter:data1\" content=\"sofia\" \/>\n\t<meta name=\"twitter:label2\" content=\"Tempo estimado de leitura\" \/>\n\t<meta name=\"twitter:data2\" content=\"7 minutos\" \/>\n<script type=\"application\/ld+json\" class=\"yoast-schema-graph\">{\"@context\":\"https:\\\/\\\/schema.org\",\"@graph\":[{\"@type\":\"Article\",\"@id\":\"https:\\\/\\\/www.teka.com\\\/pt-pt\\\/inspiracao\\\/9-razoes-pelas-quais-e-importante-reciclar-em-casa\\\/#article\",\"isPartOf\":{\"@id\":\"https:\\\/\\\/www.teka.com\\\/pt-pt\\\/inspiracao\\\/9-razoes-pelas-quais-e-importante-reciclar-em-casa\\\/\"},\"author\":{\"name\":\"sofia\",\"@id\":\"https:\\\/\\\/www.teka.com\\\/pt-pt\\\/#\\\/schema\\\/person\\\/4b29eebb2ce4f4b9b3324c71c72b9e0a\"},\"headline\":\"9 raz\u00f5es pelas quais \u00e9 importante reciclar em casa\",\"datePublished\":\"2023-09-29T11:38:13+00:00\",\"dateModified\":\"2023-09-29T11:57:25+00:00\",\"mainEntityOfPage\":{\"@id\":\"https:\\\/\\\/www.teka.com\\\/pt-pt\\\/inspiracao\\\/9-razoes-pelas-quais-e-importante-reciclar-em-casa\\\/\"},\"wordCount\":1021,\"commentCount\":0,\"image\":{\"@id\":\"https:\\\/\\\/www.teka.com\\\/pt-pt\\\/inspiracao\\\/9-razoes-pelas-quais-e-importante-reciclar-em-casa\\\/#primaryimage\"},\"thumbnailUrl\":\"https:\\\/\\\/www.teka.com\\\/pt-pt\\\/wp-content\\\/uploads\\\/sites\\\/8\\\/2023\\\/08\\\/reciclar-en-casa.jpg\",\"keywords\":[\"h\u00e1bitos sustent\u00e1veis\",\"reciclar\",\"reciclagem\",\"res\u00edduos\",\"planeta\",\"ecodesign\",\"sustentabilidade\"],\"articleSection\":[\"Inspiracao\",\"Dicas\"],\"inLanguage\":\"pt-PT\",\"potentialAction\":[{\"@type\":\"CommentAction\",\"name\":\"Comment\",\"target\":[\"https:\\\/\\\/www.teka.com\\\/pt-pt\\\/inspiracao\\\/9-razoes-pelas-quais-e-importante-reciclar-em-casa\\\/#respond\"]}]},{\"@type\":\"WebPage\",\"@id\":\"https:\\\/\\\/www.teka.com\\\/pt-pt\\\/inspiracao\\\/9-razoes-pelas-quais-e-importante-reciclar-em-casa\\\/\",\"url\":\"https:\\\/\\\/www.teka.com\\\/pt-pt\\\/inspiracao\\\/9-razoes-pelas-quais-e-importante-reciclar-em-casa\\\/\",\"name\":\"9 raz\u00f5es pelas quais \u00e9 importante reciclar em casa | Teka Portugal\",\"isPartOf\":{\"@id\":\"https:\\\/\\\/www.teka.com\\\/pt-pt\\\/#website\"},\"primaryImageOfPage\":{\"@id\":\"https:\\\/\\\/www.teka.com\\\/pt-pt\\\/inspiracao\\\/9-razoes-pelas-quais-e-importante-reciclar-em-casa\\\/#primaryimage\"},\"image\":{\"@id\":\"https:\\\/\\\/www.teka.com\\\/pt-pt\\\/inspiracao\\\/9-razoes-pelas-quais-e-importante-reciclar-em-casa\\\/#primaryimage\"},\"thumbnailUrl\":\"https:\\\/\\\/www.teka.com\\\/pt-pt\\\/wp-content\\\/uploads\\\/sites\\\/8\\\/2023\\\/08\\\/reciclar-en-casa.jpg\",\"datePublished\":\"2023-09-29T11:38:13+00:00\",\"dateModified\":\"2023-09-29T11:57:25+00:00\",\"author\":{\"@id\":\"https:\\\/\\\/www.teka.com\\\/pt-pt\\\/#\\\/schema\\\/person\\\/4b29eebb2ce4f4b9b3324c71c72b9e0a\"},\"description\":\"Reciclar em casa \u00e9 uma a\u00e7\u00e3o que deve envolver todos os membros da fam\u00edlia, \u00e9 simples e cria bons h\u00e1bitos.\",\"breadcrumb\":{\"@id\":\"https:\\\/\\\/www.teka.com\\\/pt-pt\\\/inspiracao\\\/9-razoes-pelas-quais-e-importante-reciclar-em-casa\\\/#breadcrumb\"},\"inLanguage\":\"pt-PT\",\"potentialAction\":[{\"@type\":\"ReadAction\",\"target\":[\"https:\\\/\\\/www.teka.com\\\/pt-pt\\\/inspiracao\\\/9-razoes-pelas-quais-e-importante-reciclar-em-casa\\\/\"]}]},{\"@type\":\"ImageObject\",\"inLanguage\":\"pt-PT\",\"@id\":\"https:\\\/\\\/www.teka.com\\\/pt-pt\\\/inspiracao\\\/9-razoes-pelas-quais-e-importante-reciclar-em-casa\\\/#primaryimage\",\"url\":\"https:\\\/\\\/www.teka.com\\\/pt-pt\\\/wp-content\\\/uploads\\\/sites\\\/8\\\/2023\\\/08\\\/reciclar-en-casa.jpg\",\"contentUrl\":\"https:\\\/\\\/www.teka.com\\\/pt-pt\\\/wp-content\\\/uploads\\\/sites\\\/8\\\/2023\\\/08\\\/reciclar-en-casa.jpg\",\"width\":1300,\"height\":394,\"caption\":\"reciclar em casa\"},{\"@type\":\"BreadcrumbList\",\"@id\":\"https:\\\/\\\/www.teka.com\\\/pt-pt\\\/inspiracao\\\/9-razoes-pelas-quais-e-importante-reciclar-em-casa\\\/#breadcrumb\",\"itemListElement\":[{\"@type\":\"ListItem\",\"position\":1,\"name\":\"Home\",\"item\":\"https:\\\/\\\/www.teka.com\\\/pt-pt\\\/\"},{\"@type\":\"ListItem\",\"position\":2,\"name\":\"9 raz\u00f5es pelas quais \u00e9 importante reciclar em casa\"}]},{\"@type\":\"WebSite\",\"@id\":\"https:\\\/\\\/www.teka.com\\\/pt-pt\\\/#website\",\"url\":\"https:\\\/\\\/www.teka.com\\\/pt-pt\\\/\",\"name\":\"Teka Portugal\",\"description\":\"\",\"potentialAction\":[{\"@type\":\"SearchAction\",\"target\":{\"@type\":\"EntryPoint\",\"urlTemplate\":\"https:\\\/\\\/www.teka.com\\\/pt-pt\\\/?s={search_term_string}\"},\"query-input\":{\"@type\":\"PropertyValueSpecification\",\"valueRequired\":true,\"valueName\":\"search_term_string\"}}],\"inLanguage\":\"pt-PT\"},{\"@type\":\"Person\",\"@id\":\"https:\\\/\\\/www.teka.com\\\/pt-pt\\\/#\\\/schema\\\/person\\\/4b29eebb2ce4f4b9b3324c71c72b9e0a\",\"name\":\"sofia\",\"image\":{\"@type\":\"ImageObject\",\"inLanguage\":\"pt-PT\",\"@id\":\"https:\\\/\\\/secure.gravatar.com\\\/avatar\\\/863b216d0846f9c6f9485754a249d6c36d477e771e44c474729d20da1777d47f?s=96&d=mm&r=g\",\"url\":\"https:\\\/\\\/secure.gravatar.com\\\/avatar\\\/863b216d0846f9c6f9485754a249d6c36d477e771e44c474729d20da1777d47f?s=96&d=mm&r=g\",\"contentUrl\":\"https:\\\/\\\/secure.gravatar.com\\\/avatar\\\/863b216d0846f9c6f9485754a249d6c36d477e771e44c474729d20da1777d47f?s=96&d=mm&r=g\",\"caption\":\"sofia\"}}]}<\/script>\n<!-- \/ Yoast SEO plugin. -->","yoast_head_json":{"title":"9 raz\u00f5es pelas quais \u00e9 importante reciclar em casa | Teka Portugal","description":"Reciclar em casa \u00e9 uma a\u00e7\u00e3o que deve envolver todos os membros da fam\u00edlia, \u00e9 simples e cria bons h\u00e1bitos.","robots":{"index":"index","follow":"follow","max-snippet":"max-snippet:-1","max-image-preview":"max-image-preview:large","max-video-preview":"max-video-preview:-1"},"canonical":"https:\/\/www.teka.com\/pt-pt\/inspiracao\/9-razoes-pelas-quais-e-importante-reciclar-em-casa\/","og_locale":"pt_PT","og_type":"article","og_title":"9 raz\u00f5es pelas quais \u00e9 importante reciclar em casa | Teka Portugal","og_description":"Reciclar em casa \u00e9 uma a\u00e7\u00e3o que deve envolver todos os membros da fam\u00edlia, \u00e9 simples e cria bons h\u00e1bitos.","og_url":"https:\/\/www.teka.com\/pt-pt\/inspiracao\/9-razoes-pelas-quais-e-importante-reciclar-em-casa\/","og_site_name":"Teka Portugal","article_published_time":"2023-09-29T11:38:13+00:00","article_modified_time":"2023-09-29T11:57:25+00:00","og_image":[{"width":1300,"height":394,"url":"https:\/\/www.teka.com\/pt-pt\/wp-content\/uploads\/sites\/8\/2023\/08\/reciclar-en-casa.jpg","type":"image\/jpeg"}],"author":"sofia","twitter_card":"summary_large_image","twitter_misc":{"Escrito por":"sofia","Tempo estimado de leitura":"7 minutos"},"schema":{"@context":"https:\/\/schema.org","@graph":[{"@type":"Article","@id":"https:\/\/www.teka.com\/pt-pt\/inspiracao\/9-razoes-pelas-quais-e-importante-reciclar-em-casa\/#article","isPartOf":{"@id":"https:\/\/www.teka.com\/pt-pt\/inspiracao\/9-razoes-pelas-quais-e-importante-reciclar-em-casa\/"},"author":{"name":"sofia","@id":"https:\/\/www.teka.com\/pt-pt\/#\/schema\/person\/4b29eebb2ce4f4b9b3324c71c72b9e0a"},"headline":"9 raz\u00f5es pelas quais \u00e9 importante reciclar em casa","datePublished":"2023-09-29T11:38:13+00:00","dateModified":"2023-09-29T11:57:25+00:00","mainEntityOfPage":{"@id":"https:\/\/www.teka.com\/pt-pt\/inspiracao\/9-razoes-pelas-quais-e-importante-reciclar-em-casa\/"},"wordCount":1021,"commentCount":0,"image":{"@id":"https:\/\/www.teka.com\/pt-pt\/inspiracao\/9-razoes-pelas-quais-e-importante-reciclar-em-casa\/#primaryimage"},"thumbnailUrl":"https:\/\/www.teka.com\/pt-pt\/wp-content\/uploads\/sites\/8\/2023\/08\/reciclar-en-casa.jpg","keywords":["h\u00e1bitos sustent\u00e1veis","reciclar","reciclagem","res\u00edduos","planeta","ecodesign","sustentabilidade"],"articleSection":["Inspiracao","Dicas"],"inLanguage":"pt-PT","potentialAction":[{"@type":"CommentAction","name":"Comment","target":["https:\/\/www.teka.com\/pt-pt\/inspiracao\/9-razoes-pelas-quais-e-importante-reciclar-em-casa\/#respond"]}]},{"@type":"WebPage","@id":"https:\/\/www.teka.com\/pt-pt\/inspiracao\/9-razoes-pelas-quais-e-importante-reciclar-em-casa\/","url":"https:\/\/www.teka.com\/pt-pt\/inspiracao\/9-razoes-pelas-quais-e-importante-reciclar-em-casa\/","name":"9 raz\u00f5es pelas quais \u00e9 importante reciclar em casa | Teka Portugal","isPartOf":{"@id":"https:\/\/www.teka.com\/pt-pt\/#website"},"primaryImageOfPage":{"@id":"https:\/\/www.teka.com\/pt-pt\/inspiracao\/9-razoes-pelas-quais-e-importante-reciclar-em-casa\/#primaryimage"},"image":{"@id":"https:\/\/www.teka.com\/pt-pt\/inspiracao\/9-razoes-pelas-quais-e-importante-reciclar-em-casa\/#primaryimage"},"thumbnailUrl":"https:\/\/www.teka.com\/pt-pt\/wp-content\/uploads\/sites\/8\/2023\/08\/reciclar-en-casa.jpg","datePublished":"2023-09-29T11:38:13+00:00","dateModified":"2023-09-29T11:57:25+00:00","author":{"@id":"https:\/\/www.teka.com\/pt-pt\/#\/schema\/person\/4b29eebb2ce4f4b9b3324c71c72b9e0a"},"description":"Reciclar em casa \u00e9 uma a\u00e7\u00e3o que deve envolver todos os membros da fam\u00edlia, \u00e9 simples e cria bons h\u00e1bitos.","breadcrumb":{"@id":"https:\/\/www.teka.com\/pt-pt\/inspiracao\/9-razoes-pelas-quais-e-importante-reciclar-em-casa\/#breadcrumb"},"inLanguage":"pt-PT","potentialAction":[{"@type":"ReadAction","target":["https:\/\/www.teka.com\/pt-pt\/inspiracao\/9-razoes-pelas-quais-e-importante-reciclar-em-casa\/"]}]},{"@type":"ImageObject","inLanguage":"pt-PT","@id":"https:\/\/www.teka.com\/pt-pt\/inspiracao\/9-razoes-pelas-quais-e-importante-reciclar-em-casa\/#primaryimage","url":"https:\/\/www.teka.com\/pt-pt\/wp-content\/uploads\/sites\/8\/2023\/08\/reciclar-en-casa.jpg","contentUrl":"https:\/\/www.teka.com\/pt-pt\/wp-content\/uploads\/sites\/8\/2023\/08\/reciclar-en-casa.jpg","width":1300,"height":394,"caption":"reciclar em casa"},{"@type":"BreadcrumbList","@id":"https:\/\/www.teka.com\/pt-pt\/inspiracao\/9-razoes-pelas-quais-e-importante-reciclar-em-casa\/#breadcrumb","itemListElement":[{"@type":"ListItem","position":1,"name":"Home","item":"https:\/\/www.teka.com\/pt-pt\/"},{"@type":"ListItem","position":2,"name":"9 raz\u00f5es pelas quais \u00e9 importante reciclar em casa"}]},{"@type":"WebSite","@id":"https:\/\/www.teka.com\/pt-pt\/#website","url":"https:\/\/www.teka.com\/pt-pt\/","name":"Teka Portugal","description":"","potentialAction":[{"@type":"SearchAction","target":{"@type":"EntryPoint","urlTemplate":"https:\/\/www.teka.com\/pt-pt\/?s={search_term_string}"},"query-input":{"@type":"PropertyValueSpecification","valueRequired":true,"valueName":"search_term_string"}}],"inLanguage":"pt-PT"},{"@type":"Person","@id":"https:\/\/www.teka.com\/pt-pt\/#\/schema\/person\/4b29eebb2ce4f4b9b3324c71c72b9e0a","name":"sofia","image":{"@type":"ImageObject","inLanguage":"pt-PT","@id":"https:\/\/secure.gravatar.com\/avatar\/863b216d0846f9c6f9485754a249d6c36d477e771e44c474729d20da1777d47f?s=96&d=mm&r=g","url":"https:\/\/secure.gravatar.com\/avatar\/863b216d0846f9c6f9485754a249d6c36d477e771e44c474729d20da1777d47f?s=96&d=mm&r=g","contentUrl":"https:\/\/secure.gravatar.com\/avatar\/863b216d0846f9c6f9485754a249d6c36d477e771e44c474729d20da1777d47f?s=96&d=mm&r=g","caption":"sofia"}}]}},"_links":{"self":[{"href":"https:\/\/www.teka.com\/pt-pt\/wp-json\/wp\/v2\/posts\/124146","targetHints":{"allow":["GET"]}}],"collection":[{"href":"https:\/\/www.teka.com\/pt-pt\/wp-json\/wp\/v2\/posts"}],"about":[{"href":"https:\/\/www.teka.com\/pt-pt\/wp-json\/wp\/v2\/types\/post"}],"author":[{"embeddable":true,"href":"https:\/\/www.teka.com\/pt-pt\/wp-json\/wp\/v2\/users\/130"}],"replies":[{"embeddable":true,"href":"https:\/\/www.teka.com\/pt-pt\/wp-json\/wp\/v2\/comments?post=124146"}],"version-history":[{"count":9,"href":"https:\/\/www.teka.com\/pt-pt\/wp-json\/wp\/v2\/posts\/124146\/revisions"}],"predecessor-version":[{"id":124276,"href":"https:\/\/www.teka.com\/pt-pt\/wp-json\/wp\/v2\/posts\/124146\/revisions\/124276"}],"wp:featuredmedia":[{"embeddable":true,"href":"https:\/\/www.teka.com\/pt-pt\/wp-json\/wp\/v2\/media\/124147"}],"wp:attachment":[{"href":"https:\/\/www.teka.com\/pt-pt\/wp-json\/wp\/v2\/media?parent=124146"}],"wp:term":[{"taxonomy":"category","embeddable":true,"href":"https:\/\/www.teka.com\/pt-pt\/wp-json\/wp\/v2\/categories?post=124146"},{"taxonomy":"post_tag","embeddable":true,"href":"https:\/\/www.teka.com\/pt-pt\/wp-json\/wp\/v2\/tags?post=124146"}],"curies":[{"name":"wp","href":"https:\/\/api.w.org\/{rel}","templated":true}]}}