{"id":126004,"date":"2025-06-11T12:51:27","date_gmt":"2025-06-11T12:51:27","guid":{"rendered":"https:\/\/www.teka.com\/pt-pt\/?p=126004"},"modified":"2025-06-11T12:51:27","modified_gmt":"2025-06-11T12:51:27","slug":"6-razoes-pelas-quais-precisa-de-um-micro-ondas-com-airfry","status":"publish","type":"post","link":"https:\/\/www.teka.com\/pt-pt\/inspiracao\/6-razoes-pelas-quais-precisa-de-um-micro-ondas-com-airfry\/","title":{"rendered":"6 raz\u00f5es pelas quais precisa de um micro-ondas com AirFry"},"content":{"rendered":"<p class=\"\" data-start=\"256\" data-end=\"725\">\u00c9 prov\u00e1vel que a febre das air fryers j\u00e1 tenha chegado at\u00e9 si, pelo menos atrav\u00e9s de familiares ou amigos. Quase de certeza que conhece duas ou tr\u00eas pessoas que est\u00e3o rendidas \u00e0s suas AirFryers, e que juram ter cozinhado desde gnocchi at\u00e9 borrego nela. Se j\u00e1 se deixou seduzir por esta forma de cozinhar, ou se ainda est\u00e1 indeciso, est\u00e1 na altura de dar o pr\u00f3ximo passo no mundo dos eletrodom\u00e9sticos multifun\u00e7\u00f5es: <strong data-start=\"675\" data-end=\"724\">bem-vindo ao micro-ondas com AirFry<\/strong>.<\/p>\n<h3 class=\"\" data-start=\"727\" data-end=\"770\">O que se pode cozinhar num micro-ondas?<\/h3>\n<p class=\"\" data-start=\"772\" data-end=\"1187\">Praticamente tudo. O <a href=\"https:\/\/www.teka.com\/pt-pt\/cozinha\/micro-ondas\/\">micro-ondas<\/a> \u00e9, muitas vezes, um dos eletrodom\u00e9sticos mais subestimados da cozinha. No entanto, pode ser um verdadeiro <strong>aliado<\/strong>. Cada vez mais equipado com fun\u00e7\u00f5es adicionais, \u00e9 uma ferramenta <strong>r\u00e1pida<\/strong>, <strong>eficaz<\/strong> e perfeita para cozinhar de forma saud\u00e1vel. Al\u00e9m disso, devido ao tempo reduzido de confe\u00e7\u00e3o, <strong data-start=\"1092\" data-end=\"1139\">preserva melhor os nutrientes dos alimentos<\/strong> do que outras t\u00e9cnicas como a cozedura em \u00e1gua.<\/p>\n<p><img loading=\"lazy\" decoding=\"async\" class=\"size-full wp-image-126017\" src=\"https:\/\/www.teka.com\/pt-pt\/wp-content\/uploads\/sites\/8\/2025\/04\/MicroFry-producto.jpg\" alt=\"\" width=\"700\" height=\"436\" srcset=\"https:\/\/www.teka.com\/pt-pt\/wp-content\/uploads\/sites\/8\/2025\/04\/MicroFry-producto.jpg 700w, https:\/\/www.teka.com\/pt-pt\/wp-content\/uploads\/sites\/8\/2025\/04\/MicroFry-producto-480x299.jpg 480w\" sizes=\"(min-width: 0px) and (max-width: 480px) 480px, (min-width: 481px) 700px, 100vw\" \/><\/p>\n<p class=\"\" data-start=\"1189\" data-end=\"1326\">Se quiser come\u00e7ar a experimentar para al\u00e9m do t\u00edpico mug cake, h\u00e1 muitas ideias e receitas para aproveitar todas as suas funcionalidades.<\/p>\n<h3 class=\"\" data-start=\"1328\" data-end=\"1369\">O que \u00e9 um micro-ondas com AirFry?<\/h3>\n<p class=\"\" data-start=\"1371\" data-end=\"1641\">\u00c9 um eletrodom\u00e9stico que combina as fun\u00e7\u00f5es de um micro-ondas tradicional com a <strong data-start=\"1451\" data-end=\"1485\">fun\u00e7\u00e3o de fritar com ar quente<\/strong>, semelhante \u00e0 de um <a href=\"https:\/\/www.teka.com\/pt-pt\/cozinha\/fornos\/\">forno<\/a> de convec\u00e7\u00e3o. Na pr\u00e1tica, muitos destes modelos re\u00fanem <strong>v\u00e1rias fun\u00e7\u00f5es num s\u00f3 equipamento<\/strong>, facilitando imenso o dia a dia na cozinha.<\/p>\n<p data-start=\"1643\" data-end=\"1781\"><img loading=\"lazy\" decoding=\"async\" class=\"alignnone size-full wp-image-126018\" src=\"https:\/\/www.teka.com\/pt-pt\/wp-content\/uploads\/sites\/8\/2025\/04\/FBK_Cocina-1_view2.jpg\" alt=\"\" width=\"700\" height=\"436\" srcset=\"https:\/\/www.teka.com\/pt-pt\/wp-content\/uploads\/sites\/8\/2025\/04\/FBK_Cocina-1_view2.jpg 700w, https:\/\/www.teka.com\/pt-pt\/wp-content\/uploads\/sites\/8\/2025\/04\/FBK_Cocina-1_view2-480x299.jpg 480w\" sizes=\"(min-width: 0px) and (max-width: 480px) 480px, (min-width: 481px) 700px, 100vw\" \/><\/p>\n<p class=\"\" data-start=\"1643\" data-end=\"1781\">Estas caracter\u00edsticas fazem do micro-ondas air fryer uma op\u00e7\u00e3o <strong>especialmente pr\u00e1tica<\/strong> para a rotina di\u00e1ria, como se ver\u00e1 nas raz\u00f5es abaixo.<\/p>\n<h3 class=\"\" data-start=\"1788\" data-end=\"1823\">1. Ideal para cozinhas pequenas<\/h3>\n<p class=\"\" data-start=\"1825\" data-end=\"2044\">Um micro-ondas com air fryer combina as fun\u00e7\u00f5es de v\u00e1rios eletrodom\u00e9sticos: <strong>forno<\/strong>, <b>airfry<\/b>\u00a0e <strong>micro-ondas<\/strong>. Para quem n\u00e3o tem uma cozinha digna de um pal\u00e1cio, isso representa um ganho significativo de espa\u00e7o.<\/p>\n<p><img loading=\"lazy\" decoding=\"async\" class=\"size-full wp-image-126019\" src=\"https:\/\/www.teka.com\/pt-pt\/wp-content\/uploads\/sites\/8\/2025\/04\/Patatas-gajo-en-MicroFry.jpg\" alt=\"\" width=\"700\" height=\"436\" srcset=\"https:\/\/www.teka.com\/pt-pt\/wp-content\/uploads\/sites\/8\/2025\/04\/Patatas-gajo-en-MicroFry.jpg 700w, https:\/\/www.teka.com\/pt-pt\/wp-content\/uploads\/sites\/8\/2025\/04\/Patatas-gajo-en-MicroFry-480x299.jpg 480w\" sizes=\"(min-width: 0px) and (max-width: 480px) 480px, (min-width: 481px) 700px, 100vw\" \/><\/p>\n<p class=\"\" data-start=\"2046\" data-end=\"2211\">Mesmo em cozinhas maiores, pode ser vantajoso evitar o <strong>excesso de eletrodom\u00e9sticos<\/strong> e optar por uma solu\u00e7\u00e3o <strong>compacta<\/strong> e <strong>moderna<\/strong> que se integra facilmente na decora\u00e7\u00e3o.<\/p>\n<h3 class=\"\" data-start=\"2218\" data-end=\"2266\">2. Perfeito para uma, duas ou v\u00e1rias pessoas<\/h3>\n<p class=\"\" data-start=\"2268\" data-end=\"2564\">Este tipo de micro-ondas permite ajustar as <strong>por\u00e7\u00f5es<\/strong> ao n\u00famero de pessoas e ao apetite do momento. Ligar o <strong>forno<\/strong> para cozinhar umas <strong>batatas<\/strong> ou um <strong>nuggets<\/strong> ao jantar pode parecer uma tarefa ingrata &#8211; tanto pelo tempo como pelo consumo. Mas com o micro-ondas, o jantar fica pronto em poucos minutos.<\/p>\n<p><img loading=\"lazy\" decoding=\"async\" class=\"size-full wp-image-126020\" src=\"https:\/\/www.teka.com\/pt-pt\/wp-content\/uploads\/sites\/8\/2025\/04\/Verduras-vapor-microondas.jpg\" alt=\"\" width=\"700\" height=\"436\" srcset=\"https:\/\/www.teka.com\/pt-pt\/wp-content\/uploads\/sites\/8\/2025\/04\/Verduras-vapor-microondas.jpg 700w, https:\/\/www.teka.com\/pt-pt\/wp-content\/uploads\/sites\/8\/2025\/04\/Verduras-vapor-microondas-480x299.jpg 480w\" sizes=\"(min-width: 0px) and (max-width: 480px) 480px, (min-width: 481px) 700px, 100vw\" \/><\/p>\n<p class=\"\" data-start=\"2566\" data-end=\"2773\">Al\u00e9m disso, \u00e9 um excelente complemento em jantares com amigos ou <a href=\"https:\/\/www.teka.com\/pt-pt\/inspiracao\/conselhos-para-poupar-nas-compras-neste-natal\/\">fam\u00edlia<\/a>. Alguns modelos, como o<a href=\"https:\/\/www.teka.com\/pt-pt\/produto\/hmwe-fs23-gc-bk-airfry_112240003\/\"> <strong data-start=\"2663\" data-end=\"2675\">Micro-ondas com AirFry<\/strong><\/a>, incluem fun\u00e7\u00f5es como <strong data-start=\"2698\" data-end=\"2736\">grelhar, cozer a baixa temperatura<\/strong>, e at\u00e9 preparar iogurtes ou tempura.<\/p>\n<h3 class=\"\" data-start=\"2780\" data-end=\"2814\">3. Mais r\u00e1pido do que um forno<\/h3>\n<p class=\"\" data-start=\"2816\" data-end=\"3139\">\u00c9 um facto: os micro-ondas cozinham mais rapidamente do que os fornos. Ideal para quem tem<strong> pouco tempo<\/strong> e quer <strong>refei\u00e7\u00f5es prontas em minutos<\/strong>, sem comprometer a qualidade ou a <strong>sa\u00fade<\/strong>. Cozinhar em menos tempo significa preservar melhor os <strong>nutrientes<\/strong> dos alimentos. E com a fun\u00e7\u00e3o AirFry, reduz-se drasticamente o uso de <a href=\"https:\/\/www.teka.com\/pt-pt\/inspiracao\/6-razoes-para-fazer-fritos-no-forno\/\">gordura<\/a>.<\/p>\n<p data-start=\"2816\" data-end=\"3139\"><img loading=\"lazy\" decoding=\"async\" class=\"alignnone size-full wp-image-126021\" src=\"https:\/\/www.teka.com\/pt-pt\/wp-content\/uploads\/sites\/8\/2025\/04\/Patatas-AirFry.jpg\" alt=\"\" width=\"700\" height=\"436\" srcset=\"https:\/\/www.teka.com\/pt-pt\/wp-content\/uploads\/sites\/8\/2025\/04\/Patatas-AirFry.jpg 700w, https:\/\/www.teka.com\/pt-pt\/wp-content\/uploads\/sites\/8\/2025\/04\/Patatas-AirFry-480x299.jpg 480w\" sizes=\"(min-width: 0px) and (max-width: 480px) 480px, (min-width: 481px) 700px, 100vw\" \/><\/p>\n<article class=\"text-token-text-primary w-full\" dir=\"auto\" data-testid=\"conversation-turn-21\" data-scroll-anchor=\"false\">\n<div class=\"text-base my-auto mx-auto py-5 px-6\">\n<div class=\"mx-auto flex flex-1 text-base gap-4 md:gap-5 lg:gap-6 md:max-w-3xl lg:max-w-[40rem] xl:max-w-[48rem] group\/turn-messages focus-visible:outline-hidden\" tabindex=\"-1\">\n<div class=\"group\/conversation-turn relative flex w-full min-w-0 flex-col @xs\/thread:px-0 @sm\/thread:px-1.5 @md\/thread:px-4\">\n<div class=\"relative flex-col gap-1 md:gap-3\">\n<div class=\"flex max-w-full flex-col grow\">\n<div class=\"min-h-8 text-message relative flex w-full flex-col items-end gap-2 text-start break-words whitespace-normal [.text-message+&amp;]:mt-5\" dir=\"auto\" data-message-author-role=\"user\" data-message-id=\"d39c5e51-340f-45e9-98f8-6b1f8e1f63fa\">\n<div class=\"w-full\">\n<div class=\"flex w-full flex-col gap-1 empty:hidden items-end rtl:items-start\">\n<div class=\"relative max-w-[var(--user-chat-width,70%)] bg-token-message-surface rounded-3xl px-5 py-2.5\">\n<div class=\"whitespace-pre-wrap\">\n<article class=\"text-token-text-primary w-full\" dir=\"auto\" data-testid=\"conversation-turn-24\" data-scroll-anchor=\"true\">\n<div class=\"text-base my-auto mx-auto py-5 [--thread-content-margin:--spacing(4)] @[37rem]:[--thread-content-margin:--spacing(6)] @[70rem]:[--thread-content-margin:--spacing(12)] px-(--thread-content-margin)\">\n<div class=\"[--thread-content-max-width:32rem] @[34rem]:[--thread-content-max-width:40rem] @[64rem]:[--thread-content-max-width:48rem] mx-auto flex max-w-(--thread-content-max-width) flex-1 text-base gap-4 md:gap-5 lg:gap-6 group\/turn-messages focus-visible:outline-hidden\" tabindex=\"-1\">\n<div class=\"group\/conversation-turn relative flex w-full min-w-0 flex-col agent-turn\">\n<div class=\"relative flex-col gap-1 md:gap-3\">\n<div class=\"flex max-w-full flex-col grow\">\n<div class=\"min-h-8 text-message relative flex w-full flex-col items-end gap-2 text-start break-words whitespace-normal [.text-message+&amp;]:mt-5\" dir=\"auto\" data-message-author-role=\"assistant\" data-message-id=\"c31d39cd-d71c-4eb7-9b52-f558eaeacd8a\" data-message-model-slug=\"gpt-4o\">\n<div class=\"flex w-full flex-col gap-1 empty:hidden first:pt-[3px]\">\n<div class=\"markdown prose dark:prose-invert w-full break-words light\">\n<p class=\"\" data-start=\"100\" data-end=\"350\">Se tiver pouco tempo para preparar as refei\u00e7\u00f5es, um micro-ondas deste tipo pode facilmente poupar-lhe <strong data-start=\"202\" data-end=\"232\">meia hora em cada refei\u00e7\u00e3o<\/strong>. Basta colocar os alimentos, escolher a fun\u00e7\u00e3o de confe\u00e7\u00e3o que preferir e deixar que o aparelho fa\u00e7a o resto sozinho.<\/p>\n<\/div>\n<\/div>\n<\/div>\n<\/div>\n<\/div>\n<\/div>\n<\/div>\n<\/div>\n<\/article>\n<\/div>\n<\/div>\n<\/div>\n<\/div>\n<\/div>\n<\/div>\n<\/div>\n<\/div>\n<\/div>\n<\/div>\n<\/article>\n<h3 data-start=\"134\" data-end=\"160\"><strong data-start=\"134\" data-end=\"160\">B\u00f3nus: a descongela\u00e7\u00e3o<\/strong><\/h3>\n<p class=\"\" data-start=\"134\" data-end=\"160\">Esquecer-se de tirar o jantar ou a comida do congelador para o dia seguinte \u00e9 um cl\u00e1ssico &#8211; e perfeitamente normal, tendo em conta as dezenas de coisas que ocupam a cabe\u00e7a. Vale a pena explorar as fun\u00e7\u00f5es que um micro-ondas com AirFry pode oferecer, pois pode ser surpreendido pela positiva.<\/p>\n<p class=\"\" data-start=\"458\" data-end=\"684\">No caso do <strong data-start=\"469\" data-end=\"481\">Micro-ondas com AirFry<\/strong>, por exemplo, existe uma fun\u00e7\u00e3o de <strong data-start=\"517\" data-end=\"543\">cozedura em duas fases<\/strong> que permite colocar diretamente uma pe\u00e7a de carne congelada no micro-ondas e cozinh\u00e1-la completamente com apenas um toque. Simples e eficaz.<\/p>\n<p data-start=\"458\" data-end=\"684\"><img loading=\"lazy\" decoding=\"async\" class=\"alignnone size-full wp-image-126022\" src=\"https:\/\/www.teka.com\/pt-pt\/wp-content\/uploads\/sites\/8\/2025\/04\/cuanto-dura-carne-congelador-1.jpg\" alt=\"\" width=\"700\" height=\"436\" srcset=\"https:\/\/www.teka.com\/pt-pt\/wp-content\/uploads\/sites\/8\/2025\/04\/cuanto-dura-carne-congelador-1.jpg 700w, https:\/\/www.teka.com\/pt-pt\/wp-content\/uploads\/sites\/8\/2025\/04\/cuanto-dura-carne-congelador-1-480x299.jpg 480w\" sizes=\"(min-width: 0px) and (max-width: 480px) 480px, (min-width: 481px) 700px, 100vw\" \/><\/p>\n<h3 class=\"\" data-start=\"3379\" data-end=\"3406\">4. Mais f\u00e1cil de limpar<\/h3>\n<p class=\"\" data-start=\"3408\" data-end=\"3489\">Outro ponto a favor: s\u00e3o muito mais f\u00e1ceis de limpar do que um forno tradicional.<\/p>\n<ul data-start=\"3491\" data-end=\"3634\">\n<li class=\"\" data-start=\"3491\" data-end=\"3548\">\n<p class=\"\" data-start=\"3493\" data-end=\"3548\">O espa\u00e7o \u00e9 mais pequeno, o que significa <strong>menos esfor\u00e7o<\/strong>;<\/p>\n<\/li>\n<li class=\"\" data-start=\"3549\" data-end=\"3572\">\n<p class=\"\" data-start=\"3551\" data-end=\"3572\">Limpa-se <strong>mais r\u00e1pido<\/strong>;<\/p>\n<\/li>\n<li class=\"\" data-start=\"3573\" data-end=\"3634\">\n<p class=\"\" data-start=\"3575\" data-end=\"3634\">Em vez de limpar tr\u00eas eletrodom\u00e9sticos, limpa-se apenas um.<\/p>\n<\/li>\n<\/ul>\n<p><img loading=\"lazy\" decoding=\"async\" class=\"alignnone size-full wp-image-126023\" src=\"https:\/\/www.teka.com\/pt-pt\/wp-content\/uploads\/sites\/8\/2025\/04\/pulverizador-limpiar-critales.png\" alt=\"\" width=\"700\" height=\"467\" srcset=\"https:\/\/www.teka.com\/pt-pt\/wp-content\/uploads\/sites\/8\/2025\/04\/pulverizador-limpiar-critales.png 700w, https:\/\/www.teka.com\/pt-pt\/wp-content\/uploads\/sites\/8\/2025\/04\/pulverizador-limpiar-critales-480x320.png 480w\" sizes=\"(min-width: 0px) and (max-width: 480px) 480px, (min-width: 481px) 700px, 100vw\" \/><\/p>\n<p class=\"\" data-start=\"3636\" data-end=\"3873\">E o melhor: alguns modelos, como o <strong data-start=\"3671\" data-end=\"3683\">Micro-onda com AirFry<\/strong>, t\u00eam <strong data-start=\"3689\" data-end=\"3715\">sistema de autolimpeza<\/strong> &#8211; basta um copo de \u00e1gua para manter tudo impec\u00e1vel. E ainda incluem <strong data-start=\"3784\" data-end=\"3810\">fun\u00e7\u00f5es desodorizantes<\/strong>, para que cozinhar peixe n\u00e3o deixe a casa a cheirar a peixaria.<\/p>\n<h3 class=\"\" data-start=\"3880\" data-end=\"3923\">5. Maior versatilidade para as receitas<\/h3>\n<p class=\"\" data-start=\"3925\" data-end=\"4073\">A combina\u00e7\u00e3o das fun\u00e7\u00f5es do micro-ondas com a AirFry permite explorar muito mais receitas, com aquele toque crocante e saud\u00e1vel que todos gostam.<\/p>\n<p class=\"\" data-start=\"4075\" data-end=\"4210\">\u00c9 poss\u00edvel preparar batatas fritas sem culpa, bolos, legumes ao vapor, pratos gratinados ou em papelote, tudo com pouco ou nenhuma <a href=\"https:\/\/www.teka.com\/pt-pt\/inspiracao\/cozinhar\/airfry-uma-grande-ideia\/\">gordura<\/a>.<\/p>\n<h3 data-start=\"4217\" data-end=\"4248\"><img loading=\"lazy\" decoding=\"async\" class=\"alignnone size-full wp-image-126024\" src=\"https:\/\/www.teka.com\/pt-pt\/wp-content\/uploads\/sites\/8\/2025\/04\/pescado-frito-andalucia.jpg\" alt=\"\" width=\"700\" height=\"436\" srcset=\"https:\/\/www.teka.com\/pt-pt\/wp-content\/uploads\/sites\/8\/2025\/04\/pescado-frito-andalucia.jpg 700w, https:\/\/www.teka.com\/pt-pt\/wp-content\/uploads\/sites\/8\/2025\/04\/pescado-frito-andalucia-480x299.jpg 480w\" sizes=\"(min-width: 0px) and (max-width: 480px) 480px, (min-width: 481px) 700px, 100vw\" \/><\/h3>\n<h3 class=\"\" data-start=\"4217\" data-end=\"4248\">6. Uma op\u00e7\u00e3o mais econ\u00f3mica<\/h3>\n<p class=\"\" data-start=\"4250\" data-end=\"4506\">Adquirir um \u00fanico eletrodom\u00e9stico multifun\u00e7\u00f5es \u00e9 mais econ\u00f3mico do que investir em v\u00e1rios aparelhos distintos. Para quem quer ter <a href=\"https:\/\/www.teka.com\/pt-pt\/que-forno-comprar\/\">forno<\/a>, air fryer e <a href=\"https:\/\/www.teka.com\/pt-pt\/que-micro-ondas-comprar\/\">micro-ondas<\/a> sem gastar uma fortuna, esta \u00e9 uma excelente solu\u00e7\u00e3o. <strong data-start=\"4465\" data-end=\"4506\">Menor investimento, maior rendimento.<\/strong><\/p>\n<h3 class=\"\" data-start=\"4513\" data-end=\"4561\"><img loading=\"lazy\" decoding=\"async\" class=\"alignnone size-full wp-image-126025\" src=\"https:\/\/www.teka.com\/pt-pt\/wp-content\/uploads\/sites\/8\/2025\/04\/pescado-azul.jpg\" alt=\"\" width=\"700\" height=\"436\" srcset=\"https:\/\/www.teka.com\/pt-pt\/wp-content\/uploads\/sites\/8\/2025\/04\/pescado-azul.jpg 700w, https:\/\/www.teka.com\/pt-pt\/wp-content\/uploads\/sites\/8\/2025\/04\/pescado-azul-480x299.jpg 480w\" sizes=\"(min-width: 0px) and (max-width: 480px) 480px, (min-width: 481px) 700px, 100vw\" \/><\/h3>\n<p class=\"\" data-start=\"4563\" data-end=\"4898\">Ser\u00e1 o micro-ondas com AirFry a melhor op\u00e7\u00e3o? Tudo depende das necessidades do dia a dia, do espa\u00e7o dispon\u00edvel e da rotina alimentar. Se est\u00e1 a pensar mudar <strong>h\u00e1bitos<\/strong>, preparar mais <strong>refei\u00e7\u00f5es em casa<\/strong> ou simplesmente <strong>tornar a cozinha mais pr\u00e1tica<\/strong>, este tipo de eletrodom\u00e9stico pode ser o parceiro ideal. E quem sabe\u2026 at\u00e9 redescobrir o prazer de cozinhar e experimentar novas receitas.<\/p>\n","protected":false},"excerpt":{"rendered":"<p>\u00c9 prov\u00e1vel que a febre das air fryers j\u00e1 tenha chegado at\u00e9 si, pelo menos atrav\u00e9s de familiares ou amigos. Quase de certeza que conhece duas ou tr\u00eas pessoas que est\u00e3o rendidas \u00e0s suas AirFryers, e que juram ter cozinhado desde gnocchi at\u00e9 borrego nela. Se j\u00e1 se deixou seduzir por esta forma de cozinhar, [&hellip;]<\/p>\n","protected":false},"author":130,"featured_media":126016,"comment_status":"open","ping_status":"open","sticky":false,"template":"","format":"standard","meta":{"_acf_changed":false,"_et_pb_use_builder":"","_et_pb_old_content":"","_et_gb_content_width":"","footnotes":""},"categories":[614,646,647],"tags":[422792,422913,422928,423044,423045,423185,423325,423354,423355,423356,423357,423358,423359,423360,423361,423362],"class_list":["post-126004","post","type-post","status-publish","format-standard","has-post-thumbnail","hentry","category-inspiracao","category-dicas","category-curiosidades","tag-cozinhar","tag-cozinha","tag-microondas","tag-airfry","tag-airfryer","tag-cozinha-saudavel","tag-air-fry","tag-micro-ondas","tag-air-fryer","tag-microondas-com-aifry","tag-micro-ondas-com-airfry","tag-cozinhar-sem-gordura","tag-fritar-sem-gosrdura","tag-forno-de-bancada","tag-forno-pequeno","tag-forno-de-conveccao"],"acf":[],"yoast_head":"<!-- This site is optimized with the Yoast SEO plugin v27.5 - https:\/\/yoast.com\/product\/yoast-seo-wordpress\/ -->\n<title>6 raz\u00f5es pelas quais precisa de um micro-ondas com AirFry | Teka Portugal<\/title>\n<meta name=\"description\" content=\"Descubra 6 raz\u00f5es para apostar num Micro-ondas com AirFry: mais r\u00e1pido, vers\u00e1til, compacto e ideal para cozinhar de forma saud\u00e1vel e pr\u00e1tica.\" \/>\n<meta name=\"robots\" content=\"index, follow, max-snippet:-1, max-image-preview:large, max-video-preview:-1\" \/>\n<link rel=\"canonical\" href=\"https:\/\/www.teka.com\/pt-pt\/inspiracao\/6-razoes-pelas-quais-precisa-de-um-micro-ondas-com-airfry\/\" \/>\n<meta property=\"og:locale\" content=\"pt_PT\" \/>\n<meta property=\"og:type\" content=\"article\" \/>\n<meta property=\"og:title\" content=\"6 raz\u00f5es pelas quais precisa de um micro-ondas com AirFry | Teka Portugal\" \/>\n<meta property=\"og:description\" content=\"Descubra 6 raz\u00f5es para apostar num Micro-ondas com AirFry: mais r\u00e1pido, vers\u00e1til, compacto e ideal para cozinhar de forma saud\u00e1vel e pr\u00e1tica.\" \/>\n<meta property=\"og:url\" content=\"https:\/\/www.teka.com\/pt-pt\/inspiracao\/6-razoes-pelas-quais-precisa-de-um-micro-ondas-com-airfry\/\" \/>\n<meta property=\"og:site_name\" content=\"Teka Portugal\" \/>\n<meta property=\"article:published_time\" content=\"2025-06-11T12:51:27+00:00\" \/>\n<meta property=\"og:image\" content=\"https:\/\/www.teka.com\/pt-pt\/wp-content\/uploads\/sites\/8\/2025\/04\/Microondas_ambiente.jpg\" \/>\n\t<meta property=\"og:image:width\" content=\"1300\" \/>\n\t<meta property=\"og:image:height\" content=\"394\" \/>\n\t<meta property=\"og:image:type\" content=\"image\/jpeg\" \/>\n<meta name=\"author\" content=\"sofia\" \/>\n<meta name=\"twitter:card\" content=\"summary_large_image\" \/>\n<meta name=\"twitter:label1\" content=\"Escrito por\" \/>\n\t<meta name=\"twitter:data1\" content=\"sofia\" \/>\n\t<meta name=\"twitter:label2\" content=\"Tempo estimado de leitura\" \/>\n\t<meta name=\"twitter:data2\" content=\"7 minutos\" \/>\n<script type=\"application\/ld+json\" class=\"yoast-schema-graph\">{\"@context\":\"https:\\\/\\\/schema.org\",\"@graph\":[{\"@type\":\"Article\",\"@id\":\"https:\\\/\\\/www.teka.com\\\/pt-pt\\\/inspiracao\\\/6-razoes-pelas-quais-precisa-de-um-micro-ondas-com-airfry\\\/#article\",\"isPartOf\":{\"@id\":\"https:\\\/\\\/www.teka.com\\\/pt-pt\\\/inspiracao\\\/6-razoes-pelas-quais-precisa-de-um-micro-ondas-com-airfry\\\/\"},\"author\":{\"name\":\"sofia\",\"@id\":\"https:\\\/\\\/www.teka.com\\\/pt-pt\\\/#\\\/schema\\\/person\\\/4b29eebb2ce4f4b9b3324c71c72b9e0a\"},\"headline\":\"6 raz\u00f5es pelas quais precisa de um micro-ondas com AirFry\",\"datePublished\":\"2025-06-11T12:51:27+00:00\",\"mainEntityOfPage\":{\"@id\":\"https:\\\/\\\/www.teka.com\\\/pt-pt\\\/inspiracao\\\/6-razoes-pelas-quais-precisa-de-um-micro-ondas-com-airfry\\\/\"},\"wordCount\":912,\"commentCount\":0,\"image\":{\"@id\":\"https:\\\/\\\/www.teka.com\\\/pt-pt\\\/inspiracao\\\/6-razoes-pelas-quais-precisa-de-um-micro-ondas-com-airfry\\\/#primaryimage\"},\"thumbnailUrl\":\"https:\\\/\\\/www.teka.com\\\/pt-pt\\\/wp-content\\\/uploads\\\/sites\\\/8\\\/2025\\\/04\\\/Microondas_ambiente.jpg\",\"keywords\":[\"cozinhar\",\"cozinha\",\"microondas\",\"airfry\",\"airfryer\",\"cozinha saud\u00e1vel\",\"air fry\",\"micro-ondas\",\"air fryer\",\"microondas com aifry\",\"micro-ondas com airfry\",\"cozinhar sem gordura\",\"fritar sem gosrdura\",\"forno de bancada\",\"forno pequeno\",\"forno de convec\u00e7\u00e3o\"],\"articleSection\":[\"Inspiracao\",\"Dicas\",\"Curiosidades\"],\"inLanguage\":\"pt-PT\",\"potentialAction\":[{\"@type\":\"CommentAction\",\"name\":\"Comment\",\"target\":[\"https:\\\/\\\/www.teka.com\\\/pt-pt\\\/inspiracao\\\/6-razoes-pelas-quais-precisa-de-um-micro-ondas-com-airfry\\\/#respond\"]}]},{\"@type\":\"WebPage\",\"@id\":\"https:\\\/\\\/www.teka.com\\\/pt-pt\\\/inspiracao\\\/6-razoes-pelas-quais-precisa-de-um-micro-ondas-com-airfry\\\/\",\"url\":\"https:\\\/\\\/www.teka.com\\\/pt-pt\\\/inspiracao\\\/6-razoes-pelas-quais-precisa-de-um-micro-ondas-com-airfry\\\/\",\"name\":\"6 raz\u00f5es pelas quais precisa de um micro-ondas com AirFry | Teka Portugal\",\"isPartOf\":{\"@id\":\"https:\\\/\\\/www.teka.com\\\/pt-pt\\\/#website\"},\"primaryImageOfPage\":{\"@id\":\"https:\\\/\\\/www.teka.com\\\/pt-pt\\\/inspiracao\\\/6-razoes-pelas-quais-precisa-de-um-micro-ondas-com-airfry\\\/#primaryimage\"},\"image\":{\"@id\":\"https:\\\/\\\/www.teka.com\\\/pt-pt\\\/inspiracao\\\/6-razoes-pelas-quais-precisa-de-um-micro-ondas-com-airfry\\\/#primaryimage\"},\"thumbnailUrl\":\"https:\\\/\\\/www.teka.com\\\/pt-pt\\\/wp-content\\\/uploads\\\/sites\\\/8\\\/2025\\\/04\\\/Microondas_ambiente.jpg\",\"datePublished\":\"2025-06-11T12:51:27+00:00\",\"author\":{\"@id\":\"https:\\\/\\\/www.teka.com\\\/pt-pt\\\/#\\\/schema\\\/person\\\/4b29eebb2ce4f4b9b3324c71c72b9e0a\"},\"description\":\"Descubra 6 raz\u00f5es para apostar num Micro-ondas com AirFry: mais r\u00e1pido, vers\u00e1til, compacto e ideal para cozinhar de forma saud\u00e1vel e pr\u00e1tica.\",\"breadcrumb\":{\"@id\":\"https:\\\/\\\/www.teka.com\\\/pt-pt\\\/inspiracao\\\/6-razoes-pelas-quais-precisa-de-um-micro-ondas-com-airfry\\\/#breadcrumb\"},\"inLanguage\":\"pt-PT\",\"potentialAction\":[{\"@type\":\"ReadAction\",\"target\":[\"https:\\\/\\\/www.teka.com\\\/pt-pt\\\/inspiracao\\\/6-razoes-pelas-quais-precisa-de-um-micro-ondas-com-airfry\\\/\"]}]},{\"@type\":\"ImageObject\",\"inLanguage\":\"pt-PT\",\"@id\":\"https:\\\/\\\/www.teka.com\\\/pt-pt\\\/inspiracao\\\/6-razoes-pelas-quais-precisa-de-um-micro-ondas-com-airfry\\\/#primaryimage\",\"url\":\"https:\\\/\\\/www.teka.com\\\/pt-pt\\\/wp-content\\\/uploads\\\/sites\\\/8\\\/2025\\\/04\\\/Microondas_ambiente.jpg\",\"contentUrl\":\"https:\\\/\\\/www.teka.com\\\/pt-pt\\\/wp-content\\\/uploads\\\/sites\\\/8\\\/2025\\\/04\\\/Microondas_ambiente.jpg\",\"width\":1300,\"height\":394},{\"@type\":\"BreadcrumbList\",\"@id\":\"https:\\\/\\\/www.teka.com\\\/pt-pt\\\/inspiracao\\\/6-razoes-pelas-quais-precisa-de-um-micro-ondas-com-airfry\\\/#breadcrumb\",\"itemListElement\":[{\"@type\":\"ListItem\",\"position\":1,\"name\":\"Home\",\"item\":\"https:\\\/\\\/www.teka.com\\\/pt-pt\\\/\"},{\"@type\":\"ListItem\",\"position\":2,\"name\":\"6 raz\u00f5es pelas quais precisa de um micro-ondas com AirFry\"}]},{\"@type\":\"WebSite\",\"@id\":\"https:\\\/\\\/www.teka.com\\\/pt-pt\\\/#website\",\"url\":\"https:\\\/\\\/www.teka.com\\\/pt-pt\\\/\",\"name\":\"Teka Portugal\",\"description\":\"\",\"potentialAction\":[{\"@type\":\"SearchAction\",\"target\":{\"@type\":\"EntryPoint\",\"urlTemplate\":\"https:\\\/\\\/www.teka.com\\\/pt-pt\\\/?s={search_term_string}\"},\"query-input\":{\"@type\":\"PropertyValueSpecification\",\"valueRequired\":true,\"valueName\":\"search_term_string\"}}],\"inLanguage\":\"pt-PT\"},{\"@type\":\"Person\",\"@id\":\"https:\\\/\\\/www.teka.com\\\/pt-pt\\\/#\\\/schema\\\/person\\\/4b29eebb2ce4f4b9b3324c71c72b9e0a\",\"name\":\"sofia\",\"image\":{\"@type\":\"ImageObject\",\"inLanguage\":\"pt-PT\",\"@id\":\"https:\\\/\\\/secure.gravatar.com\\\/avatar\\\/863b216d0846f9c6f9485754a249d6c36d477e771e44c474729d20da1777d47f?s=96&d=mm&r=g\",\"url\":\"https:\\\/\\\/secure.gravatar.com\\\/avatar\\\/863b216d0846f9c6f9485754a249d6c36d477e771e44c474729d20da1777d47f?s=96&d=mm&r=g\",\"contentUrl\":\"https:\\\/\\\/secure.gravatar.com\\\/avatar\\\/863b216d0846f9c6f9485754a249d6c36d477e771e44c474729d20da1777d47f?s=96&d=mm&r=g\",\"caption\":\"sofia\"}}]}<\/script>\n<!-- \/ Yoast SEO plugin. -->","yoast_head_json":{"title":"6 raz\u00f5es pelas quais precisa de um micro-ondas com AirFry | Teka Portugal","description":"Descubra 6 raz\u00f5es para apostar num Micro-ondas com AirFry: mais r\u00e1pido, vers\u00e1til, compacto e ideal para cozinhar de forma saud\u00e1vel e pr\u00e1tica.","robots":{"index":"index","follow":"follow","max-snippet":"max-snippet:-1","max-image-preview":"max-image-preview:large","max-video-preview":"max-video-preview:-1"},"canonical":"https:\/\/www.teka.com\/pt-pt\/inspiracao\/6-razoes-pelas-quais-precisa-de-um-micro-ondas-com-airfry\/","og_locale":"pt_PT","og_type":"article","og_title":"6 raz\u00f5es pelas quais precisa de um micro-ondas com AirFry | Teka Portugal","og_description":"Descubra 6 raz\u00f5es para apostar num Micro-ondas com AirFry: mais r\u00e1pido, vers\u00e1til, compacto e ideal para cozinhar de forma saud\u00e1vel e pr\u00e1tica.","og_url":"https:\/\/www.teka.com\/pt-pt\/inspiracao\/6-razoes-pelas-quais-precisa-de-um-micro-ondas-com-airfry\/","og_site_name":"Teka Portugal","article_published_time":"2025-06-11T12:51:27+00:00","og_image":[{"width":1300,"height":394,"url":"https:\/\/www.teka.com\/pt-pt\/wp-content\/uploads\/sites\/8\/2025\/04\/Microondas_ambiente.jpg","type":"image\/jpeg"}],"author":"sofia","twitter_card":"summary_large_image","twitter_misc":{"Escrito por":"sofia","Tempo estimado de leitura":"7 minutos"},"schema":{"@context":"https:\/\/schema.org","@graph":[{"@type":"Article","@id":"https:\/\/www.teka.com\/pt-pt\/inspiracao\/6-razoes-pelas-quais-precisa-de-um-micro-ondas-com-airfry\/#article","isPartOf":{"@id":"https:\/\/www.teka.com\/pt-pt\/inspiracao\/6-razoes-pelas-quais-precisa-de-um-micro-ondas-com-airfry\/"},"author":{"name":"sofia","@id":"https:\/\/www.teka.com\/pt-pt\/#\/schema\/person\/4b29eebb2ce4f4b9b3324c71c72b9e0a"},"headline":"6 raz\u00f5es pelas quais precisa de um micro-ondas com AirFry","datePublished":"2025-06-11T12:51:27+00:00","mainEntityOfPage":{"@id":"https:\/\/www.teka.com\/pt-pt\/inspiracao\/6-razoes-pelas-quais-precisa-de-um-micro-ondas-com-airfry\/"},"wordCount":912,"commentCount":0,"image":{"@id":"https:\/\/www.teka.com\/pt-pt\/inspiracao\/6-razoes-pelas-quais-precisa-de-um-micro-ondas-com-airfry\/#primaryimage"},"thumbnailUrl":"https:\/\/www.teka.com\/pt-pt\/wp-content\/uploads\/sites\/8\/2025\/04\/Microondas_ambiente.jpg","keywords":["cozinhar","cozinha","microondas","airfry","airfryer","cozinha saud\u00e1vel","air fry","micro-ondas","air fryer","microondas com aifry","micro-ondas com airfry","cozinhar sem gordura","fritar sem gosrdura","forno de bancada","forno pequeno","forno de convec\u00e7\u00e3o"],"articleSection":["Inspiracao","Dicas","Curiosidades"],"inLanguage":"pt-PT","potentialAction":[{"@type":"CommentAction","name":"Comment","target":["https:\/\/www.teka.com\/pt-pt\/inspiracao\/6-razoes-pelas-quais-precisa-de-um-micro-ondas-com-airfry\/#respond"]}]},{"@type":"WebPage","@id":"https:\/\/www.teka.com\/pt-pt\/inspiracao\/6-razoes-pelas-quais-precisa-de-um-micro-ondas-com-airfry\/","url":"https:\/\/www.teka.com\/pt-pt\/inspiracao\/6-razoes-pelas-quais-precisa-de-um-micro-ondas-com-airfry\/","name":"6 raz\u00f5es pelas quais precisa de um micro-ondas com AirFry | Teka Portugal","isPartOf":{"@id":"https:\/\/www.teka.com\/pt-pt\/#website"},"primaryImageOfPage":{"@id":"https:\/\/www.teka.com\/pt-pt\/inspiracao\/6-razoes-pelas-quais-precisa-de-um-micro-ondas-com-airfry\/#primaryimage"},"image":{"@id":"https:\/\/www.teka.com\/pt-pt\/inspiracao\/6-razoes-pelas-quais-precisa-de-um-micro-ondas-com-airfry\/#primaryimage"},"thumbnailUrl":"https:\/\/www.teka.com\/pt-pt\/wp-content\/uploads\/sites\/8\/2025\/04\/Microondas_ambiente.jpg","datePublished":"2025-06-11T12:51:27+00:00","author":{"@id":"https:\/\/www.teka.com\/pt-pt\/#\/schema\/person\/4b29eebb2ce4f4b9b3324c71c72b9e0a"},"description":"Descubra 6 raz\u00f5es para apostar num Micro-ondas com AirFry: mais r\u00e1pido, vers\u00e1til, compacto e ideal para cozinhar de forma saud\u00e1vel e pr\u00e1tica.","breadcrumb":{"@id":"https:\/\/www.teka.com\/pt-pt\/inspiracao\/6-razoes-pelas-quais-precisa-de-um-micro-ondas-com-airfry\/#breadcrumb"},"inLanguage":"pt-PT","potentialAction":[{"@type":"ReadAction","target":["https:\/\/www.teka.com\/pt-pt\/inspiracao\/6-razoes-pelas-quais-precisa-de-um-micro-ondas-com-airfry\/"]}]},{"@type":"ImageObject","inLanguage":"pt-PT","@id":"https:\/\/www.teka.com\/pt-pt\/inspiracao\/6-razoes-pelas-quais-precisa-de-um-micro-ondas-com-airfry\/#primaryimage","url":"https:\/\/www.teka.com\/pt-pt\/wp-content\/uploads\/sites\/8\/2025\/04\/Microondas_ambiente.jpg","contentUrl":"https:\/\/www.teka.com\/pt-pt\/wp-content\/uploads\/sites\/8\/2025\/04\/Microondas_ambiente.jpg","width":1300,"height":394},{"@type":"BreadcrumbList","@id":"https:\/\/www.teka.com\/pt-pt\/inspiracao\/6-razoes-pelas-quais-precisa-de-um-micro-ondas-com-airfry\/#breadcrumb","itemListElement":[{"@type":"ListItem","position":1,"name":"Home","item":"https:\/\/www.teka.com\/pt-pt\/"},{"@type":"ListItem","position":2,"name":"6 raz\u00f5es pelas quais precisa de um micro-ondas com AirFry"}]},{"@type":"WebSite","@id":"https:\/\/www.teka.com\/pt-pt\/#website","url":"https:\/\/www.teka.com\/pt-pt\/","name":"Teka Portugal","description":"","potentialAction":[{"@type":"SearchAction","target":{"@type":"EntryPoint","urlTemplate":"https:\/\/www.teka.com\/pt-pt\/?s={search_term_string}"},"query-input":{"@type":"PropertyValueSpecification","valueRequired":true,"valueName":"search_term_string"}}],"inLanguage":"pt-PT"},{"@type":"Person","@id":"https:\/\/www.teka.com\/pt-pt\/#\/schema\/person\/4b29eebb2ce4f4b9b3324c71c72b9e0a","name":"sofia","image":{"@type":"ImageObject","inLanguage":"pt-PT","@id":"https:\/\/secure.gravatar.com\/avatar\/863b216d0846f9c6f9485754a249d6c36d477e771e44c474729d20da1777d47f?s=96&d=mm&r=g","url":"https:\/\/secure.gravatar.com\/avatar\/863b216d0846f9c6f9485754a249d6c36d477e771e44c474729d20da1777d47f?s=96&d=mm&r=g","contentUrl":"https:\/\/secure.gravatar.com\/avatar\/863b216d0846f9c6f9485754a249d6c36d477e771e44c474729d20da1777d47f?s=96&d=mm&r=g","caption":"sofia"}}]}},"_links":{"self":[{"href":"https:\/\/www.teka.com\/pt-pt\/wp-json\/wp\/v2\/posts\/126004","targetHints":{"allow":["GET"]}}],"collection":[{"href":"https:\/\/www.teka.com\/pt-pt\/wp-json\/wp\/v2\/posts"}],"about":[{"href":"https:\/\/www.teka.com\/pt-pt\/wp-json\/wp\/v2\/types\/post"}],"author":[{"embeddable":true,"href":"https:\/\/www.teka.com\/pt-pt\/wp-json\/wp\/v2\/users\/130"}],"replies":[{"embeddable":true,"href":"https:\/\/www.teka.com\/pt-pt\/wp-json\/wp\/v2\/comments?post=126004"}],"version-history":[{"count":4,"href":"https:\/\/www.teka.com\/pt-pt\/wp-json\/wp\/v2\/posts\/126004\/revisions"}],"predecessor-version":[{"id":126174,"href":"https:\/\/www.teka.com\/pt-pt\/wp-json\/wp\/v2\/posts\/126004\/revisions\/126174"}],"wp:featuredmedia":[{"embeddable":true,"href":"https:\/\/www.teka.com\/pt-pt\/wp-json\/wp\/v2\/media\/126016"}],"wp:attachment":[{"href":"https:\/\/www.teka.com\/pt-pt\/wp-json\/wp\/v2\/media?parent=126004"}],"wp:term":[{"taxonomy":"category","embeddable":true,"href":"https:\/\/www.teka.com\/pt-pt\/wp-json\/wp\/v2\/categories?post=126004"},{"taxonomy":"post_tag","embeddable":true,"href":"https:\/\/www.teka.com\/pt-pt\/wp-json\/wp\/v2\/tags?post=126004"}],"curies":[{"name":"wp","href":"https:\/\/api.w.org\/{rel}","templated":true}]}}