{"id":126336,"date":"2025-08-20T15:39:47","date_gmt":"2025-08-20T15:39:47","guid":{"rendered":"https:\/\/www.teka.com\/pt-pt\/?p=126336"},"modified":"2025-09-17T11:46:40","modified_gmt":"2025-09-17T11:46:40","slug":"quanto-tempo-dura-um-frigorifico","status":"publish","type":"post","link":"https:\/\/www.teka.com\/pt-pt\/inspiracao\/inovacao\/quanto-tempo-dura-um-frigorifico\/","title":{"rendered":"Quanto tempo dura um frigor\u00edfico?"},"content":{"rendered":"<p data-start=\"155\" data-end=\"774\">Comprar um frigor\u00edfico novo \u00e9 sempre uma aventura. Durante anos, nem se pensa no assunto, at\u00e9 que come\u00e7am a surgir <strong>falhas<\/strong> e chega o momento de folhear cat\u00e1logos ou pesquisar na internet em busca de um poss\u00edvel substituto. Afinal, \u00e9 normal s\u00f3 se lembrar de \u201cS\u00e3o Pedro quando chove\u201d. No pior dos cen\u00e1rios, o frigor\u00edfico simplesmente deixa de <strong>funcionar<\/strong>. Vale a pena ent\u00e3o fazer contas, porque explicamos quanto tempo dura normalmente um frigor\u00edfico e o que se pode fazer para <strong>prolongar<\/strong> ao m\u00e1ximo a vida \u00fatil do que j\u00e1 tem. Caso contr\u00e1rio, pelo menos ficar\u00e1 a saber no que deve ter em conta quando chegar a hora de trocar.<\/p>\n<h3 data-start=\"781\" data-end=\"826\"><strong data-start=\"785\" data-end=\"826\"><img loading=\"lazy\" decoding=\"async\" class=\"size-full wp-image-126338 alignnone\" src=\"https:\/\/www.teka.com\/pt-pt\/wp-content\/uploads\/sites\/8\/2025\/08\/LEDLight-1.jpg\" alt=\"\" width=\"700\" height=\"436\" srcset=\"https:\/\/www.teka.com\/pt-pt\/wp-content\/uploads\/sites\/8\/2025\/08\/LEDLight-1.jpg 700w, https:\/\/www.teka.com\/pt-pt\/wp-content\/uploads\/sites\/8\/2025\/08\/LEDLight-1-480x299.jpg 480w\" sizes=\"(min-width: 0px) and (max-width: 480px) 480px, (min-width: 481px) 700px, 100vw\" \/><\/strong><\/h3>\n<p>&nbsp;<\/p>\n<h3 data-start=\"781\" data-end=\"826\"><strong data-start=\"785\" data-end=\"826\">Qual \u00e9 a vida \u00fatil de um frigor\u00edfico?<\/strong><\/h3>\n<p data-start=\"828\" data-end=\"1118\">Em m\u00e9dia, um <a href=\"https:\/\/www.teka.com\/pt-pt\/cozinha\/frigorificos\/\">frigor\u00edfico<\/a> dura entre 10 a 15 anos, podendo alguns modelos chegar aos 20 anos se forem bem cuidados. No entanto, durar mais tempo n\u00e3o significa manter a mesma <strong>efici\u00eancia<\/strong> e <strong>desempenho<\/strong>. Importa lembrar que, em apenas 10 anos, os avan\u00e7os tecnol\u00f3gicos podem ser enormes.<\/p>\n<p data-start=\"1120\" data-end=\"1661\"><img loading=\"lazy\" decoding=\"async\" class=\"size-full wp-image-126339 alignnone\" src=\"https:\/\/www.teka.com\/pt-pt\/wp-content\/uploads\/sites\/8\/2025\/08\/3rd-generation-Capacity.jpg\" alt=\"\" width=\"700\" height=\"436\" srcset=\"https:\/\/www.teka.com\/pt-pt\/wp-content\/uploads\/sites\/8\/2025\/08\/3rd-generation-Capacity.jpg 700w, https:\/\/www.teka.com\/pt-pt\/wp-content\/uploads\/sites\/8\/2025\/08\/3rd-generation-Capacity-480x299.jpg 480w\" sizes=\"(min-width: 0px) and (max-width: 480px) 480px, (min-width: 481px) 700px, 100vw\" \/><\/p>\n<p data-start=\"1120\" data-end=\"1661\">N\u00e3o \u00e9, por isso, boa ideia esperar que o frigor\u00edfico \u201cmorra\u201d para o substituir. Trocar antes de avariar totalmente pode <strong>poupar<\/strong> dinheiro, tanto em consumo <a href=\"https:\/\/www.teka.com\/pt-pt\/inspiracao\/dicas\/truques-diarios-para-poupar-energia-com-o-frigorifico\/\">el\u00e9trico<\/a> como na conserva\u00e7\u00e3o dos alimentos e evitar perdas de comida. Al\u00e9m disso, por norma do <strong data-start=\"1373\" data-end=\"1393\">Conselho Europeu<\/strong>, as marcas s\u00e3o obrigadas a disponibilizar <strong>pe\u00e7as<\/strong> de substitui\u00e7\u00e3o e <a href=\"https:\/\/www.europarl.europa.eu\/news\/pt\/press-room\/20240419IPR20590\/direito-a-reparacao-torna-la-mais-facil-e-mais-atrativa-para-os-consumidores\">assist\u00eancia t\u00e9cnica<\/a> para <strong>prolongar<\/strong> a vida \u00fatil dos eletrodom\u00e9sticos, reduzindo o desperd\u00edcio e contribuindo para a <a href=\"https:\/\/www.teka.com\/pt-pt\/inspiracao\/9-razoes-pelas-quais-e-importante-reciclar-em-casa\/\">sustentabilidade<\/a>. Em suma, tudo depender\u00e1 do frigor\u00edfico que cada pessoa tem em casa.<\/p>\n<p data-start=\"1120\" data-end=\"1661\"><img loading=\"lazy\" decoding=\"async\" class=\"size-full wp-image-126340 alignnone\" src=\"https:\/\/www.teka.com\/pt-pt\/wp-content\/uploads\/sites\/8\/2025\/08\/Nueva-Generacion-Combis-Mobile-Teka-ES-1.jpg\" alt=\"\" width=\"700\" height=\"436\" srcset=\"https:\/\/www.teka.com\/pt-pt\/wp-content\/uploads\/sites\/8\/2025\/08\/Nueva-Generacion-Combis-Mobile-Teka-ES-1.jpg 700w, https:\/\/www.teka.com\/pt-pt\/wp-content\/uploads\/sites\/8\/2025\/08\/Nueva-Generacion-Combis-Mobile-Teka-ES-1-480x299.jpg 480w\" sizes=\"(min-width: 0px) and (max-width: 480px) 480px, (min-width: 481px) 700px, 100vw\" \/><\/p>\n<h3 data-start=\"1668\" data-end=\"1727\"><strong data-start=\"1672\" data-end=\"1727\">Fatores que influenciam a dura\u00e7\u00e3o de um frigor\u00edfico<\/strong><\/h3>\n<p data-start=\"1729\" data-end=\"1840\">Nem todos os frigor\u00edficos envelhecem da mesma forma. H\u00e1 v\u00e1rios elementos que podem influenciar a sua vida \u00fatil:<\/p>\n<ol>\n<li data-start=\"1844\" data-end=\"2062\"><strong data-start=\"1844\" data-end=\"1877\">Qualidade do eletrodom\u00e9stico<\/strong><br data-start=\"1877\" data-end=\"1880\" \/>Modelos de gama m\u00e9dia-alta ou alta tendem a durar <strong>mais<\/strong>, pois utilizam materiais <a href=\"https:\/\/www.teka.com\/pt-pt\/inspiracao\/cozinhar\/frigorifico-combinado\/\">melhores<\/a>, tecnologias avan\u00e7adas e componentes mais resistentes, como os motores <a href=\"https:\/\/www.teka.com\/pt-pt\/inspiracao\/o-que-e-um-motor-inverter\/\"><strong data-start=\"2047\" data-end=\"2059\">Inverter<\/strong><\/a>.<\/li>\n<li data-start=\"1844\" data-end=\"2062\"><strong data-start=\"2066\" data-end=\"2090\">Manuten\u00e7\u00e3o e limpeza<\/strong><br data-start=\"2090\" data-end=\"2093\" \/>Limpar regularmente as borrachas das portas, o condensador e evitar acumula\u00e7\u00e3o de gelo ou p\u00f3 na parte traseira pode prolongar significativamente a vida \u00fatil. Situa\u00e7\u00f5es externas, como falhas de energia ou v\u00e1rias mudan\u00e7as de casa, tamb\u00e9m influenciam.<\/li>\n<li data-start=\"1844\" data-end=\"2062\"><strong data-start=\"2353\" data-end=\"2367\">Tecnologia<\/strong><br data-start=\"2367\" data-end=\"2370\" \/>Modelos recentes, com tecnologias de poupan\u00e7a energ\u00e9tica como o <strong data-start=\"2438\" data-end=\"2456\">Total No Frost<\/strong>, <strong data-start=\"2458\" data-end=\"2477\">AirFlow <\/strong>Control ou gavetas espec\u00edficas como a <strong data-start=\"2508\" data-end=\"2520\">FreshBox, <\/strong>n\u00e3o s\u00f3 conservam melhor os alimentos como fazem o frigor\u00edfico trabalhar de forma mais <strong>eficiente<\/strong>, reduzindo o <strong>desgaste<\/strong>.<\/li>\n<li data-start=\"1844\" data-end=\"2062\"><strong data-start=\"2647\" data-end=\"2661\">Uso di\u00e1rio<\/strong><br data-start=\"2661\" data-end=\"2664\" \/>Um frigor\u00edfico de uma fam\u00edlia <strong>numerosa<\/strong>, com aberturas constantes e sempre cheio, desgasta-se muito mais depressa do que um de uma casa com apenas uma pessoa (e talvez um gato). O n\u00edvel de utiliza\u00e7\u00e3o tem impacto direto na durabilidade.<\/li>\n<\/ol>\n<p><img loading=\"lazy\" decoding=\"async\" class=\"size-full wp-image-126341 alignnone\" src=\"https:\/\/www.teka.com\/pt-pt\/wp-content\/uploads\/sites\/8\/2025\/08\/3rd-generation-RBF_78660_SS.jpg\" alt=\"\" width=\"700\" height=\"436\" srcset=\"https:\/\/www.teka.com\/pt-pt\/wp-content\/uploads\/sites\/8\/2025\/08\/3rd-generation-RBF_78660_SS.jpg 700w, https:\/\/www.teka.com\/pt-pt\/wp-content\/uploads\/sites\/8\/2025\/08\/3rd-generation-RBF_78660_SS-480x299.jpg 480w\" sizes=\"(min-width: 0px) and (max-width: 480px) 480px, (min-width: 481px) 700px, 100vw\" \/><\/p>\n<h3 data-start=\"2909\" data-end=\"2955\"><strong data-start=\"2913\" data-end=\"2955\">Como saber se chegou a hora de trocar?<\/strong><\/h3>\n<p data-start=\"2957\" data-end=\"3088\">Um frigor\u00edfico raramente deixa de funcionar de repente, o desempenho vai-se degradando com o tempo. Eis alguns sinais de alerta:<\/p>\n<ul data-start=\"3090\" data-end=\"3501\">\n<li data-start=\"3090\" data-end=\"3144\">\n<p data-start=\"3092\" data-end=\"3144\">J\u00e1 <strong>n\u00e3o arrefece<\/strong> como antes, mesmo no n\u00edvel m\u00e1ximo.<\/p>\n<\/li>\n<li data-start=\"3145\" data-end=\"3204\">\n<p data-start=\"3147\" data-end=\"3204\">Faz mais <strong>ru\u00eddo<\/strong> do que o normal (pode ser o compressor).<\/p>\n<\/li>\n<li data-start=\"3205\" data-end=\"3258\">\n<p data-start=\"3207\" data-end=\"3258\">O <strong>consumo de energia aumenta<\/strong> (vis\u00edvel na fatura).<\/p>\n<\/li>\n<li data-start=\"3259\" data-end=\"3342\">\n<p data-start=\"3261\" data-end=\"3342\">Cria <strong>gelo<\/strong> constantemente, no congelador e at\u00e9 no compartimento de refrigera\u00e7\u00e3o.<\/p>\n<\/li>\n<li data-start=\"3343\" data-end=\"3501\">\n<p data-start=\"3345\" data-end=\"3501\">As <strong>borrachas<\/strong> das portas est\u00e3o gastas ou j\u00e1 n\u00e3o vedam bem (um vidro partido n\u00e3o compromete o funcionamento, j\u00e1 as borrachas danificadas, sim).<\/p>\n<p><img loading=\"lazy\" decoding=\"async\" class=\"wp-image-126342 size-full alignnone\" src=\"https:\/\/www.teka.com\/pt-pt\/wp-content\/uploads\/sites\/8\/2025\/08\/Zero-Box-de-Teka.jpg\" alt=\"\" width=\"700\" height=\"436\" srcset=\"https:\/\/www.teka.com\/pt-pt\/wp-content\/uploads\/sites\/8\/2025\/08\/Zero-Box-de-Teka.jpg 700w, https:\/\/www.teka.com\/pt-pt\/wp-content\/uploads\/sites\/8\/2025\/08\/Zero-Box-de-Teka-480x299.jpg 480w\" sizes=\"(min-width: 0px) and (max-width: 480px) 480px, (min-width: 481px) 700px, 100vw\" \/><\/li>\n<\/ul>\n<h3 data-start=\"3508\" data-end=\"3571\"><strong data-start=\"3512\" data-end=\"3571\">E se o frigor\u00edfico ainda funcionar bem, mas for antigo?<\/strong><\/h3>\n<p data-start=\"3573\" data-end=\"3896\">\u00c9 comum encontrar em casas de f\u00e9rias frigor\u00edficos que j\u00e1 \u201cviram passar v\u00e1rias guerras\u201d. No entanto, muitos deles, al\u00e9m da idade, t\u00eam classes energ\u00e9ticas antigas (G ou inferiores), o que significa que podem gastar <strong data-start=\"3786\" data-end=\"3813\">o dobro ou at\u00e9 o triplo<\/strong> da eletricidade de um modelo atual de<a href=\"https:\/\/commission.europa.eu\/news-and-media\/news\/focus-new-generation-eu-energy-labels-2020-08-13_en?prefLang=pt\"> classe A<\/a>, a mais eficiente no mercado.<\/p>\n<p data-start=\"3898\" data-end=\"4209\">Segundo a OCU (janeiro 2025), substituir um frigor\u00edfico com <strong>13 anos<\/strong> por um modelo moderno pode representar at\u00e9 <strong data-start=\"4013\" data-end=\"4043\">50% de poupan\u00e7a energ\u00e9tica<\/strong> ao longo da sua vida \u00fatil. Al\u00e9m disso, muitos modelos atuais oferecem<strong> tecnologias sustent\u00e1veis<\/strong> e <strong>maior capacidade<\/strong> interna, sem aumentar o tamanho exterior, gra\u00e7as a um <strong>design<\/strong> mais eficiente.<\/p>\n<h3 data-start=\"4216\" data-end=\"4266\"><strong data-start=\"4220\" data-end=\"4266\">Dicas para prolongar a vida do frigor\u00edfico<\/strong><\/h3>\n<p data-start=\"4268\" data-end=\"4394\">Enquanto n\u00e3o chega a altura de trocar, ou para garantir maior durabilidade do novo modelo, seguem alguns conselhos pr\u00e1ticos:<\/p>\n<ul data-start=\"4396\" data-end=\"4730\">\n<li data-start=\"4396\" data-end=\"4452\">\n<p data-start=\"4398\" data-end=\"4452\">N\u00e3o sobrecarregar: deixar espa\u00e7o para o ar circular.<\/p>\n<\/li>\n<li data-start=\"4453\" data-end=\"4523\">\n<p data-start=\"4455\" data-end=\"4523\"><strong>Limpar as borrachas e interior com vinagre e \u00e1gua a cada 3-4 semanas.<\/strong><\/p>\n<\/li>\n<li data-start=\"4524\" data-end=\"4598\">\n<p data-start=\"4526\" data-end=\"4598\">Manter o term\u00f3stato entre <strong data-start=\"4552\" data-end=\"4567\">3 \u00b0C e 5 \u00b0C<\/strong> e o congelador a <strong data-start=\"4585\" data-end=\"4595\">-18 \u00b0C<\/strong>.<\/p>\n<\/li>\n<li data-start=\"4599\" data-end=\"4672\">\n<p data-start=\"4601\" data-end=\"4672\">N\u00e3o encostar \u00e0 parede e n\u00e3o utilizar a parte superior para armazenamento: o frigor\u00edfico precisa de <strong>espa\u00e7o<\/strong> para ventilar.<\/p>\n<\/li>\n<li data-start=\"4599\" data-end=\"4672\">\n<p data-start=\"4601\" data-end=\"4672\">Evitar colocar comida <strong>quente<\/strong> diretamente no interior.<\/p>\n<\/li>\n<\/ul>\n<h3 data-start=\"4737\" data-end=\"4789\"><img loading=\"lazy\" decoding=\"async\" class=\"size-full wp-image-126343 alignnone\" src=\"https:\/\/www.teka.com\/pt-pt\/wp-content\/uploads\/sites\/8\/2025\/08\/2nd_generation_-_Efficiency1-scaled-1.jpg\" alt=\"\" width=\"700\" height=\"436\" srcset=\"https:\/\/www.teka.com\/pt-pt\/wp-content\/uploads\/sites\/8\/2025\/08\/2nd_generation_-_Efficiency1-scaled-1.jpg 700w, https:\/\/www.teka.com\/pt-pt\/wp-content\/uploads\/sites\/8\/2025\/08\/2nd_generation_-_Efficiency1-scaled-1-480x299.jpg 480w\" sizes=\"(min-width: 0px) and (max-width: 480px) 480px, (min-width: 481px) 700px, 100vw\" \/><\/h3>\n<h3 data-start=\"4737\" data-end=\"4789\"><strong data-start=\"4741\" data-end=\"4789\">Em resumo: quanto tempo dura um frigor\u00edfico?<\/strong><\/h3>\n<p data-start=\"4791\" data-end=\"4987\">Um frigor\u00edfico pode durar entre <strong data-start=\"4823\" data-end=\"4839\">10 e 15 anos<\/strong>, mas a <strong>efici\u00eancia<\/strong> e o <strong>desempenho<\/strong> n\u00e3o s\u00e3o eternos.<\/p>\n<p data-start=\"4989\" data-end=\"5325\">Se o frigor\u00edfico j\u00e1 tiver mais de uma d\u00e9cada, conv\u00e9m observar como est\u00e1 a funcionar, quanto consome e se continua a ser adequado ao estilo de vida. Pode sempre ser reaproveitado numa casa de f\u00e9rias ou de campo, onde as exig\u00eancias s\u00e3o menores. E, como referido, uma simples <strong>repara\u00e7\u00e3o<\/strong> pode prolongar-lhe a vida sem grandes complica\u00e7\u00f5es.<\/p>\n<p data-start=\"5327\" data-end=\"5669\">Por outro lado, investir num modelo<strong data-start=\"5356\" data-end=\"5401\"> moderno, eficiente e bem desenhado<\/strong> pode ser muito mais rent\u00e1vel do que parece. Hoje, existem frigor\u00edficos que preservam melhor os alimentos, consomem menos energia e t\u00eam maior durabilidade. E se, al\u00e9m disso, oferecerem at\u00e9 <strong data-start=\"5590\" data-end=\"5613\">10 anos de garantia<\/strong>, como acontece em algumas gamas atuais, tanto melhor.<\/p>\n","protected":false},"excerpt":{"rendered":"<p>Comprar um frigor\u00edfico novo \u00e9 sempre uma aventura. Durante anos, nem se pensa no assunto, at\u00e9 que come\u00e7am a surgir falhas e chega o momento de folhear cat\u00e1logos ou pesquisar na internet em busca de um poss\u00edvel substituto. Afinal, \u00e9 normal s\u00f3 se lembrar de \u201cS\u00e3o Pedro quando chove\u201d. No pior dos cen\u00e1rios, o frigor\u00edfico [&hellip;]<\/p>\n","protected":false},"author":131,"featured_media":126337,"comment_status":"open","ping_status":"open","sticky":false,"template":"","format":"standard","meta":{"_acf_changed":false,"_et_pb_use_builder":"","_et_pb_old_content":"","_et_gb_content_width":"","footnotes":""},"categories":[595],"tags":[422778,422801,422802,422903,422905,422913,422931,423404],"class_list":["post-126336","post","type-post","status-publish","format-standard","has-post-thumbnail","hentry","category-inovacao","tag-teka","tag-energia","tag-etiquetas-energeticas","tag-electrodomesticos-inteligentes","tag-poupar-energia","tag-cozinha","tag-frigorifico","tag-solucoes-cozinhas"],"acf":[],"yoast_head":"<!-- This site is optimized with the Yoast SEO plugin v27.5 - https:\/\/yoast.com\/product\/yoast-seo-wordpress\/ -->\n<title>Quanto tempo dura um frigor\u00edfico? | Teka Portugal<\/title>\n<meta name=\"description\" content=\"Descubra quanto tempo dura normalmente um frigor\u00edfico e o que se pode fazer para prolongar ao m\u00e1ximo a vida \u00fatil do que j\u00e1 tem.\" \/>\n<meta name=\"robots\" content=\"index, follow, max-snippet:-1, max-image-preview:large, max-video-preview:-1\" \/>\n<link rel=\"canonical\" href=\"https:\/\/www.teka.com\/pt-pt\/inspiracao\/inovacao\/quanto-tempo-dura-um-frigorifico\/\" \/>\n<meta property=\"og:locale\" content=\"pt_PT\" \/>\n<meta property=\"og:type\" content=\"article\" \/>\n<meta property=\"og:title\" content=\"Quanto tempo dura um frigor\u00edfico? | Teka Portugal\" \/>\n<meta property=\"og:description\" content=\"Descubra quanto tempo dura normalmente um frigor\u00edfico e o que se pode fazer para prolongar ao m\u00e1ximo a vida \u00fatil do que j\u00e1 tem.\" \/>\n<meta property=\"og:url\" content=\"https:\/\/www.teka.com\/pt-pt\/inspiracao\/inovacao\/quanto-tempo-dura-um-frigorifico\/\" \/>\n<meta property=\"og:site_name\" content=\"Teka Portugal\" \/>\n<meta property=\"article:published_time\" content=\"2025-08-20T15:39:47+00:00\" \/>\n<meta property=\"article:modified_time\" content=\"2025-09-17T11:46:40+00:00\" \/>\n<meta property=\"og:image\" content=\"https:\/\/www.teka.com\/pt-pt\/wp-content\/uploads\/sites\/8\/2025\/08\/Nueva-Generacion-Combis-Teka-ES-1.jpg\" \/>\n\t<meta property=\"og:image:width\" content=\"1300\" \/>\n\t<meta property=\"og:image:height\" content=\"395\" \/>\n\t<meta property=\"og:image:type\" content=\"image\/jpeg\" \/>\n<meta name=\"author\" content=\"bruna\" \/>\n<meta name=\"twitter:card\" content=\"summary_large_image\" \/>\n<meta name=\"twitter:label1\" content=\"Escrito por\" \/>\n\t<meta name=\"twitter:data1\" content=\"bruna\" \/>\n\t<meta name=\"twitter:label2\" content=\"Tempo estimado de leitura\" \/>\n\t<meta name=\"twitter:data2\" content=\"7 minutos\" \/>\n<script type=\"application\/ld+json\" class=\"yoast-schema-graph\">{\"@context\":\"https:\\\/\\\/schema.org\",\"@graph\":[{\"@type\":\"Article\",\"@id\":\"https:\\\/\\\/www.teka.com\\\/pt-pt\\\/inspiracao\\\/inovacao\\\/quanto-tempo-dura-um-frigorifico\\\/#article\",\"isPartOf\":{\"@id\":\"https:\\\/\\\/www.teka.com\\\/pt-pt\\\/inspiracao\\\/inovacao\\\/quanto-tempo-dura-um-frigorifico\\\/\"},\"author\":{\"name\":\"bruna\",\"@id\":\"https:\\\/\\\/www.teka.com\\\/pt-pt\\\/#\\\/schema\\\/person\\\/95bfe5065d9b51b6291bac59d013c584\"},\"headline\":\"Quanto tempo dura um frigor\u00edfico?\",\"datePublished\":\"2025-08-20T15:39:47+00:00\",\"dateModified\":\"2025-09-17T11:46:40+00:00\",\"mainEntityOfPage\":{\"@id\":\"https:\\\/\\\/www.teka.com\\\/pt-pt\\\/inspiracao\\\/inovacao\\\/quanto-tempo-dura-um-frigorifico\\\/\"},\"wordCount\":938,\"commentCount\":0,\"image\":{\"@id\":\"https:\\\/\\\/www.teka.com\\\/pt-pt\\\/inspiracao\\\/inovacao\\\/quanto-tempo-dura-um-frigorifico\\\/#primaryimage\"},\"thumbnailUrl\":\"https:\\\/\\\/www.teka.com\\\/pt-pt\\\/wp-content\\\/uploads\\\/sites\\\/8\\\/2025\\\/08\\\/Nueva-Generacion-Combis-Teka-ES-1.jpg\",\"keywords\":[\"teka\",\"energia\",\"etiquetas energ\u00e9ticas\",\"electrodom\u00e9sticos inteligentes\",\"poupar energia\",\"cozinha\",\"frigor\u00edfico\",\"solu\u00e7\u00f5es cozinhas\"],\"articleSection\":[\"Inova\u00e7\u00e3o\"],\"inLanguage\":\"pt-PT\",\"potentialAction\":[{\"@type\":\"CommentAction\",\"name\":\"Comment\",\"target\":[\"https:\\\/\\\/www.teka.com\\\/pt-pt\\\/inspiracao\\\/inovacao\\\/quanto-tempo-dura-um-frigorifico\\\/#respond\"]}]},{\"@type\":\"WebPage\",\"@id\":\"https:\\\/\\\/www.teka.com\\\/pt-pt\\\/inspiracao\\\/inovacao\\\/quanto-tempo-dura-um-frigorifico\\\/\",\"url\":\"https:\\\/\\\/www.teka.com\\\/pt-pt\\\/inspiracao\\\/inovacao\\\/quanto-tempo-dura-um-frigorifico\\\/\",\"name\":\"Quanto tempo dura um frigor\u00edfico? | Teka Portugal\",\"isPartOf\":{\"@id\":\"https:\\\/\\\/www.teka.com\\\/pt-pt\\\/#website\"},\"primaryImageOfPage\":{\"@id\":\"https:\\\/\\\/www.teka.com\\\/pt-pt\\\/inspiracao\\\/inovacao\\\/quanto-tempo-dura-um-frigorifico\\\/#primaryimage\"},\"image\":{\"@id\":\"https:\\\/\\\/www.teka.com\\\/pt-pt\\\/inspiracao\\\/inovacao\\\/quanto-tempo-dura-um-frigorifico\\\/#primaryimage\"},\"thumbnailUrl\":\"https:\\\/\\\/www.teka.com\\\/pt-pt\\\/wp-content\\\/uploads\\\/sites\\\/8\\\/2025\\\/08\\\/Nueva-Generacion-Combis-Teka-ES-1.jpg\",\"datePublished\":\"2025-08-20T15:39:47+00:00\",\"dateModified\":\"2025-09-17T11:46:40+00:00\",\"author\":{\"@id\":\"https:\\\/\\\/www.teka.com\\\/pt-pt\\\/#\\\/schema\\\/person\\\/95bfe5065d9b51b6291bac59d013c584\"},\"description\":\"Descubra quanto tempo dura normalmente um frigor\u00edfico e o que se pode fazer para prolongar ao m\u00e1ximo a vida \u00fatil do que j\u00e1 tem.\",\"breadcrumb\":{\"@id\":\"https:\\\/\\\/www.teka.com\\\/pt-pt\\\/inspiracao\\\/inovacao\\\/quanto-tempo-dura-um-frigorifico\\\/#breadcrumb\"},\"inLanguage\":\"pt-PT\",\"potentialAction\":[{\"@type\":\"ReadAction\",\"target\":[\"https:\\\/\\\/www.teka.com\\\/pt-pt\\\/inspiracao\\\/inovacao\\\/quanto-tempo-dura-um-frigorifico\\\/\"]}]},{\"@type\":\"ImageObject\",\"inLanguage\":\"pt-PT\",\"@id\":\"https:\\\/\\\/www.teka.com\\\/pt-pt\\\/inspiracao\\\/inovacao\\\/quanto-tempo-dura-um-frigorifico\\\/#primaryimage\",\"url\":\"https:\\\/\\\/www.teka.com\\\/pt-pt\\\/wp-content\\\/uploads\\\/sites\\\/8\\\/2025\\\/08\\\/Nueva-Generacion-Combis-Teka-ES-1.jpg\",\"contentUrl\":\"https:\\\/\\\/www.teka.com\\\/pt-pt\\\/wp-content\\\/uploads\\\/sites\\\/8\\\/2025\\\/08\\\/Nueva-Generacion-Combis-Teka-ES-1.jpg\",\"width\":1300,\"height\":395},{\"@type\":\"BreadcrumbList\",\"@id\":\"https:\\\/\\\/www.teka.com\\\/pt-pt\\\/inspiracao\\\/inovacao\\\/quanto-tempo-dura-um-frigorifico\\\/#breadcrumb\",\"itemListElement\":[{\"@type\":\"ListItem\",\"position\":1,\"name\":\"Home\",\"item\":\"https:\\\/\\\/www.teka.com\\\/pt-pt\\\/\"},{\"@type\":\"ListItem\",\"position\":2,\"name\":\"Quanto tempo dura um frigor\u00edfico?\"}]},{\"@type\":\"WebSite\",\"@id\":\"https:\\\/\\\/www.teka.com\\\/pt-pt\\\/#website\",\"url\":\"https:\\\/\\\/www.teka.com\\\/pt-pt\\\/\",\"name\":\"Teka Portugal\",\"description\":\"\",\"potentialAction\":[{\"@type\":\"SearchAction\",\"target\":{\"@type\":\"EntryPoint\",\"urlTemplate\":\"https:\\\/\\\/www.teka.com\\\/pt-pt\\\/?s={search_term_string}\"},\"query-input\":{\"@type\":\"PropertyValueSpecification\",\"valueRequired\":true,\"valueName\":\"search_term_string\"}}],\"inLanguage\":\"pt-PT\"},{\"@type\":\"Person\",\"@id\":\"https:\\\/\\\/www.teka.com\\\/pt-pt\\\/#\\\/schema\\\/person\\\/95bfe5065d9b51b6291bac59d013c584\",\"name\":\"bruna\",\"image\":{\"@type\":\"ImageObject\",\"inLanguage\":\"pt-PT\",\"@id\":\"https:\\\/\\\/secure.gravatar.com\\\/avatar\\\/e7d2ae62e11abcd430d48345c39005ad56fed9447dcfeb8348b66a11d5f8d2ac?s=96&d=mm&r=g\",\"url\":\"https:\\\/\\\/secure.gravatar.com\\\/avatar\\\/e7d2ae62e11abcd430d48345c39005ad56fed9447dcfeb8348b66a11d5f8d2ac?s=96&d=mm&r=g\",\"contentUrl\":\"https:\\\/\\\/secure.gravatar.com\\\/avatar\\\/e7d2ae62e11abcd430d48345c39005ad56fed9447dcfeb8348b66a11d5f8d2ac?s=96&d=mm&r=g\",\"caption\":\"bruna\"}}]}<\/script>\n<!-- \/ Yoast SEO plugin. -->","yoast_head_json":{"title":"Quanto tempo dura um frigor\u00edfico? | Teka Portugal","description":"Descubra quanto tempo dura normalmente um frigor\u00edfico e o que se pode fazer para prolongar ao m\u00e1ximo a vida \u00fatil do que j\u00e1 tem.","robots":{"index":"index","follow":"follow","max-snippet":"max-snippet:-1","max-image-preview":"max-image-preview:large","max-video-preview":"max-video-preview:-1"},"canonical":"https:\/\/www.teka.com\/pt-pt\/inspiracao\/inovacao\/quanto-tempo-dura-um-frigorifico\/","og_locale":"pt_PT","og_type":"article","og_title":"Quanto tempo dura um frigor\u00edfico? | Teka Portugal","og_description":"Descubra quanto tempo dura normalmente um frigor\u00edfico e o que se pode fazer para prolongar ao m\u00e1ximo a vida \u00fatil do que j\u00e1 tem.","og_url":"https:\/\/www.teka.com\/pt-pt\/inspiracao\/inovacao\/quanto-tempo-dura-um-frigorifico\/","og_site_name":"Teka Portugal","article_published_time":"2025-08-20T15:39:47+00:00","article_modified_time":"2025-09-17T11:46:40+00:00","og_image":[{"width":1300,"height":395,"url":"https:\/\/www.teka.com\/pt-pt\/wp-content\/uploads\/sites\/8\/2025\/08\/Nueva-Generacion-Combis-Teka-ES-1.jpg","type":"image\/jpeg"}],"author":"bruna","twitter_card":"summary_large_image","twitter_misc":{"Escrito por":"bruna","Tempo estimado de leitura":"7 minutos"},"schema":{"@context":"https:\/\/schema.org","@graph":[{"@type":"Article","@id":"https:\/\/www.teka.com\/pt-pt\/inspiracao\/inovacao\/quanto-tempo-dura-um-frigorifico\/#article","isPartOf":{"@id":"https:\/\/www.teka.com\/pt-pt\/inspiracao\/inovacao\/quanto-tempo-dura-um-frigorifico\/"},"author":{"name":"bruna","@id":"https:\/\/www.teka.com\/pt-pt\/#\/schema\/person\/95bfe5065d9b51b6291bac59d013c584"},"headline":"Quanto tempo dura um frigor\u00edfico?","datePublished":"2025-08-20T15:39:47+00:00","dateModified":"2025-09-17T11:46:40+00:00","mainEntityOfPage":{"@id":"https:\/\/www.teka.com\/pt-pt\/inspiracao\/inovacao\/quanto-tempo-dura-um-frigorifico\/"},"wordCount":938,"commentCount":0,"image":{"@id":"https:\/\/www.teka.com\/pt-pt\/inspiracao\/inovacao\/quanto-tempo-dura-um-frigorifico\/#primaryimage"},"thumbnailUrl":"https:\/\/www.teka.com\/pt-pt\/wp-content\/uploads\/sites\/8\/2025\/08\/Nueva-Generacion-Combis-Teka-ES-1.jpg","keywords":["teka","energia","etiquetas energ\u00e9ticas","electrodom\u00e9sticos inteligentes","poupar energia","cozinha","frigor\u00edfico","solu\u00e7\u00f5es cozinhas"],"articleSection":["Inova\u00e7\u00e3o"],"inLanguage":"pt-PT","potentialAction":[{"@type":"CommentAction","name":"Comment","target":["https:\/\/www.teka.com\/pt-pt\/inspiracao\/inovacao\/quanto-tempo-dura-um-frigorifico\/#respond"]}]},{"@type":"WebPage","@id":"https:\/\/www.teka.com\/pt-pt\/inspiracao\/inovacao\/quanto-tempo-dura-um-frigorifico\/","url":"https:\/\/www.teka.com\/pt-pt\/inspiracao\/inovacao\/quanto-tempo-dura-um-frigorifico\/","name":"Quanto tempo dura um frigor\u00edfico? | Teka Portugal","isPartOf":{"@id":"https:\/\/www.teka.com\/pt-pt\/#website"},"primaryImageOfPage":{"@id":"https:\/\/www.teka.com\/pt-pt\/inspiracao\/inovacao\/quanto-tempo-dura-um-frigorifico\/#primaryimage"},"image":{"@id":"https:\/\/www.teka.com\/pt-pt\/inspiracao\/inovacao\/quanto-tempo-dura-um-frigorifico\/#primaryimage"},"thumbnailUrl":"https:\/\/www.teka.com\/pt-pt\/wp-content\/uploads\/sites\/8\/2025\/08\/Nueva-Generacion-Combis-Teka-ES-1.jpg","datePublished":"2025-08-20T15:39:47+00:00","dateModified":"2025-09-17T11:46:40+00:00","author":{"@id":"https:\/\/www.teka.com\/pt-pt\/#\/schema\/person\/95bfe5065d9b51b6291bac59d013c584"},"description":"Descubra quanto tempo dura normalmente um frigor\u00edfico e o que se pode fazer para prolongar ao m\u00e1ximo a vida \u00fatil do que j\u00e1 tem.","breadcrumb":{"@id":"https:\/\/www.teka.com\/pt-pt\/inspiracao\/inovacao\/quanto-tempo-dura-um-frigorifico\/#breadcrumb"},"inLanguage":"pt-PT","potentialAction":[{"@type":"ReadAction","target":["https:\/\/www.teka.com\/pt-pt\/inspiracao\/inovacao\/quanto-tempo-dura-um-frigorifico\/"]}]},{"@type":"ImageObject","inLanguage":"pt-PT","@id":"https:\/\/www.teka.com\/pt-pt\/inspiracao\/inovacao\/quanto-tempo-dura-um-frigorifico\/#primaryimage","url":"https:\/\/www.teka.com\/pt-pt\/wp-content\/uploads\/sites\/8\/2025\/08\/Nueva-Generacion-Combis-Teka-ES-1.jpg","contentUrl":"https:\/\/www.teka.com\/pt-pt\/wp-content\/uploads\/sites\/8\/2025\/08\/Nueva-Generacion-Combis-Teka-ES-1.jpg","width":1300,"height":395},{"@type":"BreadcrumbList","@id":"https:\/\/www.teka.com\/pt-pt\/inspiracao\/inovacao\/quanto-tempo-dura-um-frigorifico\/#breadcrumb","itemListElement":[{"@type":"ListItem","position":1,"name":"Home","item":"https:\/\/www.teka.com\/pt-pt\/"},{"@type":"ListItem","position":2,"name":"Quanto tempo dura um frigor\u00edfico?"}]},{"@type":"WebSite","@id":"https:\/\/www.teka.com\/pt-pt\/#website","url":"https:\/\/www.teka.com\/pt-pt\/","name":"Teka Portugal","description":"","potentialAction":[{"@type":"SearchAction","target":{"@type":"EntryPoint","urlTemplate":"https:\/\/www.teka.com\/pt-pt\/?s={search_term_string}"},"query-input":{"@type":"PropertyValueSpecification","valueRequired":true,"valueName":"search_term_string"}}],"inLanguage":"pt-PT"},{"@type":"Person","@id":"https:\/\/www.teka.com\/pt-pt\/#\/schema\/person\/95bfe5065d9b51b6291bac59d013c584","name":"bruna","image":{"@type":"ImageObject","inLanguage":"pt-PT","@id":"https:\/\/secure.gravatar.com\/avatar\/e7d2ae62e11abcd430d48345c39005ad56fed9447dcfeb8348b66a11d5f8d2ac?s=96&d=mm&r=g","url":"https:\/\/secure.gravatar.com\/avatar\/e7d2ae62e11abcd430d48345c39005ad56fed9447dcfeb8348b66a11d5f8d2ac?s=96&d=mm&r=g","contentUrl":"https:\/\/secure.gravatar.com\/avatar\/e7d2ae62e11abcd430d48345c39005ad56fed9447dcfeb8348b66a11d5f8d2ac?s=96&d=mm&r=g","caption":"bruna"}}]}},"_links":{"self":[{"href":"https:\/\/www.teka.com\/pt-pt\/wp-json\/wp\/v2\/posts\/126336","targetHints":{"allow":["GET"]}}],"collection":[{"href":"https:\/\/www.teka.com\/pt-pt\/wp-json\/wp\/v2\/posts"}],"about":[{"href":"https:\/\/www.teka.com\/pt-pt\/wp-json\/wp\/v2\/types\/post"}],"author":[{"embeddable":true,"href":"https:\/\/www.teka.com\/pt-pt\/wp-json\/wp\/v2\/users\/131"}],"replies":[{"embeddable":true,"href":"https:\/\/www.teka.com\/pt-pt\/wp-json\/wp\/v2\/comments?post=126336"}],"version-history":[{"count":7,"href":"https:\/\/www.teka.com\/pt-pt\/wp-json\/wp\/v2\/posts\/126336\/revisions"}],"predecessor-version":[{"id":126460,"href":"https:\/\/www.teka.com\/pt-pt\/wp-json\/wp\/v2\/posts\/126336\/revisions\/126460"}],"wp:featuredmedia":[{"embeddable":true,"href":"https:\/\/www.teka.com\/pt-pt\/wp-json\/wp\/v2\/media\/126337"}],"wp:attachment":[{"href":"https:\/\/www.teka.com\/pt-pt\/wp-json\/wp\/v2\/media?parent=126336"}],"wp:term":[{"taxonomy":"category","embeddable":true,"href":"https:\/\/www.teka.com\/pt-pt\/wp-json\/wp\/v2\/categories?post=126336"},{"taxonomy":"post_tag","embeddable":true,"href":"https:\/\/www.teka.com\/pt-pt\/wp-json\/wp\/v2\/tags?post=126336"}],"curies":[{"name":"wp","href":"https:\/\/api.w.org\/{rel}","templated":true}]}}